{"id":134222,"date":"2026-01-10T22:28:09","date_gmt":"2026-01-10T22:28:09","guid":{"rendered":"https:\/\/www.europesays.com\/no\/134222\/"},"modified":"2026-01-10T22:28:09","modified_gmt":"2026-01-10T22:28:09","slug":"pa-vei-til-hoyden-med-emil-iversen","status":"publish","type":"post","link":"https:\/\/www.europesays.com\/no\/134222\/","title":{"rendered":"P\u00e5 vei til h\u00f8yden med Emil Iversen"},"content":{"rendered":"\n<p class=\"_lead_o9xde_2 _lead_xtcu6_50 layout-component text-serif-m layout-normal text-serif-l layout-component layout-wide layout-padded _wide_17hqh_1 layout-padded\">Johannes H\u00f8sflot Kl\u00e6bo (29) utfordrer langrennsledelsen knappe fire uker f\u00f8r OL starter. <\/p>\n<p><img alt=\"P\u00c5 VEI TIL H\u00d8YDEN: Johannes H\u00f8sflot Kl\u00e6bo (t.h.) vant Tour de Ski sist helg, Emil Iversen ble nummer fem sammenlagt. N\u00e5 er begge p\u00e5 vei til Italia for \u00e5 trene f\u00f8r OL.  Foto: Terje Pedersen \/ NTB\" class=\"_image_qp4xg_65 layout-component layout-wide\" data-fullscreen- data-track-element-type=\"Article image fullscreen\" data-track-name=\"ImageFullscreen\" fetchpriority=\"high\" decoding=\"sync\" loading=\"eager\" height=\"2935\" itemprop=\"image\"  src=\"https:\/\/www.europesays.com\/no\/wp-content\/uploads\/2026\/01\/70900754-4f93-425d-81fb-2c44ec4439b0.png\"  style=\"object-position:0% 0%\" width=\"4403\"\/>P\u00c5 VEI TIL H\u00d8YDEN: Johannes H\u00f8sflot Kl\u00e6bo (t.h.) vant Tour de Ski sist helg, Emil Iversen ble nummer fem sammenlagt. N\u00e5 er begge p\u00e5 vei til Italia for \u00e5 trene f\u00f8r OL.  Foto: Terje Pedersen \/ NTB<\/p>\n<ul aria-hidden=\"true\" class=\"_images_ntbth_112\">\n<li><a class=\"_link_ntbth_117\" href=\"https:\/\/www.vg.no\/forfatter\/camilla-vesteng\" style=\"z-index:1\" title=\"Camilla Vesteng\" rel=\"nofollow noopener\" target=\"_blank\"><img alt=\"Bilde av Camilla Vesteng\" class=\"_image_ntbth_93\" fetchpriority=\"low\" loading=\"lazy\" decoding=\"async\" itemprop=\"image\"  src=\"https:\/\/www.europesays.com\/no\/wp-content\/uploads\/2026\/01\/1768084089_304_ab49df32-fc16-44e1-a56a-ce5ad5bd90d2.jpeg\"  width=\"480\"\/><\/a><\/li>\n<\/ul>\n<p> Oppdatert l\u00f8rdag 10. januar kl. 22:09    <\/p>\n<ul class=\"_list_o9xde_3 _list_64s2r_85 _unordered_o9xde_106 text-sans-m\">\n<li class=\"_item_o9xde_30\">Johannes H\u00f8sflot Kl\u00e6bo presser langrennsledelsen fire uker f\u00f8r OL, under idrettsgallaen. <\/li>\n<li class=\"_item_o9xde_30\">L\u00f8peren mener Emil Iversen m\u00e5 til OL etter sterke resultater.<\/li>\n<li class=\"_item_o9xde_30\">Iversen ble ikke tatt ut til OL til tross for god innsats i Tour de Ski og verdenscupen. <\/li>\n<li class=\"_item_o9xde_30\">Landslagstrener Eirik Myhr Nossum er vant til utfordringer ved uttak.<\/li>\n<\/ul>\n<p>Vis mer <\/p>\n<p class=\"_paragraph_o9xde_4 _paragraph_xtcu6_10 layout-component text-serif-m layout-normal text-serif-m layout-padded\">Mens prisregnet traff det ypperste av det Norge har \u00e5 by p\u00e5 innen idrett, etter at Erling Braut Haaland hadde f\u00e5tt to priser og like f\u00f8r St\u00e5le Solbakken ble k\u00e5ret til \u00c5rets trener, s\u00e5 tok NRK inn Johannes H\u00f8sflot Kl\u00e6bo, som filmet seg selv p\u00e5 vei til gaten p\u00e5 Gardermoen under Idrettsgallaen.<\/p>\n<p class=\"_paragraph_o9xde_4 _paragraph_xtcu6_10 layout-component text-serif-m layout-normal text-serif-m layout-padded\"><strong class=\"_strong_o9xde_25\">\u2013 Da er jeg p\u00e5 vei til Lavaz\u00e9 og h\u00f8yden. Siste forberedelser til OL, s\u00e5 ser jeg det er blitt med en annen ogs\u00e5, sier Kl\u00e6bo under NRKs sending l\u00f8rdag kveld.<\/strong><\/p>\n<p class=\"_paragraph_o9xde_4 _paragraph_xtcu6_10 layout-component text-serif-m layout-normal text-serif-m layout-padded\">Ved siden av ham gikk en sm\u00f8rblid <a href=\"https:\/\/www.vg.no\/tag\/emil-iversen?utm_source=vg-article&amp;utm_medium=auto-tagger&amp;utm_campaign=0pKGmJ\" class=\"_link_o9xde_39\" rel=\"nofollow noopener\" target=\"_blank\">Emil Iversen<\/a> (34). For fire dager ble det klart at <a href=\"https:\/\/www.vg.no\/sport\/i\/GxGVam\/stenshagen-fikk-droemmebeskjeden-iversen-fortsatt-ikke-tatt-ut\" data-track-element-type=\"Link\" data-track-id=\"link:GxGVam\" class=\"_link_o9xde_39\" rel=\"nofollow noopener\" target=\"_blank\">Mattis Stenshagen fikk OL-plass<\/a> etter innsatsen i Tour de Ski og verdenscupen, mens Iversens navn ikke var p\u00e5 OL-listen. Seks av \u00e5tte herreplasser i langrenn er tatt. <\/p>\n<p class=\"_paragraph_o9xde_4 _paragraph_xtcu6_10 layout-component text-serif-m layout-normal text-serif-m layout-padded\"><strong class=\"_strong_o9xde_25\">\u2013 Jeg har sluttet \u00e5 bli overrasket over uttak. De trenger ikke gj\u00f8re det vanskeligere enn det det er. Emil er god nok for OL, sa Stenshagen til VG da.<\/strong><\/p>\n<p class=\"_paragraph_o9xde_4 _paragraph_xtcu6_10 layout-component text-serif-m layout-normal text-serif-m layout-padded\">Stenshagen g\u00e5r ikke NM, for \u00e5 stille best mulig forberedt til OL. Ogs\u00e5 <a href=\"https:\/\/www.vg.no\/sport\/i\/V6bWW1\/adressa-langrennsprofilen-emil-iversen-staar-over-nm\" data-track-element-type=\"Link\" data-track-id=\"link:V6bWW1\" class=\"_link_o9xde_39\" rel=\"nofollow noopener\" target=\"_blank\">Iversen dropper NM<\/a>, og lader opp som om han skal til OL. <\/p>\n<p class=\"_paragraph_o9xde_4 _paragraph_xtcu6_10 layout-component text-serif-m layout-normal text-serif-m layout-padded\">N\u00e5 g\u00e5r den st\u00f8rste stjernen av dem alle, Kl\u00e6bo, rett i strupen p\u00e5 landslagsledelsen. <\/p>\n<p class=\"_paragraph_o9xde_4 _paragraph_xtcu6_10 layout-component text-serif-m layout-normal text-serif-m layout-padded\">\u2013 S\u00e5 da regner vi med han skal til OL ogs\u00e5. Det har fungert s\u00e5 bra til n\u00e5, s\u00e5 da blir det Emil med til h\u00f8yden, sier Kl\u00e6bo. <\/p>\n<p class=\"_paragraph_o9xde_4 _paragraph_xtcu6_10 layout-component text-serif-m layout-normal text-serif-m layout-padded\">Emil Iversen viser tommel opp. Det er kjempestemning p\u00e5 Gardermoen. Begge ser i kamera og forteller at de g\u00e5r for gull. Iversen poengterer at landslagstrener Eirik Myhr Nossum har telefonnummeret hans. <\/p>\n<p class=\"_paragraph_o9xde_4 _paragraph_xtcu6_10 layout-component text-serif-m layout-normal text-serif-m layout-padded\"><strong class=\"_strong_o9xde_25\">Kl\u00e6bo tok seks av seks VM-gull i Trondheim for snart ett \u00e5r siden. Og han legger s\u00e5 stort press han kan p\u00e5 landslagsledelsen for \u00e5 f\u00e5 med treningskamerat og kompis Iversen til OL. <\/strong><\/p>\n<p class=\"_paragraph_o9xde_4 _paragraph_xtcu6_10 layout-component text-serif-m layout-normal text-serif-m layout-padded\">\u2013 S\u00e5nn g\u00e5r l\u00f8rdagskvelden for langrennsl\u00f8pere som skal til OL, sier Kl\u00e6bo ved siden av Iversen. <\/p>\n<p class=\"_paragraph_o9xde_4 _paragraph_xtcu6_10 layout-component text-serif-m layout-normal text-serif-m layout-padded\">Kl\u00e6bo har invitert Iversen med p\u00e5 sitt treningsregime denne sesongen. Etter 3. plassen i verdenscupen i Trondheim i desember gr\u00e5t han og takket Kl\u00e6bo for all hjelp. <\/p>\n<p class=\"_paragraph_o9xde_4 _paragraph_xtcu6_10 layout-component text-serif-m layout-normal text-serif-m layout-padded\">For etter noen stusselige sesonger, s\u00e5 har Iversen levert helt i toppen denne sesongen. <\/p>\n<p class=\"_paragraph_o9xde_4 _paragraph_xtcu6_10 layout-component text-serif-m layout-normal text-serif-m layout-padded\">Og da han var tilbake, s\u00e5 ble det uttaksbr\u00e5k fra f\u00f8rste sekund.<\/p>\n<p class=\"_paragraph_o9xde_4 _paragraph_xtcu6_10 layout-component text-serif-m layout-normal text-serif-m layout-padded\">Men etter solid innsats i verdenscupen i Trondheim og Davos, s\u00e5 ble han tatt ut til Tour de Ski. Der ble han nummer fem sammenlagt i Tour de Ski og nummer tre opp monsterbakken p\u00e5 den avsluttende etappen. Han fikk ogs\u00e5 en pallplass p\u00e5 den andre etappen i Tour de Ski. <\/p>\n<p class=\"_paragraph_o9xde_4 _paragraph_xtcu6_10 layout-component text-serif-m layout-normal text-serif-m layout-padded\"><strong class=\"_strong_o9xde_25\">Programleder for Idrettsgallaen Erik Solbakken sier til landslagstrener Eirik Myhr Nossum at \u00abKnoll og Tott\u00bb ikke gj\u00f8r det lett for ham n\u00e5. <\/strong><\/p>\n<p class=\"_paragraph_o9xde_4 _paragraph_xtcu6_10 layout-component text-serif-m layout-normal text-serif-m layout-padded\">\u2013 Vi er godt vant til at folk gj\u00f8r det vanskelig for oss. S\u00e5 det har vi god trening i, sier Nossum.  <\/p>\n","protected":false},"excerpt":{"rendered":"Johannes H\u00f8sflot Kl\u00e6bo (29) utfordrer langrennsledelsen knappe fire uker f\u00f8r OL starter. P\u00c5 VEI TIL H\u00d8YDEN: Johannes H\u00f8sflot&hellip;\n","protected":false},"author":2,"featured_media":134223,"comment_status":"","ping_status":"","sticky":false,"template":"","format":"standard","meta":{"footnotes":""},"categories":[5],"tags":[20,21,3647,24,25,15,19,711,22,23,17,18,13,30,28,29,14,10469,16,26,27],"class_list":{"0":"post-134222","1":"post","2":"type-post","3":"status-publish","4":"format-standard","5":"has-post-thumbnail","7":"category-overskrifter","8":"tag-breaking-news","9":"tag-breakingnews","10":"tag-emil-iversen","11":"tag-featured-news","12":"tag-featurednews","13":"tag-headlines","14":"tag-hovedoppslag","15":"tag-johannes-hosflot-klaebo","16":"tag-latest-news","17":"tag-latestnews","18":"tag-main-news","19":"tag-mainnews","20":"tag-news","21":"tag-no","22":"tag-norge","23":"tag-norway","24":"tag-nyheter","25":"tag-ol-2026","26":"tag-overskrifter","27":"tag-top-stories","28":"tag-topstories"},"share_on_mastodon":{"url":"https:\/\/pubeurope.com\/@no\/115873166538231079","error":""},"_links":{"self":[{"href":"https:\/\/www.europesays.com\/no\/wp-json\/wp\/v2\/posts\/134222","targetHints":{"allow":["GET"]}}],"collection":[{"href":"https:\/\/www.europesays.com\/no\/wp-json\/wp\/v2\/posts"}],"about":[{"href":"https:\/\/www.europesays.com\/no\/wp-json\/wp\/v2\/types\/post"}],"author":[{"embeddable":true,"href":"https:\/\/www.europesays.com\/no\/wp-json\/wp\/v2\/users\/2"}],"replies":[{"embeddable":true,"href":"https:\/\/www.europesays.com\/no\/wp-json\/wp\/v2\/comments?post=134222"}],"version-history":[{"count":0,"href":"https:\/\/www.europesays.com\/no\/wp-json\/wp\/v2\/posts\/134222\/revisions"}],"wp:featuredmedia":[{"embeddable":true,"href":"https:\/\/www.europesays.com\/no\/wp-json\/wp\/v2\/media\/134223"}],"wp:attachment":[{"href":"https:\/\/www.europesays.com\/no\/wp-json\/wp\/v2\/media?parent=134222"}],"wp:term":[{"taxonomy":"category","embeddable":true,"href":"https:\/\/www.europesays.com\/no\/wp-json\/wp\/v2\/categories?post=134222"},{"taxonomy":"post_tag","embeddable":true,"href":"https:\/\/www.europesays.com\/no\/wp-json\/wp\/v2\/tags?post=134222"}],"curies":[{"name":"wp","href":"https:\/\/api.w.org\/{rel}","templated":true}]}}