{"id":134224,"date":"2026-01-10T22:29:10","date_gmt":"2026-01-10T22:29:10","guid":{"rendered":"https:\/\/www.europesays.com\/no\/134224\/"},"modified":"2026-01-10T22:29:10","modified_gmt":"2026-01-10T22:29:10","slug":"sport-idrettsgallaen-utrolig-stolte-av-marte","status":"publish","type":"post","link":"https:\/\/www.europesays.com\/no\/134224\/","title":{"rendered":"Sport, Idrettsgallaen | \u2013 Utrolig stolte av Marte"},"content":{"rendered":"\n<p><b>SPORT<\/b>: Marte Elverum (styrkel\u00f8ft) fra Kraftsportklubben Haugesund var nominert til \u00e5rets kvinnelige idrettsut\u00f8ver. Jesper Saltvik Pedersen (alpint) fra \u00c5kra var nominert til \u00e5rets mannlige paraut\u00f8ver.<\/p>\n<p>Det endte med at skytteren Jeanette Hegg Duestad vant prisen som \u00e5rets kvinnelige idrettsut\u00f8ver.<\/p>\n<p>Friidrettsut\u00f8ver Salum Kashafali mottok prisen som \u00e5rets mannlige paraut\u00f8ver.<\/p>\n<p><b>EKSTERN LENKE: <a rel=\"Follow nofollow noopener\" href=\"https:\/\/www.idrettsforbundet.no\/nyheter\/2025\/nominasjonene-til-idrettsgalla-2026\/\" target=\"_blank\">Nominasjonene til idrettsgalla 2026<\/a><\/b><\/p>\n<p>\u2013 Et forbilde mange ser opp til<\/p>\n<p>Marte Elverum er tr\u00f8nder, men har bodd i Haugesund i fire \u00e5r. Hun er b\u00e5de ut\u00f8ver, styreleder og trener i Kraftsportklubben Haugesund.<\/p>\n<p>Klubben sendte l\u00f8rdag kveld f\u00f8lgende melding til Haugesunds Avis:<\/p>\n<p><b>\u00c5 bli nominert til \u00c5rets kvinnelige idrettsut\u00f8ver under \u00e5rets Idrettsgalla er en stor prestasjon i seg selv, og vi i klubben er utrolig stolte av Marte Elverum.<\/b><\/p>\n<p><b>Marte er ikke bare en fremragende ut\u00f8ver, hun er ogs\u00e5 v\u00e5r styreleder, trener og en uvurderlig motivator. Hun ser alle, st\u00e5r for rettferdighet, og stiller alltid opp for b\u00e5de nye og etablerte ut\u00f8vere. Som lagleder reiser hun rundt med v\u00e5re unge h\u00e5pefulle, og hun er et forbilde mange ser opp til, b\u00e5de sportslig og menneskelig.<\/b><\/p>\n<p><b>I tillegg utmerker Marte seg ved sin profesjonalitet. Hun opptrer alltid ryddig, strukturert og m\u00e5lrettet, og representerer b\u00e5de klubb og idrett p\u00e5 en m\u00e5te som skaper respekt og tillit, lokalt, nasjonalt og internasjonalt.<\/b><\/p>\n<p><b>2025 har v\u00e6rt et eksepsjonelt \u00e5r for Marte sportslig. Hun vant et overlegent VM-gull i styrkel\u00f8ft i 76-kilosklassen, med en total p\u00e5 652,5 kilo \u2013 hele 45 kilo foran s\u00f8lvvinneren fra Sverige. Samme \u00e5r tok hun ogs\u00e5 gull i World Games, som arrangeres hvert fjerde \u00e5r, der hun l\u00f8ftet 662,5 kilo. Med dette ble Marte den f\u00f8rste kvinnelige norske styrkel\u00f8fteren i historien til \u00e5 vinne gull i World Games siden oppstarten i 1981.<\/b><\/p>\n<p><b>For oss i klubben er Marte et levende eksempel p\u00e5 hva som er mulig n\u00e5r talent kombineres med hardt arbeid, profesjonalitet og et genuint engasjement for andre.<\/b><\/p>\n<p>Nestleder i Kraftsportklubben Haugesund \u2013 Karen Haugsnes<\/p>\n<p>  <a href=\"https:\/\/www.h-avis.no\/5-62-1910500\" class=\"related-teaser has-image default-story-teaser article--c-eRUmMG article--c-eRUmMG-jKCPdD-design-default\" rel=\"nofollow noopener\" target=\"_blank\"><\/p>\n<p>    <img decoding=\"async\" loading=\"lazy\"  src=\"https:\/\/www.europesays.com\/no\/wp-content\/uploads\/2026\/01\/marte3.jpg\" alt=\"\" class=\"brick-c-cFOWSL\" style=\"\"\/><\/p>\n<p>\n            Les ogs\u00e5<\/p>\n<p>              Marte (34) gikk helt til topps: \u2013 Kan sammenlignes med OL-gull\n        <\/p>\n<p>  <\/a><br \/>\n  Vant prisen i 2023<\/p>\n<p>Karm\u00f8ybuen Jesper Saltvik Pedersen tok gull i slal\u00e5m og s\u00f8lv i storslal\u00e5m i VM. Han vant verdenscupen i slal\u00e5m og han ble nummer to i sammenlagtcupen, f\u00e5 poeng bak nederlenderen Jeroen Kampschreur.<\/p>\n<p>N\u00e5 er 2025\/26-sesongen godt i gang, og Jesper Saltvik Pedersen startet med fire straks seire i verdenscupen.<\/p>\n<p>Han har siden gullfesten i Beijing i 2022 aldri lagt skjul p\u00e5 at Paralympics i Milano og Cortina d&#8217;Ampezzo i Italia 2026 er det langsiktige og store m\u00e5let.<\/p>\n<p>Saltvik Pedersen vant prisen for \u00e5rets paraut\u00f8ver p\u00e5 idrettsgallaen i 2023 for sin 2022-sesong. Med gode prestasjoner i Italia i vinter er han trolig en brennhet kandidat til \u00e5 vinne prisen igjen i 2027.<\/p>\n<p>  <a href=\"https:\/\/www.h-avis.no\/5-62-1960971\" class=\"related-teaser has-image default-story-teaser article--c-eRUmMG article--c-eRUmMG-jKCPdD-design-default\" rel=\"nofollow noopener\" target=\"_blank\"><\/p>\n<p>    <img decoding=\"async\" loading=\"lazy\"  src=\"https:\/\/www.europesays.com\/no\/wp-content\/uploads\/2026\/01\/jesperr2025klokpa.jpg\" alt=\"\" class=\"brick-c-cFOWSL\" style=\"\"\/><\/p>\n<p>\n            Les ogs\u00e5<\/p>\n<p>Jesper om den siste m\u00e5neden: \u2013 Det har v\u00e6rt digg\n        <\/p>\n<p>  <\/a><\/p>\n<p>   <img decoding=\"async\" width=\"5088\" height=\"3392\" fetchpriority=\"low\"  loading=\"lazy\"  src=\"https:\/\/www.europesays.com\/no\/wp-content\/uploads\/2026\/01\/NTB_RKPnQggnJig_1.jpg\" alt=\"Hamar 20260110. &#10;Friidrettsut\u00f8ver Salum Kashafali mottar prisen \u00c5rets mannlige paraut\u00f8ver under Idrettsgallaen i Hamar OL-amfi l\u00f8rdag kveld. Prisen deles ut av Cecilia Br\u00e6khus og Christina Vukicevic.&#10;Foto: Geir Olsen \/ NTB\" class=\"brick-c-cFOWSL\" style=\"--brick-image-ratio: 5088 \/ 3392;\"\/><\/p>\n<p>      \u00c5RETS MANNLIGE PARAUT\u00d8VER: Friidrettsut\u00f8ver Salum Kashafali mottar prisen \u00c5rets mannlige paraut\u00f8ver under Idrettsgallaen i Hamar OL-amfi l\u00f8rdag kveld. Prisen deles ut av Cecilia Br\u00e6khus og Christina Vukicevic.<br \/>\n      Foto: Geir Olsen\/NTB\n    <\/p>\n","protected":false},"excerpt":{"rendered":"SPORT: Marte Elverum (styrkel\u00f8ft) fra Kraftsportklubben Haugesund var nominert til \u00e5rets kvinnelige idrettsut\u00f8ver. Jesper Saltvik Pedersen (alpint) fra&hellip;\n","protected":false},"author":2,"featured_media":134225,"comment_status":"","ping_status":"","sticky":false,"template":"","format":"standard","meta":{"footnotes":""},"categories":[59],"tags":[36,1337,13569,30,28,29,15460,83,82,1510,2149],"class_list":{"0":"post-134224","1":"post","2":"type-post","3":"status-publish","4":"format-standard","5":"has-post-thumbnail","7":"category-sport","8":"tag-art","9":"tag-haugesund","10":"tag-idrettsgallaen","11":"tag-no","12":"tag-norge","13":"tag-norway","14":"tag-para-alpint","15":"tag-sport","16":"tag-sports","17":"tag-story","18":"tag-styrkeloft"},"share_on_mastodon":{"url":"https:\/\/pubeurope.com\/@no\/115873170247999641","error":""},"_links":{"self":[{"href":"https:\/\/www.europesays.com\/no\/wp-json\/wp\/v2\/posts\/134224","targetHints":{"allow":["GET"]}}],"collection":[{"href":"https:\/\/www.europesays.com\/no\/wp-json\/wp\/v2\/posts"}],"about":[{"href":"https:\/\/www.europesays.com\/no\/wp-json\/wp\/v2\/types\/post"}],"author":[{"embeddable":true,"href":"https:\/\/www.europesays.com\/no\/wp-json\/wp\/v2\/users\/2"}],"replies":[{"embeddable":true,"href":"https:\/\/www.europesays.com\/no\/wp-json\/wp\/v2\/comments?post=134224"}],"version-history":[{"count":0,"href":"https:\/\/www.europesays.com\/no\/wp-json\/wp\/v2\/posts\/134224\/revisions"}],"wp:featuredmedia":[{"embeddable":true,"href":"https:\/\/www.europesays.com\/no\/wp-json\/wp\/v2\/media\/134225"}],"wp:attachment":[{"href":"https:\/\/www.europesays.com\/no\/wp-json\/wp\/v2\/media?parent=134224"}],"wp:term":[{"taxonomy":"category","embeddable":true,"href":"https:\/\/www.europesays.com\/no\/wp-json\/wp\/v2\/categories?post=134224"},{"taxonomy":"post_tag","embeddable":true,"href":"https:\/\/www.europesays.com\/no\/wp-json\/wp\/v2\/tags?post=134224"}],"curies":[{"name":"wp","href":"https:\/\/api.w.org\/{rel}","templated":true}]}}