{"id":134226,"date":"2026-01-10T22:33:07","date_gmt":"2026-01-10T22:33:07","guid":{"rendered":"https:\/\/www.europesays.com\/no\/134226\/"},"modified":"2026-01-10T22:33:07","modified_gmt":"2026-01-10T22:33:07","slug":"demonstrerer-mot-ice-over-hele-usa-nrk-urix-utenriksnyheter-og-dokumentarer","status":"publish","type":"post","link":"https:\/\/www.europesays.com\/no\/134226\/","title":{"rendered":"Demonstrerer mot ICE over hele USA \u2013 NRK Urix \u2013 Utenriksnyheter og -dokumentarer"},"content":{"rendered":"<p>L\u00f8rdag og s\u00f8ndag er det varslet over 1000 demonstrasjoner over hele USA under parolen \u00abICE Out For Good\u00bb.<\/p>\n<p>If\u00f8lge data fra <a href=\"https:\/\/www.mobilize.us\/\" ec-id=\"https:\/\/www.mobilize.us\/\" ec-name=\"Mobilize\" rel=\"nofollow noopener\" target=\"_blank\">Mobilize<\/a> skal det arrangeres demonstrasjoner i hver eneste av USAs 50 delstater, fra Hawaii til Vermont.<\/p>\n<p><img decoding=\"async\"   src=\"data:image\/gif;base64,R0lGODlhAQABAIAAAAAAAP\/\/\/yH5BAEAAAAALAAAAAABAAEAAAIBRAA7\" loading=\"eager\" alt=\"En gruppe demonstranter st\u00e5r i sn\u00f8en, if\u00f8rt varme kl\u00e6r og holder opp skilt med tekst som kritiserer immigrasjonsmyndigheter. Flere personer viser st\u00f8tte til kampanjen mot politiets behandling av innvandrere. Bakgrunnen viser sn\u00f8dekte tr\u00e6r og flagg som vaier i vinden. Atmosf\u00e6ren er preget av politisk engasjement og protest. (Bildebeskrivelsen er laget av en KI-tjeneste)\" title=\"Foto: CHARLY TRIBALLEAU \/ AFP \/ NTB\"\/><\/p>\n<p class=\"\">Tusenvis har samlet seg i Minneapolis l\u00f8rdag, byen der en ICE-agent tidligere i uken skj\u00f8t og drepte Renee Goode. <\/p>\n<p>Foto: CHARLY TRIBALLEAU \/ AFP \/ NTB<\/p>\n<p>Protestb\u00f8lgen oppstod etter at den 37 \u00e5r gamle trebarnsmoren <a href=\"https:\/\/www.nrk.no\/urix\/dette-vet-vi-om-kvinnen-som-ble-drept-av-ice-i-minnesota-i-usa-1.17719733\" ec-id=\"pp:article:1.17719733\" ec-name=\"Renee Nicole Good\" rel=\"nofollow noopener\" target=\"_blank\">Renee Nicole Good<\/a> ble skutt og drept av en ICE-agent i Minneapolis onsdag.<\/p>\n<p><a href=\"https:\/\/www.nrk.no\/urix\/to-skutt-av-foderale-agenter-i-portland-1.17720434\" ec-id=\"pp:article:1.17720434\" ec-name=\"Torsdag\" rel=\"nofollow noopener\" target=\"_blank\">Torsdag<\/a> ble ogs\u00e5 to venezuelanske innvandrere skutt og s\u00e5ret av f\u00f8derale grensevakter i Portland i USA.<\/p>\n<p><strong>Hendelsene har skapt raseri, og har f\u00e5tt mange til \u00e5 kreve at ICE sine aksjoner opph\u00f8rer.<\/strong><\/p>\n<p><img decoding=\"async\"   src=\"data:image\/gif;base64,R0lGODlhAQABAIAAAAAAAP\/\/\/yH5BAEAAAAALAAAAAABAAEAAAIBRAA7\" loading=\"eager\" alt=\"Deltakere p\u00e5 en demonstrasjon st\u00e5r foran Det hvite hus i regnv\u00e6r. Noen holder fargerike paraplyer, mens andre b\u00e6rer plakater med budskap om klima og like rettigheter. Bakgrunnen viser Det hvite hus og et amerikansk flagg. Demonstrasjonen belyser samfunnsmessige temaer og engasjement. (Bildebeskrivelsen er laget av en KI-tjeneste)\" title=\"Foto: Jose Luis Magana \/ AP \/ NTB\"\/><\/p>\n<p class=\"\">L\u00f8rdag avholdes det en demonstrasjon mot ICE utenfor Det hvite hus i Washington D.C. \u00abIs smelter \u2013 vi er her for godt\u00bb st\u00e5r det p\u00e5 kvinnens plakat. <\/p>\n<p>Foto: Jose Luis Magana \/ AP \/ NTB<\/p>\n<p>Demonstranten Daryl Capistarian har m\u00f8tt opp ved \u00e5stedet for drapet p\u00e5 Renee Goode l\u00f8rdag. Han sier reaksjonene minner ham om <a href=\"https:\/\/www.nrk.no\/urix\/en-rettssak-som-vekker-enormt-engasjement-1.15438124\" ec-id=\"pp:article:1.15438124\" ec-name=\"tiden etter George Floyd.\" rel=\"nofollow noopener\" target=\"_blank\">tiden etter George Floyd.<\/a><\/p>\n<p>\u2013 Mange i dette landet har st\u00e5tt opp for rettferdighet og likeverd for alle, og n\u00e5 er det v\u00e5r tur til \u00e5 gj\u00f8re det samme, sier han.<\/p>\n<p><img decoding=\"async\"   src=\"data:image\/gif;base64,R0lGODlhAQABAIAAAAAAAP\/\/\/yH5BAEAAAAALAAAAAABAAEAAAIBRAA7\" loading=\"eager\" alt=\"En person holder opp et skilt med teksten &quot;Justice is Trump's Gestapo, Mark Kelly's my man&quot;. Personen er kledd i en beige jakke, hatt og skjerf. I bakgrunnen er det flere demonstranter samlet p\u00e5 en sn\u00f8dekt gate. Omgivelsene best\u00e5r av hus og tr\u00e6r, med en skyet himmel over. (Bildebeskrivelsen er laget av en KI-tjeneste)\" title=\"Foto: Reuters\"\/><\/p>\n<p class=\"\">En tydelig r\u00f8rt Daryl Capistarian (70) mener tiden er inne for \u00e5 st\u00e5 opp for rettferdighet. Mark Kelly (plakaten) er en demokratisk senator. <\/p>\n<p>Foto: Reuters<\/p>\n<p>Advarer demonstrantene: \u2013 Ikke ta agnet<\/p>\n<p>Demonstrasjoner har p\u00e5g\u00e5tt <a href=\"https:\/\/www.nrk.no\/urix\/demonstrant-i-minneapolis__-jeg-tror-ikke-han-forstar-hvem-han-kodder-med-1.17720352\" ec-id=\"pp:article:1.17720352\" ec-name=\"siden torsdag\" rel=\"nofollow noopener\" target=\"_blank\">siden torsdag<\/a>. Fredag kveld ble 29 demonstranter i Minneapolis anholdt av politiet og senere l\u00f8slatt.<\/p>\n<p>I forkant hadde en gruppe demonstranter samlet seg utenfor et hotell der ICE-agenter skal ha oppholdt seg og utf\u00f8rt h\u00e6rverk, if\u00f8lge politisjef i Minneapolis, Brian O&#8217;Hara.<\/p>\n<p><img decoding=\"async\"   src=\"data:image\/gif;base64,R0lGODlhAQABAIAAAAAAAP\/\/\/yH5BAEAAAAALAAAAAABAAEAAAIBRAA7\" loading=\"eager\" alt=\"En mann med mikrofon st\u00e5r foran et politiskilt i Minneapolis, mens han snakker. To politimenn st\u00e5r til venstre og h\u00f8yre for ham i uniform. Det sn\u00f8r, og bakgrunnen viser en bybygning. Mannen gestikulerer med hendene for \u00e5 understreke poengene sine. (Bildebeskrivelsen er laget av en KI-tjeneste)\" title=\"Foto: Jen Golbeck \/ AP \/ NTB\"\/><\/p>\n<p class=\"\">Minneapolis-ordf\u00f8rer Jacob Frey og politisjef Brian O&#8217;Hara (t.v.) oppsummerer de siste dagers demonstrasjoner p\u00e5 en pressekonferanse l\u00f8rdag.<\/p>\n<p>Foto: Jen Golbeck \/ AP \/ NTB<\/p>\n<p>Minneapolis-ordf\u00f8rer Jacob Frey sier p\u00e5 en pressekonferanse l\u00f8rdag at det store flertallet av deltakerne demonstrerte fredelig, men advarte mot kaos.<\/p>\n<p><strong>\u2013 Det er dette Donald Trump \u00f8nsker. Vi m\u00e5 ikke bite p\u00e5 agnet, sa ordf\u00f8reren.<\/strong><\/p>\n<p>Han har v\u00e6rt krystallklar i kritikken av ICE etter Good-drapet onsdag og bedt dem om \u00e5 \u00abkomme seg til helvete ut av byen hans.\u00bb<\/p>\n<p>Stengte skoler under ICE-aksjoner<\/p>\n<p>Samtidig har ICE trappet opp aktiviteten i Minneapolis med 2000 agenter i Minneapolis og nabobyen St. Paul, som har f\u00f8rt til at alle byens skoler er stengt ut uken.<\/p>\n<p><img decoding=\"async\"   src=\"data:image\/gif;base64,R0lGODlhAQABAIAAAAAAAP\/\/\/yH5BAEAAAAALAAAAAABAAEAAAIBRAA7\" loading=\"eager\" alt=\"En kvinne st\u00e5r foran en mikrofon under en pressekonferanse. Det er flere personer synlige i bakgrunnen, inkludert en uniformert tjenesteperson. En bl\u00e5 bakgrunn med forskjellige flagg gir kontekst til arrangementet. Kvinnen har langt, brunt h\u00e5r og b\u00e6rer en m\u00f8rk jakke. (Bildebeskrivelsen er laget av en KI-tjeneste)\" title=\"Foto: David Dee Delgado \/ Reuters \/ NTB\"\/><\/p>\n<p class=\"\">USAs sikkerhetsminister Kristi Noem tar ICE-agenten som skj\u00f8t og drepte Good i forsvar. <\/p>\n<p>Foto: David Dee Delgado \/ Reuters \/ NTB<\/p>\n<p>If\u00f8lge USAs sikkerhetsminister Kristi Noem har ICE gjennomf\u00f8rt over 1500 p\u00e5gripelser i byen. Noems departement har kalt operasjonen i Minneapolis tidenes st\u00f8rste av sitt slag.<\/p>\n<p><strong>Noem har forsvart ICE-agenten som skj\u00f8t og drepte Good, og sagt at han fulgte treningsprosedyrer, if\u00f8lge <a href=\"https:\/\/www.cbsnews.com\/news\/kristi-noem-speaks-fatal-ice-shooting-minneapolis-woman\/\" ec-id=\"https:\/\/www.cbsnews.com\/news\/kristi-noem-speaks-fatal-ice-shooting-minneapolis-woman\/\" ec-name=\"CBS\" rel=\"nofollow noopener\" target=\"_blank\">CBS<\/a>.<\/strong><\/p>\n<p><img decoding=\"async\"   src=\"data:image\/gif;base64,R0lGODlhAQABAIAAAAAAAP\/\/\/yH5BAEAAAAALAAAAAABAAEAAAIBRAA7\" loading=\"eager\" alt=\"En gruppe mennesker st\u00e5r samlet utend\u00f8rs, holdende hver sin lysestake med en tent lys. Noen av dem er kledd i varme vinterkl\u00e6r, som jakker og luer. Den klare himmelen skaper en stillferdig bakgrunn til arrangementet. Stemningen virkerseri\u00f8s, muligens knyttet til en minneseremoni. (Bildebeskrivelsen er laget av en KI-tjeneste)\" title=\"Foto: STEPHEN MATUREN \/ AFP \/ NTB\"\/><\/p>\n<p class=\"\">Tim Walz sammen med sin kone Gwen Walz under en minneseremoni for Renee Good fredag. Tim Walz var Kamala Harris sin visepresidentkandidat ved presidentvalget i fjor. <\/p>\n<p>Foto: STEPHEN MATUREN \/ AFP \/ NTB<\/p>\n<p>Den demokratiske Minnesota-guvern\u00f8ren Tim Walz har ford\u00f8mt operasjonen som et eksempel p\u00e5 \u00abreality-TV-politikk\u00bb.<\/p>\n<p>Bakgrunnen for operasjonen var p\u00e5stander om trygdesvindel i delstaten.<\/p>\n<p>P\u00e5stander om trygdesvindel i Minnesota<\/p>\n<ul>\n<li>I romjulen la den konservative YouTube\u2011skaperen Nick Shirley ut en video hvor han hevdet at barnehager drevet av somalisk-amerikanere i Minnesota hadde svindlet til seg betydelige midler.<\/li>\n<li>Shirley har ikke lagt frem s\u00e6rlig mye bevis som st\u00f8tter hans p\u00e5stander, if\u00f8lge CNN.<\/li>\n<li>Videoen ble blant annet delt p\u00e5 X av USAs visepresident J.D. Vance, og har f\u00e5tt flere millioner visninger p\u00e5 forskjellige plattformer.<\/li>\n<li>Trump-administrasjonen tok raskt grep. Sikkerhetsdepartementet (DHS) og FBI \u00f8kte tilstedev\u00e6relsen sin i Minnesota, og f\u00f8deral st\u00f8tte til barneomsorg i hele delstaten ble frosset, <a href=\"https:\/\/edition.cnn.com\/2026\/01\/05\/us\/minnesota-child-care-fraud-investigation\" ec-id=\"https:\/\/edition.cnn.com\/2026\/01\/05\/us\/minnesota-child-care-fraud-investigation\" ec-name=\"skriver CNN\" rel=\"nofollow noopener\" target=\"_blank\">skriver CNN<\/a>.<\/li>\n<li>Mandag kunngjorde tidligere visepresidentkandidat Tim Walz at han ikke stiller til gjenvalg som guvern\u00f8r i Minnesota.<\/li>\n<\/ul>\n<p>Titalls skyteepisoder p\u00e5 et halvt \u00e5r<\/p>\n<p>I l\u00f8pet av Trumps andre presidentperiode har f\u00f8derale immigrasjonsmyndigheter v\u00e6rt involvert i 16 skyteepisoder, if\u00f8lge <a href=\"https:\/\/www.thetrace.org\/2025\/12\/immigration-ice-shootings-guns-tracker\/\" ec-id=\"https:\/\/www.thetrace.org\/2025\/12\/immigration-ice-shootings-guns-tracker\/\" ec-name=\"The Trace\" rel=\"nofollow noopener\" target=\"_blank\">The Trace<\/a>, som overv\u00e5ker v\u00e5penvold i USA.<\/p>\n<p><img decoding=\"async\"   src=\"data:image\/gif;base64,R0lGODlhAQABAIAAAAAAAP\/\/\/yH5BAEAAAAALAAAAAABAAEAAAIBRAA7\" loading=\"eager\" alt=\"Bev\u00e6pnet politi er til stede p\u00e5 en gate, if\u00f8rt kamuflasjeuniformer og sikkerhetsutstyr. Flere politifolk st\u00e5r rundt en svart SUV med \u00e5pen d\u00f8r, mens biler er parkert p\u00e5 begge sider av veien. Omr\u00e5det er preget av h\u00f8stlige blader p\u00e5 bakken, og det er tre og bygninger i bakgrunnen. Politiet ser ut til \u00e5 v\u00e6re i aksjon, men det er ikke tydelig hva situasjonen inneb\u00e6rer. (Bildebeskrivelsen er laget av en KI-tjeneste)\" title=\"Foto: SCOTT OLSON \/ AFP \/ NTB\"\/><\/p>\n<p class=\"\">ICE-agenter f\u00e5r \u00f8kende kritikk for brutale politimetoder. Her patruljerer agenter et nabolag i Chicago i november. <\/p>\n<p>Foto: SCOTT OLSON \/ AFP \/ NTB<\/p>\n<p>Renee Good er en av fire som har blitt drept siden Trump oppskalerte ICE sine operasjoner i fjor sommer. Ytterligere syv personer har blitt skadet i skyteepisoder, if\u00f8lge Traces gjennomgang.<\/p>\n<p>Trump har bl\u00e5st opp etatens budsjetter med titalls milliarder og gitt ICE-agenter utvidet mandat.<\/p>\n<p><strong>\u2013 F\u00f8r gikk de prim\u00e6rt etter kriminelle innvandrere. N\u00e5 g\u00e5r de etter alle udokumenterte innvandrere, har USA-ekspert Eirik L\u00f8kke <a href=\"https:\/\/www.nrk.no\/norge\/ekspert-frykter-at-situasjonen-i-usa-kan-eskalere-1.17719368\" ec-id=\"pp:article:1.17719368\" ec-name=\"forklart\" rel=\"nofollow noopener\" target=\"_blank\">forklart<\/a>.<\/strong><\/p>\n<p>Interessert i utenriks? H\u00f8r utenriksredaksjonens podkast: <\/p>\n<p>Publisert<\/p>\n<p>10.01.2026, kl. 21.37<\/p>\n<p>Oppdatert<\/p>\n<p>10.01.2026, kl. 23.13<\/p>\n","protected":false},"excerpt":{"rendered":"L\u00f8rdag og s\u00f8ndag er det varslet over 1000 demonstrasjoner over hele USA under parolen \u00abICE Out For Good\u00bb.&hellip;\n","protected":false},"author":2,"featured_media":134227,"comment_status":"","ping_status":"","sticky":false,"template":"","format":"standard","meta":{"footnotes":""},"categories":[12],"tags":[20,21,24,25,15,22,23,13,30,28,29,14,16,26,27,42,43,44,45],"class_list":{"0":"post-134226","1":"post","2":"type-post","3":"status-publish","4":"format-standard","5":"has-post-thumbnail","7":"category-verden","8":"tag-breaking-news","9":"tag-breakingnews","10":"tag-featured-news","11":"tag-featurednews","12":"tag-headlines","13":"tag-latest-news","14":"tag-latestnews","15":"tag-news","16":"tag-no","17":"tag-norge","18":"tag-norway","19":"tag-nyheter","20":"tag-overskrifter","21":"tag-top-stories","22":"tag-topstories","23":"tag-verden","24":"tag-world","25":"tag-world-news","26":"tag-worldnews"},"share_on_mastodon":{"url":"https:\/\/pubeurope.com\/@no\/115873185977785059","error":""},"_links":{"self":[{"href":"https:\/\/www.europesays.com\/no\/wp-json\/wp\/v2\/posts\/134226","targetHints":{"allow":["GET"]}}],"collection":[{"href":"https:\/\/www.europesays.com\/no\/wp-json\/wp\/v2\/posts"}],"about":[{"href":"https:\/\/www.europesays.com\/no\/wp-json\/wp\/v2\/types\/post"}],"author":[{"embeddable":true,"href":"https:\/\/www.europesays.com\/no\/wp-json\/wp\/v2\/users\/2"}],"replies":[{"embeddable":true,"href":"https:\/\/www.europesays.com\/no\/wp-json\/wp\/v2\/comments?post=134226"}],"version-history":[{"count":0,"href":"https:\/\/www.europesays.com\/no\/wp-json\/wp\/v2\/posts\/134226\/revisions"}],"wp:featuredmedia":[{"embeddable":true,"href":"https:\/\/www.europesays.com\/no\/wp-json\/wp\/v2\/media\/134227"}],"wp:attachment":[{"href":"https:\/\/www.europesays.com\/no\/wp-json\/wp\/v2\/media?parent=134226"}],"wp:term":[{"taxonomy":"category","embeddable":true,"href":"https:\/\/www.europesays.com\/no\/wp-json\/wp\/v2\/categories?post=134226"},{"taxonomy":"post_tag","embeddable":true,"href":"https:\/\/www.europesays.com\/no\/wp-json\/wp\/v2\/tags?post=134226"}],"curies":[{"name":"wp","href":"https:\/\/api.w.org\/{rel}","templated":true}]}}