{"id":13424,"date":"2025-08-20T17:25:10","date_gmt":"2025-08-20T17:25:10","guid":{"rendered":"https:\/\/www.europesays.com\/no\/13424\/"},"modified":"2025-08-20T17:25:10","modified_gmt":"2025-08-20T17:25:10","slug":"hoyre-splittes-i-to-om-neste-statsminister","status":"publish","type":"post","link":"https:\/\/www.europesays.com\/no\/13424\/","title":{"rendered":"H\u00f8yre splittes i to om neste statsminister"},"content":{"rendered":"\n<p class=\"_paragraph_1bvmi_4 _paragraph_xtcu6_10 layout-component text-serif-m layout-normal text-serif-m layout-padded\">Det viser en fersk statsministerm\u00e5ling utf\u00f8rt for VG, Aftenposten og Bergens Tidende. <\/p>\n<p class=\"_paragraph_1bvmi_4 _paragraph_xtcu6_10 layout-component text-serif-m layout-normal text-serif-m layout-padded\">Det er nemlig sv\u00e6rt jevnt p\u00e5 sp\u00f8rsm\u00e5let om H\u00f8yre-velgere vil ha St\u00f8re eller Listhaug som statsminister, dersom Erna Solberg (H) ikke er et alternativ:<\/p>\n<p class=\"_paragraph_1bvmi_4 _paragraph_xtcu6_10 layout-component text-serif-m layout-normal text-serif-m layout-padded\"><strong class=\"_strong_1bvmi_25\">41 prosent velger St\u00f8re og 45 prosent vil ha Listhaug. <\/strong><\/p>\n<p class=\"_paragraph_1bvmi_4 _paragraph_xtcu6_10 layout-component text-serif-m layout-normal text-serif-m layout-padded\">\u2013 Det er et stort problem for H\u00f8yre, sier valgforsker Ragnhild Louise Muriaas og peker p\u00e5 at Frp ligger an til \u00e5 bli st\u00f8rste parti p\u00e5 borgerlig side. <\/p>\n<p class=\"_paragraph_1bvmi_4 _paragraph_xtcu6_10 layout-component text-serif-m layout-normal text-serif-m layout-padded\">\u2013 Mange H\u00f8yre-velgere som vil ha en politikk n\u00e6rmere sentrum og som egentlig ikke vil ha s\u00e5 mye endring, ser kanskje heller til St\u00f8re enn til Listhaug. <\/p>\n<p> \u2013 En ikke-problemstilling<\/p>\n<p class=\"_paragraph_1bvmi_4 _paragraph_xtcu6_10 layout-component text-serif-m layout-normal text-serif-m layout-padded\">Ogs\u00e5 Venstre-velgere er splittet i sp\u00f8rsm\u00e5let om den neste statsministeren skal hete St\u00f8re eller Listhaug, hvis Solberg ikke er et alternativ. <\/p>\n<p class=\"_paragraph_1bvmi_4 _paragraph_xtcu6_10 layout-component text-serif-m layout-normal text-serif-m layout-padded\">Et klart flertall p\u00e5 66 prosent peker p\u00e5 St\u00f8re, mens kun 17 prosent av de spurte Venstre-velgerne vil ha Listhaug. <\/p>\n<p class=\"_paragraph_1bvmi_4 _paragraph_xtcu6_10 layout-component text-serif-m layout-normal text-serif-m layout-padded\">\u2013 Da passer det jo bra at Venstre ikke g\u00e5r til valg p\u00e5 noen av de kandidatene, skriver Venstre-nestleder Sveinung Rotevatn i en SMS. <\/p>\n<p class=\"_paragraph_1bvmi_4 _paragraph_xtcu6_10 layout-component text-serif-m layout-normal text-serif-m layout-padded\">Han viser til at deres statsministerkandidat Erna Solberg gj\u00f8r et kraftig opprykk p\u00e5 siste meningsm\u00e5ling hos Dagsavisen og FriFagbevegelse onsdag, og sikrer seg 17,9 prosent av stemmene.<\/p>\n<p class=\"_paragraph_1bvmi_4 _paragraph_xtcu6_10 layout-component text-serif-m layout-normal text-serif-m layout-padded\">\u2013 Hun er den eneste statsministerkandidaten p\u00e5 borgerlig side som sier hun vil bli statsminister \u2013 og har st\u00f8tte fra flertallet av de borgerlige velgerne. <\/p>\n<p class=\"_paragraph_1bvmi_4 _paragraph_xtcu6_10 layout-component text-serif-m layout-normal text-serif-m layout-padded\">I den nye meningsm\u00e5lingen peker 65 prosent av Venstre-velgerne p\u00e5 Solberg, n\u00e5r valget st\u00e5r mellom henne og St\u00f8re.<\/p>\n<p class=\"_paragraph_1bvmi_4 _paragraph_xtcu6_10 layout-component text-serif-m layout-normal text-serif-m layout-padded\"><strong class=\"_strong_1bvmi_25\">\u2013 S\u00e5 dette falske valget er en ikke-problemstilling, avviser Rotevatn.<\/strong><\/p>\n<p><img alt=\"Sveinung Rotevatn sammen med Venstre-leder Guri Melby.   Foto: Ine Schwebs \/ VG\" class=\"_image_qp4xg_65 layout-component layout-normal\" data-fullscreen- data-track-element-type=\"Article image fullscreen\" data-track-name=\"ImageFullscreen\" decoding=\"async\" loading=\"lazy\" height=\"5464\" itemprop=\"image\"  src=\"https:\/\/www.europesays.com\/no\/wp-content\/uploads\/2025\/08\/88dba1a5-bd17-4614-b4e4-96180381a0a1\"  style=\"object-position:0% 0%\" width=\"8192\"\/>Sveinung Rotevatn sammen med Venstre-leder Guri Melby.   Foto: Ine Schwebs \/ VG<\/p>\n<p class=\"_paragraph_1bvmi_4 _paragraph_xtcu6_10 layout-component text-serif-m layout-normal text-serif-m layout-padded\">Tidligere har VG fortalt at over <a href=\"https:\/\/www.vg.no\/nyheter\/i\/632B5W\/venstre-vil-begrave-stridsoeksa\" data-track-element-type=\"Link\" data-track-id=\"link:632B5W\" class=\"_link_1bvmi_39\" rel=\"nofollow noopener\" target=\"_blank\">70 prosent av Venstre-velgere<\/a> misliker Frp.<\/p>\n<p> St\u00f8re beholder ledelsen <\/p>\n<p class=\"_paragraph_1bvmi_4 _paragraph_xtcu6_10 layout-component text-serif-m layout-normal text-serif-m layout-padded\">I den nye m\u00e5lingen beholder statsminister Jonas Gahr St\u00f8re ledertr\u00f8yen. <\/p>\n<p class=\"_paragraph_1bvmi_4 _paragraph_xtcu6_10 layout-component text-serif-m layout-normal text-serif-m layout-padded\">De spurte vil helst at St\u00f8re fortsetter som statsminister, b\u00e5de n\u00e5r valget st\u00e5r mellom han og Listhaug, og han og Solberg. <\/p>\n<p class=\"_paragraph_1bvmi_4 _paragraph_xtcu6_10 layout-component text-serif-m layout-normal text-serif-m layout-padded\">\u2013 St\u00f8re har grunn til \u00e5 v\u00e6re forn\u00f8yd?<\/p>\n<p class=\"_paragraph_1bvmi_4 _paragraph_xtcu6_10 layout-component text-serif-m layout-normal text-serif-m layout-padded\">\u2013 Han har absolutt grunn til \u00e5 v\u00e6re forn\u00f8yd. Disse tallene viser at han st\u00e5r veldig sterkt p\u00e5 venstresiden, og at venstresiden er samlet bak han, sier Muriaas. <\/p>\n<p class=\"_paragraph_1bvmi_4 _paragraph_xtcu6_10 layout-component text-serif-m layout-normal text-serif-m layout-padded\">M\u00e5lingen viser at Solberg er den sterkerste motkandidaten til St\u00f8re, men Frp-lederen scorer imidlertid kun noen f\u00e5 prosentpoeng lavere i duell med St\u00f8re enn det Solberg gj\u00f8r. <\/p>\n<p><img decoding=\"async\" alt=\"Bilde av Ragnhild Muriaas\" class=\"_image_ygndg_42\" height=\"50\" itemprop=\"image\" loading=\"lazy\"  src=\"https:\/\/www.europesays.com\/no\/wp-content\/uploads\/2025\/08\/d80a617d-de1c-4002-8f37-72bab7e7d20f\"  width=\"40\"\/><strong class=\"_name_ygndg_51 title-serif-xs\">Ragnhild Muriaas<\/strong><\/p>\n<p class=\"_paragraph_1bvmi_4 text-sans-m _description_ygndg_56\">Professor i statsvitenskap, Universitetet i Bergen. Foto: Eivind Senneset\/UiB<\/p>\n<p class=\"_paragraph_1bvmi_4 _paragraph_xtcu6_10 layout-component text-serif-m layout-normal text-serif-m layout-padded\">P\u00e5 den forrige statsministerm\u00e5lingen som Respons analyse gjorde for VG, ble <a href=\"https:\/\/www.vg.no\/nyheter\/i\/alAO0d\/ny-statsministermaaling-jonas-gahr-stoere-oeker-ledelsen\" data-track-element-type=\"Link\" data-track-id=\"link:alAO0d\" class=\"_link_1bvmi_39\" rel=\"nofollow noopener\" target=\"_blank\">St\u00f8re mer popul\u00e6r enn Solberg og Listhaug til sammen<\/a>. <\/p>\n<p class=\"_paragraph_1bvmi_4 _paragraph_xtcu6_10 layout-component text-serif-m layout-normal text-serif-m layout-padded\">P\u00e5 sp\u00f8rsm\u00e5l om man foretrekker St\u00f8re, Solberg eller Listhaug som statsminister etter neste  <a href=\"https:\/\/www.vg.no\/tag\/stortingsvalg?utm_source=vg-article&amp;utm_medium=auto-tagger&amp;utm_campaign=AvOjn3\" class=\"_link_1bvmi_39\" rel=\"nofollow noopener\" target=\"_blank\">stortingsvalg<\/a>, pekte 45 prosent p\u00e5 St\u00f8re. <\/p>\n<p> \u00abManneproblem\u00bb og \u00abkvinneproblem\u00bb<\/p>\n<p class=\"_paragraph_1bvmi_4 _paragraph_xtcu6_10 layout-component text-serif-m layout-normal text-serif-m layout-padded\">Valgforsker Muriaas biter seg s\u00e6rlig merke i \u00e9n ting: <\/p>\n<p class=\"_paragraph_1bvmi_4 _paragraph_xtcu6_10 layout-component text-serif-m layout-normal text-serif-m layout-padded\">\u2013 Det er interessant at det ser ut som om Erna har et lite \u00abkvinneproblem\u00bb, at hun sliter med \u00e5 tiltrekke seg kvinner. <\/p>\n<p class=\"_paragraph_1bvmi_4 _paragraph_xtcu6_10 layout-component text-serif-m layout-normal text-serif-m layout-padded\">If\u00f8lge meningsm\u00e5lingen sier kun 32 prosent av de spurte kvinnene at de vil ha Solberg som statsminister, mens hun henter st\u00f8tte fra 44 prosent av de spurte mennene.<\/p>\n<p><img alt=\"Solberg bes\u00f8kte p\u00e5 sin valgkamptur denne uken en klesbutikk i \u00d8ygarden - og pr\u00f8vde en kjole. Som hun kj\u00f8pte.  Foto: Helge Mikalsen \/ VG\" class=\"_image_qp4xg_65 layout-component layout-normal\" data-fullscreen- data-track-element-type=\"Article image fullscreen\" data-track-name=\"ImageFullscreen\" decoding=\"async\" loading=\"lazy\" height=\"5504\" itemprop=\"image\"  src=\"https:\/\/www.europesays.com\/no\/wp-content\/uploads\/2025\/08\/844e6256-4078-4fdb-8544-3274b31790a3\"  style=\"object-position:0% 0%\" width=\"8256\"\/>Solberg bes\u00f8kte p\u00e5 sin valgkamptur denne uken en klesbutikk i \u00d8ygarden &#8211; og pr\u00f8vde en kjole. Som hun kj\u00f8pte.  Foto: Helge Mikalsen \/ VG<\/p>\n<p class=\"_paragraph_1bvmi_4 _paragraph_xtcu6_10 layout-component text-serif-m layout-normal text-serif-m layout-padded\">Samtidig henter St\u00f8re st\u00f8tte fra 52 prosent av de spurte kvinnene, og sliter mer med \u00e5 tilrekke seg mannlige velgere. Her henter han kun 39 prosent. <\/p>\n<p class=\"_paragraph_1bvmi_4 _paragraph_xtcu6_10 layout-component text-serif-m layout-normal text-serif-m layout-padded\">\u2013 Men St\u00f8res \u00abmanneproblem\u00bb er ikke like stort som Ernas \u00abkvinneproblem\u00bb, sier Muriaas. <\/p>\n<p class=\"_paragraph_1bvmi_4 _paragraph_xtcu6_10 layout-component text-serif-m layout-normal text-serif-m layout-padded\">N\u00e5r St\u00f8re og Solberg er de to statsminister-alternativene peker 45 prosent p\u00e5 han og 38 prosent p\u00e5 Solberg.<\/p>\n<p class=\"_paragraph_1bvmi_4 _paragraph_xtcu6_10 layout-component text-serif-m layout-normal text-serif-m layout-padded\">\u2013 Da puster jeg ham litt i nakken da, sier Solberg:<\/p>\n<p><img alt=\"Partilederne intervjues etter debatten hos TV 2 tirsdag kveld.   Foto: Helge Mikalsen \/ VG\" class=\"_image_qp4xg_65 layout-component layout-normal\" data-fullscreen- data-track-element-type=\"Article image fullscreen\" data-track-name=\"ImageFullscreen\" decoding=\"async\" loading=\"lazy\" height=\"5504\" itemprop=\"image\"  src=\"https:\/\/www.europesays.com\/no\/wp-content\/uploads\/2025\/08\/04460804-357d-43f9-b763-a5522ea8d461\"  style=\"object-position:0% 0%\" width=\"8256\"\/>Partilederne intervjues etter debatten hos TV 2 tirsdag kveld.   Foto: Helge Mikalsen \/ VG<\/p>\n<p class=\"_paragraph_1bvmi_4 _paragraph_xtcu6_10 layout-component text-serif-m layout-normal text-serif-m layout-padded\">\u2013  Det er bra, for n\u00e5 st\u00e5r mye p\u00e5 spill. H\u00f8yre m\u00e5 bli store, for hvis ikke f\u00e5r Norge fire lange og kaotiske \u00e5r der St\u00f8re m\u00e5 styre med R\u00f8dt, SV, Sp og MDG.<\/p>\n<p class=\"_paragraph_1bvmi_4 _paragraph_xtcu6_10 layout-component text-serif-m layout-normal text-serif-m layout-padded\">\u2013 Dere f\u00e5r nok mange av stemmene fra Frp-velgere og fra et Frp som ligger godt over 20 prosent p\u00e5 m\u00e5lingene?<\/p>\n<p class=\"_paragraph_1bvmi_4 _paragraph_xtcu6_10 layout-component text-serif-m layout-normal text-serif-m layout-padded\">\u2013 Jeg synes det er fint at de aller fleste som stemmer H\u00f8yre, vil ha en statsminister fra H\u00f8yre. Og det er vel egentlig bare det denne m\u00e5lingen viser. Heldigvis st\u00e5r jo ikke dette valget mellom St\u00f8re og Listhaug.<\/p>\n<p class=\"_paragraph_1bvmi_4 _paragraph_xtcu6_10 layout-component text-serif-m layout-normal text-serif-m layout-padded\">H\u00f8yres kvinneproblem kommenterer hun slik:<\/p>\n<p class=\"_paragraph_1bvmi_4 _paragraph_xtcu6_10 layout-component text-serif-m layout-normal text-serif-m layout-padded\">\u2013 N\u00e5 skal vi bruke de siste tre ukene av valgkampen p\u00e5 \u00e5 overbevise tvilere av begge kj\u00f8nn. H\u00f8yre har masse god politikk som b\u00f8r appellere til kvinner:<\/p>\n<p class=\"_paragraph_1bvmi_4 _paragraph_xtcu6_10 layout-component text-serif-m layout-normal text-serif-m layout-padded\">\u2013 Vi vil styrke privat\u00f8konomien, prioritere opp behandling av kvinnesykdommer som har v\u00e6rt nedprioritert for lenge, s\u00f8rge for en bedre skole for barna v\u00e5re, tryggere gater og et krafttak mot vold i n\u00e6re relasjoner, for \u00e5 nevne noen f\u00e5 av mange saker.<\/p>\n","protected":false},"excerpt":{"rendered":"Det viser en fersk statsministerm\u00e5ling utf\u00f8rt for VG, Aftenposten og Bergens Tidende. Det er nemlig sv\u00e6rt jevnt p\u00e5&hellip;\n","protected":false},"author":2,"featured_media":13425,"comment_status":"","ping_status":"","sticky":false,"template":"","format":"standard","meta":{"footnotes":""},"categories":[10],"tags":[20,21,24,25,15,22,23,13,30,28,281,29,14,16,199,26,27,205],"class_list":{"0":"post-13424","1":"post","2":"type-post","3":"status-publish","4":"format-standard","5":"has-post-thumbnail","7":"category-norge","8":"tag-breaking-news","9":"tag-breakingnews","10":"tag-featured-news","11":"tag-featurednews","12":"tag-headlines","13":"tag-latest-news","14":"tag-latestnews","15":"tag-news","16":"tag-no","17":"tag-norge","18":"tag-norsk-politikk","19":"tag-norway","20":"tag-nyheter","21":"tag-overskrifter","22":"tag-stortingsvalg","23":"tag-top-stories","24":"tag-topstories","25":"tag-vgsamfunn"},"share_on_mastodon":{"url":"","error":""},"_links":{"self":[{"href":"https:\/\/www.europesays.com\/no\/wp-json\/wp\/v2\/posts\/13424","targetHints":{"allow":["GET"]}}],"collection":[{"href":"https:\/\/www.europesays.com\/no\/wp-json\/wp\/v2\/posts"}],"about":[{"href":"https:\/\/www.europesays.com\/no\/wp-json\/wp\/v2\/types\/post"}],"author":[{"embeddable":true,"href":"https:\/\/www.europesays.com\/no\/wp-json\/wp\/v2\/users\/2"}],"replies":[{"embeddable":true,"href":"https:\/\/www.europesays.com\/no\/wp-json\/wp\/v2\/comments?post=13424"}],"version-history":[{"count":0,"href":"https:\/\/www.europesays.com\/no\/wp-json\/wp\/v2\/posts\/13424\/revisions"}],"wp:featuredmedia":[{"embeddable":true,"href":"https:\/\/www.europesays.com\/no\/wp-json\/wp\/v2\/media\/13425"}],"wp:attachment":[{"href":"https:\/\/www.europesays.com\/no\/wp-json\/wp\/v2\/media?parent=13424"}],"wp:term":[{"taxonomy":"category","embeddable":true,"href":"https:\/\/www.europesays.com\/no\/wp-json\/wp\/v2\/categories?post=13424"},{"taxonomy":"post_tag","embeddable":true,"href":"https:\/\/www.europesays.com\/no\/wp-json\/wp\/v2\/tags?post=13424"}],"curies":[{"name":"wp","href":"https:\/\/api.w.org\/{rel}","templated":true}]}}