{"id":134248,"date":"2026-01-10T23:08:08","date_gmt":"2026-01-10T23:08:08","guid":{"rendered":"https:\/\/www.europesays.com\/no\/134248\/"},"modified":"2026-01-10T23:08:08","modified_gmt":"2026-01-10T23:08:08","slug":"europa-star-pa-de-iranske-demonstrantenes-side","status":"publish","type":"post","link":"https:\/\/www.europesays.com\/no\/134248\/","title":{"rendered":"Europa st\u00e5r p\u00e5 de iranske demonstrantenes side"},"content":{"rendered":"<p>    Europa st\u00f8tter \u00abhelt og fullt\u00bb demonstrantene i Iran, if\u00f8lge EU-kommisjonens president Ursula von der Leyen.<\/p>\n<p>\n        EU st\u00e5r p\u00e5 de iranske demonstrantenes side, sier EU-kommisjonens president Ursula von der Leyen.<br \/>\n        AP \/ NTB\n    <\/p>\n<p>\n\u2013 Vi ford\u00f8mmer utvetydig den voldelige undertrykkelsen av disse legitime demonstrasjonene, <a href=\"https:\/\/x.com\/vonderleyen\" target=\"_blank\" rel=\"nofollow\">skriver von der Leyen p\u00e5 X.<\/a><\/p>\n<p>\u2013 De ansvarlige vil bli husket for \u00e5 ha st\u00e5tt p\u00e5 feil side av historien, legger hun til.<\/p>\n<p>EU oppfordrer til umiddelbar l\u00f8slatelse av alle fengslede demonstranter og krever at iranske myndigheter gjen\u00e5pner internett i landet, skriver von der Leyen. <\/p>\n<p>(\u00a9NTB)<\/p>\n","protected":false},"excerpt":{"rendered":"Europa st\u00f8tter \u00abhelt og fullt\u00bb demonstrantene i Iran, if\u00f8lge EU-kommisjonens president Ursula von der Leyen. EU st\u00e5r p\u00e5&hellip;\n","protected":false},"author":2,"featured_media":134249,"comment_status":"","ping_status":"","sticky":false,"template":"","format":"standard","meta":{"footnotes":""},"categories":[12],"tags":[20,21,24,25,15,22,23,13,30,28,29,14,16,26,27,42,43,44,45],"class_list":{"0":"post-134248","1":"post","2":"type-post","3":"status-publish","4":"format-standard","5":"has-post-thumbnail","7":"category-verden","8":"tag-breaking-news","9":"tag-breakingnews","10":"tag-featured-news","11":"tag-featurednews","12":"tag-headlines","13":"tag-latest-news","14":"tag-latestnews","15":"tag-news","16":"tag-no","17":"tag-norge","18":"tag-norway","19":"tag-nyheter","20":"tag-overskrifter","21":"tag-top-stories","22":"tag-topstories","23":"tag-verden","24":"tag-world","25":"tag-world-news","26":"tag-worldnews"},"share_on_mastodon":{"url":"https:\/\/pubeurope.com\/@no\/115873323707319515","error":""},"_links":{"self":[{"href":"https:\/\/www.europesays.com\/no\/wp-json\/wp\/v2\/posts\/134248","targetHints":{"allow":["GET"]}}],"collection":[{"href":"https:\/\/www.europesays.com\/no\/wp-json\/wp\/v2\/posts"}],"about":[{"href":"https:\/\/www.europesays.com\/no\/wp-json\/wp\/v2\/types\/post"}],"author":[{"embeddable":true,"href":"https:\/\/www.europesays.com\/no\/wp-json\/wp\/v2\/users\/2"}],"replies":[{"embeddable":true,"href":"https:\/\/www.europesays.com\/no\/wp-json\/wp\/v2\/comments?post=134248"}],"version-history":[{"count":0,"href":"https:\/\/www.europesays.com\/no\/wp-json\/wp\/v2\/posts\/134248\/revisions"}],"wp:featuredmedia":[{"embeddable":true,"href":"https:\/\/www.europesays.com\/no\/wp-json\/wp\/v2\/media\/134249"}],"wp:attachment":[{"href":"https:\/\/www.europesays.com\/no\/wp-json\/wp\/v2\/media?parent=134248"}],"wp:term":[{"taxonomy":"category","embeddable":true,"href":"https:\/\/www.europesays.com\/no\/wp-json\/wp\/v2\/categories?post=134248"},{"taxonomy":"post_tag","embeddable":true,"href":"https:\/\/www.europesays.com\/no\/wp-json\/wp\/v2\/tags?post=134248"}],"curies":[{"name":"wp","href":"https:\/\/api.w.org\/{rel}","templated":true}]}}