{"id":134250,"date":"2026-01-10T23:09:09","date_gmt":"2026-01-10T23:09:09","guid":{"rendered":"https:\/\/www.europesays.com\/no\/134250\/"},"modified":"2026-01-10T23:09:09","modified_gmt":"2026-01-10T23:09:09","slug":"nyheter-utrygg-is-gikk-pa-utrygg-is-pa-lille-lungegardsvann-i-bergen","status":"publish","type":"post","link":"https:\/\/www.europesays.com\/no\/134250\/","title":{"rendered":"Nyheter, Utrygg is | Gikk p\u00e5 utrygg is p\u00e5 Lille Lungeg\u00e5rdsvann i Bergen"},"content":{"rendered":"\n<p>I kulden ligger det is p\u00e5 Lille Lungeg\u00e5rdsvann og det er beviselig mulig \u00e5 vandre p\u00e5 den uten \u00e5 g\u00e5 gjennom, men det er forbundet med risiko if\u00f8lge Trude Jordal i Bymilj\u00f8etaten.<\/p>\n<p>\u2013 Lille Lungeg\u00e5rdsvann er et brakkvann, og det er mye str\u00f8mninger i vannet. Dermed er det veldig ustabilt, skriver hun i en sms til BA.<\/p>\n<p>L\u00f8rdag ettermiddag kunne BA observere flere som spaserte rundt ute p\u00e5 vannet, blant annet en voksen mann med en ung gutt.<\/p>\n<p>Sistnevnte var engelsktalende og kom seg p\u00e5 land etter at en forbipasserende ropte at isen ikke er trygg.<\/p>\n<p>Det siste er ogs\u00e5 skiltet rundt hele vannet, p\u00e5 norsk.<\/p>\n<p>\u2013 Alle er ansvarlige for sin egen sikkerhet, og vi h\u00e5per folk respekterer skiltene, skriver Jordal.<\/p>\n<p>   <img decoding=\"async\" width=\"4000\" height=\"3000\" fetchpriority=\"low\"  loading=\"lazy\"  src=\"https:\/\/www.europesays.com\/no\/wp-content\/uploads\/2026\/01\/sladdet+1.jpg\" alt=\"\" class=\"brick-c-cFOWSL\" style=\"--brick-image-ratio: 4000 \/ 3000;\"\/><\/p>\n<p>      Foto: Ole Martin R\u00f8ssland\n    <\/p>\n<p>Hun oppfordrer folk til \u00e5 lese seg opp p\u00e5 ferdsel p\u00e5 is p\u00e5 varsom.no og viser til at kommunen ogs\u00e5 har informasjon p\u00e5 sine hjemmesider.<\/p>\n<p>            Varsom sine viktigste ferdselsr\u00e5d p\u00e5 is:<\/p>\n<ul>\n<li><b>Du m\u00e5 kunne sv\u00f8mme<\/b> &#8211; \u00c5 \u00f8ve p\u00e5 \u00e5 gjennom isen og komme deg opp under trygge forhold er lurt<\/li>\n<li><b>Ha ispigger rundt halsen og kasteline<\/b> &#8211; Isstav, flytevest, ull innerst, og t\u00f8rt klesskift, er ogs\u00e5 lurt<\/li>\n<li><b>V\u00e6r flere<\/b> &#8211; Da kan du bli reddet raskt og overleve hvis du g\u00e5r gjennom<\/li>\n<li><b>Ta hensyn til isvarselet<\/b> &#8211; Varselet og observasjoner finner du p\u00e5 <a target=\"_blank\" href=\"https:\/\/www.varsom.no\/\" rel=\"noopener nofollow\">Varsom.no<\/a>, <a target=\"_blank\" href=\"https:\/\/www.iskart.no\/\" rel=\"noopener nofollow\">Iskart.no<\/a> og Varsom Regobs appen<\/li>\n<li><b>Unng\u00e5 svekket is<\/b> &#8211; Vi anbefaler minst 10 cm st\u00e5lis p\u00e5 innsj\u00f8er og vann. Unng\u00e5 innl\u00f8p, utl\u00f8p, trange sund, odder, r\u00e5ker, broer, sivomr\u00e5der. Sjekk istykkelsen p\u00e5 nytt ved skillelinjer (forandring i farge, sn\u00f8mengde eller struktur). Fjordis og elveis varierer mye mer enn p\u00e5 innsj\u00f8er. Regulerte vann kan ha svak is p\u00e5 uventede steder, se Iskart.no. Om v\u00e5ren mister selv tykk is b\u00e6reevnen. Du kan dele egne observasjoner og lese andres p\u00e5 <a target=\"_blank\" href=\"https:\/\/www.regobs.no\/\" rel=\"noopener nofollow\">Regobs.no<\/a><\/li>\n<\/ul>\n<p>Ogs\u00e5 fredag vandret folk p\u00e5 isen, noe <a rel=\"Follow nofollow noopener\" href=\"https:\/\/www.nrk.no\/vestland\/advarar-mot-a-ga-pa-isen-pa-lille-lungegardsvann-1.17721377\" target=\"_blank\">NRK <\/a>omtalte.<\/p>\n<p>Bergen kommune gj\u00f8r ikke lenger ism\u00e5linger, og understreker p\u00e5 nettsidene sine at all ferdsel p\u00e5 isen foreg\u00e5r p\u00e5 eget ansvar.<\/p>\n<p>Spesialkonsulent Laurits Dokkedal Venaas ved kommunens vaktsentral sier til BA at det er greit \u00e5 gi folk beskjed hvis en ser noen g\u00e5 ut p\u00e5 isen.<\/p>\n","protected":false},"excerpt":{"rendered":"I kulden ligger det is p\u00e5 Lille Lungeg\u00e5rdsvann og det er beviselig mulig \u00e5 vandre p\u00e5 den uten&hellip;\n","protected":false},"author":2,"featured_media":134251,"comment_status":"","ping_status":"","sticky":false,"template":"","format":"standard","meta":{"footnotes":""},"categories":[10],"tags":[36,20,21,24,25,15,22,23,15462,13,30,28,29,14,16,1510,26,27,15461],"class_list":{"0":"post-134250","1":"post","2":"type-post","3":"status-publish","4":"format-standard","5":"has-post-thumbnail","7":"category-norge","8":"tag-art","9":"tag-breaking-news","10":"tag-breakingnews","11":"tag-featured-news","12":"tag-featurednews","13":"tag-headlines","14":"tag-latest-news","15":"tag-latestnews","16":"tag-lille-lungegardsvann","17":"tag-news","18":"tag-no","19":"tag-norge","20":"tag-norway","21":"tag-nyheter","22":"tag-overskrifter","23":"tag-story","24":"tag-top-stories","25":"tag-topstories","26":"tag-utrygg-is"},"share_on_mastodon":{"url":"https:\/\/pubeurope.com\/@no\/115873327588185140","error":""},"_links":{"self":[{"href":"https:\/\/www.europesays.com\/no\/wp-json\/wp\/v2\/posts\/134250","targetHints":{"allow":["GET"]}}],"collection":[{"href":"https:\/\/www.europesays.com\/no\/wp-json\/wp\/v2\/posts"}],"about":[{"href":"https:\/\/www.europesays.com\/no\/wp-json\/wp\/v2\/types\/post"}],"author":[{"embeddable":true,"href":"https:\/\/www.europesays.com\/no\/wp-json\/wp\/v2\/users\/2"}],"replies":[{"embeddable":true,"href":"https:\/\/www.europesays.com\/no\/wp-json\/wp\/v2\/comments?post=134250"}],"version-history":[{"count":0,"href":"https:\/\/www.europesays.com\/no\/wp-json\/wp\/v2\/posts\/134250\/revisions"}],"wp:featuredmedia":[{"embeddable":true,"href":"https:\/\/www.europesays.com\/no\/wp-json\/wp\/v2\/media\/134251"}],"wp:attachment":[{"href":"https:\/\/www.europesays.com\/no\/wp-json\/wp\/v2\/media?parent=134250"}],"wp:term":[{"taxonomy":"category","embeddable":true,"href":"https:\/\/www.europesays.com\/no\/wp-json\/wp\/v2\/categories?post=134250"},{"taxonomy":"post_tag","embeddable":true,"href":"https:\/\/www.europesays.com\/no\/wp-json\/wp\/v2\/tags?post=134250"}],"curies":[{"name":"wp","href":"https:\/\/api.w.org\/{rel}","templated":true}]}}