{"id":134260,"date":"2026-01-10T23:24:15","date_gmt":"2026-01-10T23:24:15","guid":{"rendered":"https:\/\/www.europesays.com\/no\/134260\/"},"modified":"2026-01-10T23:24:15","modified_gmt":"2026-01-10T23:24:15","slug":"dodstallet-stiger-etter-soppelfjell-kollaps-pa-filippinene","status":"publish","type":"post","link":"https:\/\/www.europesays.com\/no\/134260\/","title":{"rendered":"D\u00f8dstallet stiger etter s\u00f8ppelfjell-kollaps p\u00e5 Filippinene"},"content":{"rendered":"<p>\n        Luftfoto som viser en stor del av den kollapsede fyllingen fredag.<br \/>\n        Jacqueline Hernandez \/ AP \/ NTB\n    <\/p>\n<p>    Antallet d\u00f8de har steget til fire etter at en s\u00f8ppelfylling raste sammen over rundt 50 renovasjonsarbeidere p\u00e5 Filippinene torsdag.<\/p>\n<p>L\u00f8rdag formiddag hadde d\u00f8dstallet steget til fire, mens 34 mennesker fortsatt var savnet.<\/p>\n<p>\u2013 De fire omkomne var i en bygning da hendelsen skjedde. Man har bygninger for ansatte der, og det var inne i disse bygningene at flesteparten av de som ble begravd av massene, befant seg, sier Joel Garganera, som sitter i byr\u00e5det i Cebu.<\/p>\n<p>Rundt 50 renovasjonsarbeidere var p\u00e5 stedet da fyllingen raste sammen over dem torsdag. Garganera ansl\u00e5r h\u00f8yden p\u00e5 den privat drevne Binaliw-fyllingen til \u00e5 tilsvare en bygning p\u00e5 20 etasjer.<\/p>\n","protected":false},"excerpt":{"rendered":"Luftfoto som viser en stor del av den kollapsede fyllingen fredag. Jacqueline Hernandez \/ AP \/ NTB Antallet&hellip;\n","protected":false},"author":2,"featured_media":134261,"comment_status":"","ping_status":"","sticky":false,"template":"","format":"standard","meta":{"footnotes":""},"categories":[12],"tags":[20,21,24,25,15,22,23,13,30,28,29,14,16,26,27,42,43,44,45],"class_list":{"0":"post-134260","1":"post","2":"type-post","3":"status-publish","4":"format-standard","5":"has-post-thumbnail","7":"category-verden","8":"tag-breaking-news","9":"tag-breakingnews","10":"tag-featured-news","11":"tag-featurednews","12":"tag-headlines","13":"tag-latest-news","14":"tag-latestnews","15":"tag-news","16":"tag-no","17":"tag-norge","18":"tag-norway","19":"tag-nyheter","20":"tag-overskrifter","21":"tag-top-stories","22":"tag-topstories","23":"tag-verden","24":"tag-world","25":"tag-world-news","26":"tag-worldnews"},"share_on_mastodon":{"url":"https:\/\/pubeurope.com\/@no\/115873386605142528","error":""},"_links":{"self":[{"href":"https:\/\/www.europesays.com\/no\/wp-json\/wp\/v2\/posts\/134260","targetHints":{"allow":["GET"]}}],"collection":[{"href":"https:\/\/www.europesays.com\/no\/wp-json\/wp\/v2\/posts"}],"about":[{"href":"https:\/\/www.europesays.com\/no\/wp-json\/wp\/v2\/types\/post"}],"author":[{"embeddable":true,"href":"https:\/\/www.europesays.com\/no\/wp-json\/wp\/v2\/users\/2"}],"replies":[{"embeddable":true,"href":"https:\/\/www.europesays.com\/no\/wp-json\/wp\/v2\/comments?post=134260"}],"version-history":[{"count":0,"href":"https:\/\/www.europesays.com\/no\/wp-json\/wp\/v2\/posts\/134260\/revisions"}],"wp:featuredmedia":[{"embeddable":true,"href":"https:\/\/www.europesays.com\/no\/wp-json\/wp\/v2\/media\/134261"}],"wp:attachment":[{"href":"https:\/\/www.europesays.com\/no\/wp-json\/wp\/v2\/media?parent=134260"}],"wp:term":[{"taxonomy":"category","embeddable":true,"href":"https:\/\/www.europesays.com\/no\/wp-json\/wp\/v2\/categories?post=134260"},{"taxonomy":"post_tag","embeddable":true,"href":"https:\/\/www.europesays.com\/no\/wp-json\/wp\/v2\/tags?post=134260"}],"curies":[{"name":"wp","href":"https:\/\/api.w.org\/{rel}","templated":true}]}}