{"id":134267,"date":"2026-01-10T23:35:20","date_gmt":"2026-01-10T23:35:20","guid":{"rendered":"https:\/\/www.europesays.com\/no\/134267\/"},"modified":"2026-01-10T23:35:20","modified_gmt":"2026-01-10T23:35:20","slug":"ytring-krig-brutal-beskjed-fra-nato-sjefen","status":"publish","type":"post","link":"https:\/\/www.europesays.com\/no\/134267\/","title":{"rendered":"Ytring, Krig | Brutal beskjed fra Nato-sjefen"},"content":{"rendered":"\n<p>\u00abHvis ikke Nato-land bruker mer penger p\u00e5 forsvar raskt, kan man f\u00e5 en krig p\u00e5 samme skala som v\u00e5re besteforeldre og oldeforeldre opplevde\u00bb. <\/p>\n<p>Det var den brutale beskjeden fra Natos generalsekret\u00e6r Mark Rutte under en konferanse i Berlin nylig. Rutte er sikker p\u00e5 at Europa er Russlands neste m\u00e5l. Hadde noen sagt det samme for kun f\u00e5 \u00e5r siden, ville vedkommende blitt anklaget for \u00e5 v\u00e6re en halvgal krigshisser. N\u00e5 er det ingen grunn til \u00e5 tvile p\u00e5 Ruttes dystre sp\u00e5dom.<\/p>\n<p>Det utkjempes en krig p\u00e5 europeisk jord \u2013 snart p\u00e5 femte \u00e5ret. Samtidig er USA &#8211; som har v\u00e6rt en sikkerhetsgarantist for Europa de siste 80 \u00e5rene, i ferd med \u00e5 snu oss ryggen. Det er i alle fall signalet fra Trump-administrasjonen. Den nye amerikanske doktrinen viser en omfattende omlegging av USAs utenrikspolitiske og sikkerhetspolitiske prioriteringer. <\/p>\n<p>Rutte er ikke tvil: Europa har d\u00e5rlig tid. Nato-sjefen ansl\u00e5r at vi har fem \u00e5r p\u00e5 oss. Det er kort tid for \u00e5 bygge opp kapasitet, samhandle, trene soldater, produsere og kj\u00f8pe utstyr og f\u00e5 en haug med v\u00e5pensystemer til \u00e5 snakke sammen. Dette er en stor utfordring, da mange av de europeiske v\u00e5pensystemene er bygd p\u00e5 helt forskjellige plattformer. Det betyr for eksempel at franske jagerfly og spanske v\u00e5pensystemer ikke samhandler i det hele tatt. Det siste er kun et bilde p\u00e5 utfordringene.<\/p>\n<p>Trolig vil EU f\u00e5 en langt viktigere rolle, som g\u00e5r langt utover det de er i dag. Der er ikke Norge med. Det er et tankekors som burde holde flere v\u00e5kne om natten. Meningsm\u00e5linger viser derimot at et stort flertall av nordmenn fortsatt sier nei til medlemskap. <\/p>\n<p>Samme dag som Rutte kom med sin advarsel, slakter Riksrevisjonen Justis- og beredskapsdepartementet for manglende oppf\u00f8lging av Politiets sikkerhetstjeneste (PST) utfordringer. De betegner det som sterkt kritikkverdig at departementet ikke har bidratt tilstrekkelig til \u00e5 gi PST n\u00f8dvendige virkemidler for \u00e5 fylle rollen som innenlands etterretnings- og sikkerhetstjeneste. De har heller ikke ressurser nok til \u00e5 f\u00f8lge opp trusselsituasjonen.<\/p>\n<p>PST er et viktig instrument for \u00e5 trygge norsk sikkerhet. Tar vi ogs\u00e5 med at politiet vasser i utfordringer og mangler ressurser, er det grunn til \u00e5 stille sp\u00f8rsm\u00e5l ved v\u00e5r totalberedskap. Vi m\u00e5 bruke mer penger p\u00e5 forsvar, politi og PST. Det vises ofte til handlingsregelen og at vi m\u00e5 v\u00e6re forsiktige med pengebruken, men Oljefondet er ingen pengebinge fylt med kontanter. Det best\u00e5r av aksjer og eiendom, verdier som raskt kan forsvinne dersom det blir krig.<\/p>\n","protected":false},"excerpt":{"rendered":"\u00abHvis ikke Nato-land bruker mer penger p\u00e5 forsvar raskt, kan man f\u00e5 en krig p\u00e5 samme skala som&hellip;\n","protected":false},"author":2,"featured_media":134268,"comment_status":"","ping_status":"","sticky":false,"template":"","format":"standard","meta":{"footnotes":""},"categories":[12],"tags":[36,20,21,24,25,15,474,22,23,246,13,30,28,29,14,1533,16,26,27,42,43,44,45,963],"class_list":{"0":"post-134267","1":"post","2":"type-post","3":"status-publish","4":"format-standard","5":"has-post-thumbnail","7":"category-verden","8":"tag-art","9":"tag-breaking-news","10":"tag-breakingnews","11":"tag-featured-news","12":"tag-featurednews","13":"tag-headlines","14":"tag-krig","15":"tag-latest-news","16":"tag-latestnews","17":"tag-leder","18":"tag-news","19":"tag-no","20":"tag-norge","21":"tag-norway","22":"tag-nyheter","23":"tag-opinion","24":"tag-overskrifter","25":"tag-top-stories","26":"tag-topstories","27":"tag-verden","28":"tag-world","29":"tag-world-news","30":"tag-worldnews","31":"tag-ytring"},"share_on_mastodon":{"url":"https:\/\/pubeurope.com\/@no\/115873429797595312","error":""},"_links":{"self":[{"href":"https:\/\/www.europesays.com\/no\/wp-json\/wp\/v2\/posts\/134267","targetHints":{"allow":["GET"]}}],"collection":[{"href":"https:\/\/www.europesays.com\/no\/wp-json\/wp\/v2\/posts"}],"about":[{"href":"https:\/\/www.europesays.com\/no\/wp-json\/wp\/v2\/types\/post"}],"author":[{"embeddable":true,"href":"https:\/\/www.europesays.com\/no\/wp-json\/wp\/v2\/users\/2"}],"replies":[{"embeddable":true,"href":"https:\/\/www.europesays.com\/no\/wp-json\/wp\/v2\/comments?post=134267"}],"version-history":[{"count":0,"href":"https:\/\/www.europesays.com\/no\/wp-json\/wp\/v2\/posts\/134267\/revisions"}],"wp:featuredmedia":[{"embeddable":true,"href":"https:\/\/www.europesays.com\/no\/wp-json\/wp\/v2\/media\/134268"}],"wp:attachment":[{"href":"https:\/\/www.europesays.com\/no\/wp-json\/wp\/v2\/media?parent=134267"}],"wp:term":[{"taxonomy":"category","embeddable":true,"href":"https:\/\/www.europesays.com\/no\/wp-json\/wp\/v2\/categories?post=134267"},{"taxonomy":"post_tag","embeddable":true,"href":"https:\/\/www.europesays.com\/no\/wp-json\/wp\/v2\/tags?post=134267"}],"curies":[{"name":"wp","href":"https:\/\/api.w.org\/{rel}","templated":true}]}}