{"id":134269,"date":"2026-01-10T23:36:18","date_gmt":"2026-01-10T23:36:18","guid":{"rendered":"https:\/\/www.europesays.com\/no\/134269\/"},"modified":"2026-01-10T23:36:18","modified_gmt":"2026-01-10T23:36:18","slug":"brannvesenet-melder-om-stor-spredningsfare-nrk-vestland","status":"publish","type":"post","link":"https:\/\/www.europesays.com\/no\/134269\/","title":{"rendered":"Brannvesenet melder om stor spredningsfare \u2013 NRK Vestland"},"content":{"rendered":"<p><strong>Siste: Klokken 16.53 ble brannen meldt slukket. Brannvesenet driver etterslukking. Bolighuset er helt nedbrent. <\/strong><\/p>\n<p>Det var klokken 15.20 at brannvesenet fikk melding om brannen i Fjaler i Vestland. Brannmannskap fra Dale og Sande rykket ut.<\/p>\n<p>Det meldte vaktkommand\u00f8r ved 110-sentralen, Stian Kvam.<\/p>\n<p><strong>\u2013 Det er bekreftet at bolighuset er overtent. Det skal ogs\u00e5 v\u00e6re spredningsfare til andre bygg. <\/strong><\/p>\n<p>Fj\u00f8s med sauer like ved<\/p>\n<p>Politiets operasjonsleder Frode Kolltveit opplyste at huseier ikke var p\u00e5 stedet da brannen br\u00f8t ut, og at det ikke var personer i boligen.<\/p>\n<p><strong>Bekymringen gikk fort til sauene i fj\u00f8set til g\u00e5rdstunet, men ogs\u00e5 kj\u00f8ret\u00f8y i garasjen.<\/strong><\/p>\n<p>\u2013 I garasjen st\u00e5r det blant annet en traktor og andre kj\u00f8ret\u00f8y, mens det p\u00e5 tunet er et fj\u00f8s med et ukjent antall sauer. Fj\u00f8set er forel\u00f8pig ikke ber\u00f8rt av brannen, meldte Kolltveit.<\/p>\n<p><img decoding=\"async\"   src=\"data:image\/gif;base64,R0lGODlhAQABAIAAAAAAAP\/\/\/yH5BAEAAAAALAAAAAABAAEAAAIBRAA7\" loading=\"eager\" alt=\"Brann i Fjaler\" title=\"Foto: Oddmund Reis\u00e6ter Haugen \/ NRK\"\/><\/p>\n<p class=\"\">Bolighuset brant ned til grunnen. <\/p>\n<p>Foto: Oddmund Reis\u00e6ter Haugen \/ NRK<\/p>\n<p>\u2013 Huset vil g\u00e5 tapt<\/p>\n<p>Klokken 15.45 meldte brannvesenet at slukningsarbeid var i gang, og at det ble arbeidet med \u00e5 forhindre spredningsfaren.<\/p>\n<p><strong>Politiets operasjonsleder sa p\u00e5 dette tidspunktet at det ikke var spredningsfare til fj\u00f8set.<\/strong><\/p>\n<p>\u2013 Fj\u00f8s er forel\u00f8pig ikke i fare for \u00e5 bli rammet av brannen. Sauene befinner seg fremdeles i bygningen.<\/p>\n<p>Til NRK sa brannvesenets Stian Kvam at huset trolig ikke kunne reddes.<\/p>\n<p><strong>\u2013 Bolighuset g\u00e5r nok tapt. Det brenner n\u00e5 kontrollert ned. Vi arbeider ogs\u00e5 med \u00e5 f\u00e5 kontroll p\u00e5 brannen i taket p\u00e5 garasjen, og forhindre at brannen sprer seg videre. <\/strong><\/p>\n<p>\u2013 Hva som har for\u00e5rsaker brannen, vites ikke p\u00e5 n\u00e5v\u00e6rende tidspunkt, la Kvam til.<\/p>\n<p>Fareniv\u00e5 nedjustert<\/p>\n<p>Brannvesenet nedjusterte fareniv\u00e5et rundt klokken 16.00. Brannen i garasjen meldtes da \u00e5 v\u00e6re kontroll p\u00e5.<\/p>\n<p>\u2013 Per n\u00e5 er det mindre spredningsfare. Vi f\u00e5r god gevinst av slukningsarbeidet p\u00e5 stedet, men bolighuset er dessverre helt nedbrent, sa vaktkommand\u00f8r Kvam til NRK og la til:<\/p>\n<p>\u2013 Vi har klart \u00e5 begrense brannen til bolig og garasje. Det er fremdeles spredningsfare til andre bygg p\u00e5 g\u00e5rdstunet, men ikke til noen naboer.<\/p>\n<p>Kvam bekreftet til NRK klokken 16.35 at arbeidet har g\u00e5tt over til etterslukking.<\/p>\n<p><strong>Klokken 16.53 ble brannen offisielt meldt slukket. Brannvesenet blir p\u00e5 stedet og gj\u00f8r etterslukkingsarbeid utover kvelden. <\/strong><\/p>\n<p>Publisert<\/p>\n<p>10.01.2026, kl. 15.38<\/p>\n<p>Oppdatert<\/p>\n<p>10.01.2026, kl. 17.45<\/p>\n","protected":false},"excerpt":{"rendered":"Siste: Klokken 16.53 ble brannen meldt slukket. Brannvesenet driver etterslukking. Bolighuset er helt nedbrent. Det var klokken 15.20&hellip;\n","protected":false},"author":2,"featured_media":134270,"comment_status":"","ping_status":"","sticky":false,"template":"","format":"standard","meta":{"footnotes":""},"categories":[10],"tags":[20,21,24,25,15,22,23,13,30,28,29,14,16,26,27],"class_list":{"0":"post-134269","1":"post","2":"type-post","3":"status-publish","4":"format-standard","5":"has-post-thumbnail","7":"category-norge","8":"tag-breaking-news","9":"tag-breakingnews","10":"tag-featured-news","11":"tag-featurednews","12":"tag-headlines","13":"tag-latest-news","14":"tag-latestnews","15":"tag-news","16":"tag-no","17":"tag-norge","18":"tag-norway","19":"tag-nyheter","20":"tag-overskrifter","21":"tag-top-stories","22":"tag-topstories"},"share_on_mastodon":{"url":"https:\/\/pubeurope.com\/@no\/115873433886617062","error":""},"_links":{"self":[{"href":"https:\/\/www.europesays.com\/no\/wp-json\/wp\/v2\/posts\/134269","targetHints":{"allow":["GET"]}}],"collection":[{"href":"https:\/\/www.europesays.com\/no\/wp-json\/wp\/v2\/posts"}],"about":[{"href":"https:\/\/www.europesays.com\/no\/wp-json\/wp\/v2\/types\/post"}],"author":[{"embeddable":true,"href":"https:\/\/www.europesays.com\/no\/wp-json\/wp\/v2\/users\/2"}],"replies":[{"embeddable":true,"href":"https:\/\/www.europesays.com\/no\/wp-json\/wp\/v2\/comments?post=134269"}],"version-history":[{"count":0,"href":"https:\/\/www.europesays.com\/no\/wp-json\/wp\/v2\/posts\/134269\/revisions"}],"wp:featuredmedia":[{"embeddable":true,"href":"https:\/\/www.europesays.com\/no\/wp-json\/wp\/v2\/media\/134270"}],"wp:attachment":[{"href":"https:\/\/www.europesays.com\/no\/wp-json\/wp\/v2\/media?parent=134269"}],"wp:term":[{"taxonomy":"category","embeddable":true,"href":"https:\/\/www.europesays.com\/no\/wp-json\/wp\/v2\/categories?post=134269"},{"taxonomy":"post_tag","embeddable":true,"href":"https:\/\/www.europesays.com\/no\/wp-json\/wp\/v2\/tags?post=134269"}],"curies":[{"name":"wp","href":"https:\/\/api.w.org\/{rel}","templated":true}]}}