{"id":134273,"date":"2026-01-10T23:41:10","date_gmt":"2026-01-10T23:41:10","guid":{"rendered":"https:\/\/www.europesays.com\/no\/134273\/"},"modified":"2026-01-10T23:41:10","modified_gmt":"2026-01-10T23:41:10","slug":"nyheter-sokerliste-populaer-jobb-fikk-26-sokere-her-er-hele-sokerlisten","status":"publish","type":"post","link":"https:\/\/www.europesays.com\/no\/134273\/","title":{"rendered":"Nyheter, S\u00f8kerliste | Popul\u00e6r jobb fikk 26 s\u00f8kere \u2013 her er hele s\u00f8kerlisten"},"content":{"rendered":"\n<p>Det er Nome og Midt-Telemark IKT som har lyst ut denne jobben. Selskapet er et interkommunalt samarbeidsselskap mellom Midt-Telemark og Nome kommuner, og det er Midt-Telemark kommune som er vertskommune. Avdelingen har 12 ansatte, inkludert en l\u00e6rling, og holder til i egne lokaler i B\u00f8 sentrum. <\/p>\n<p>\u2013 Vi drifter IT-systemene for begge kommunene og har stort fokus p\u00e5 et godt arbeidsmilj\u00f8 og faglig utvikling, het det i utlysningen.<\/p>\n<p>Arbeidsoppgavene best\u00e5r av:<\/p>\n<p>* Feils\u00f8king og installasjon av godkjent programvare.<\/p>\n<p>* Rask og effektiv probleml\u00f8sning og veiledning av brukere.<\/p>\n<p>* Installasjon og tilkobling av nytt IT-utstyr.<\/p>\n<p>* Administrasjon av brukere og grupper.<\/p>\n<p>* Overv\u00e5king av kritiske systemer og infrastruktur.<\/p>\n<p>* Support via telefon, IT-supportsystem, og ved behov, ute hos kunde.<\/p>\n<p>* Deltakelse i servicedesk og l\u00f8pende oppf\u00f8lging av saker.<\/p>\n<p>* Bidra til kunnskapsbygging gjennom dokumentasjon.<\/p>\n<p>* Videreutvikling og forbedring av prosesser, rutiner og dokumentasjon.<\/p>\n<p>* Arbeid med AD, Azure AD, Microsoft 365, MFA, Intune, PC, mobil, iPad og m\u00f8teromsutstyr<\/p>\n<p>Plattformene som brukes er VMWare, Microsoft-servere, Cisco- og HP-svitsjer, Fortigate-brannmurer og egne skyl\u00f8sninger etter grundige ROS-analyser. Kommunene benytter Office 365 (Teams, OneDrive, SharePoint og Exchange).<\/p>\n<p><b>Her er hele s\u00f8kerlisten:<\/b><\/p>\n<p>1. Bartlomiej Sobieraj, 26 \u00e5r, mann, Lier.<\/p>\n<p>2. Sugal Aden, 26 \u00e5r, mann, Skien.<\/p>\n<p>3. Mathias Wirgeness Enggrav, 31 \u00e5r, mann, tilkallingsvikar, Notodden.<\/p>\n<p>4. Vijay Peerapur, 45 \u00e5r, mann, consultant, Koppal, India.<\/p>\n<p>5. Andreas Undrum Noer, 27 \u00e5r, mann, IT-konsulent, Notodden.<\/p>\n<p>6. Ayyad Anwar, 36 \u00e5r, mann, cloud engineer\/IT-support\/AI-integration, Skien.<\/p>\n<p>7. Ole Huseby Riiser, 22 \u00e5r, mann, kundest\u00f8tte, indre \u00d8stfold.<\/p>\n<p>8. Mehmet Capa, 35 \u00e5r, mann, IT-konsulent\/r\u00e5dgiver, R\u00e6lingen.<\/p>\n<p>9. Abdulilah Okkesh, 26 \u00e5r, mann, dataingeni\u00f8r, Notodden.<\/p>\n<p>10. J\u00f8rgen Martinsen, 29 \u00e5r, mann, IT-konsulent, Senja.<\/p>\n<p>11. Ivan Kristian Somby, 21 \u00e5r, mann, supportkonsulent, Kongsberg.<\/p>\n<p>12. Mohammad Idrees Sheikh, 36 \u00e5r, mann, researcher at Decentralized Systems Engineering (DSE) Lab, Gj\u00f8vik.<\/p>\n<p>13. Christian Thorsen, 28 \u00e5r, mann, konsulent, Nome.<\/p>\n<p>14. Jon Andre Knedahl, 26 \u00e5r, mann, l\u00e6rervikar, Nome.<\/p>\n<p>15. Wael Alkhatib, 33 \u00e5r, mann, frivillig i R\u00f8de Kors, Midt-Telemark.<\/p>\n<p>16. Markus Moen Magnussen, 29 \u00e5r, mann, teknisk leder, Skien.<\/p>\n<p>17. Jaya Surbiryala, 30 \u00e5r, kvinne, registreringspersonell, Strand.<\/p>\n<p>18. Fatih Kurtg\u00f6z\u00fc, 42 \u00e5r, mann, l\u00e6rer, Skien.<\/p>\n<p>19. Hesam Ameri, 28 \u00e5r, mann, programvareingeni\u00f8r, Midt-Telemark.<\/p>\n<p>20. Erik Arve Lyngvard, 26 \u00e5r, mann, IKT-konsulent, Porsgrunn.<\/p>\n<p>21. Bj\u00f8rn Andre Innleggen, 25 \u00e5r, mann, IT-supportmedarbeider, Midt-Telemark.<\/p>\n<p>22. Einar Gangs\u00f8y Eide, 26 \u00e5r, mann, assisterende IT-r\u00e5dgiver, Bergen.<\/p>\n<p>23. Patrick Josephmary, 27 \u00e5r, mann, utvikler, Oslo.<\/p>\n<p>24. Oda Amalie Kise Hjertstr\u00f8m, 32 \u00e5r, kvinne, technical support consultant, Notodden.<\/p>\n<p>25. Rune Skretteberg, 57 \u00e5r, mann, IT-sjef\/salg og support spesialist, Drangedal.<\/p>\n<p>26. Thor Kristian Leirbakken Tharaldsen, 31 \u00e5r, mann, IT-praksiskandidat, Orkland. <\/p>\n","protected":false},"excerpt":{"rendered":"Det er Nome og Midt-Telemark IKT som har lyst ut denne jobben. Selskapet er et interkommunalt samarbeidsselskap mellom&hellip;\n","protected":false},"author":2,"featured_media":134274,"comment_status":"","ping_status":"","sticky":false,"template":"","format":"standard","meta":{"footnotes":""},"categories":[56],"tags":[465,36,60,61,626,62,30,15465,28,29,14,15464,1510],"class_list":{"0":"post-134273","1":"post","2":"type-post","3":"status-publish","4":"format-standard","5":"has-post-thumbnail","7":"category-naeringsliv","8":"tag-arbeidsliv","9":"tag-art","10":"tag-business","11":"tag-economy","12":"tag-midt-telemark","13":"tag-naeringsliv","14":"tag-no","15":"tag-nome","16":"tag-norge","17":"tag-norway","18":"tag-nyheter","19":"tag-sokerliste","20":"tag-story"},"share_on_mastodon":{"url":"https:\/\/pubeurope.com\/@no\/115873453401280238","error":""},"_links":{"self":[{"href":"https:\/\/www.europesays.com\/no\/wp-json\/wp\/v2\/posts\/134273","targetHints":{"allow":["GET"]}}],"collection":[{"href":"https:\/\/www.europesays.com\/no\/wp-json\/wp\/v2\/posts"}],"about":[{"href":"https:\/\/www.europesays.com\/no\/wp-json\/wp\/v2\/types\/post"}],"author":[{"embeddable":true,"href":"https:\/\/www.europesays.com\/no\/wp-json\/wp\/v2\/users\/2"}],"replies":[{"embeddable":true,"href":"https:\/\/www.europesays.com\/no\/wp-json\/wp\/v2\/comments?post=134273"}],"version-history":[{"count":0,"href":"https:\/\/www.europesays.com\/no\/wp-json\/wp\/v2\/posts\/134273\/revisions"}],"wp:featuredmedia":[{"embeddable":true,"href":"https:\/\/www.europesays.com\/no\/wp-json\/wp\/v2\/media\/134274"}],"wp:attachment":[{"href":"https:\/\/www.europesays.com\/no\/wp-json\/wp\/v2\/media?parent=134273"}],"wp:term":[{"taxonomy":"category","embeddable":true,"href":"https:\/\/www.europesays.com\/no\/wp-json\/wp\/v2\/categories?post=134273"},{"taxonomy":"post_tag","embeddable":true,"href":"https:\/\/www.europesays.com\/no\/wp-json\/wp\/v2\/tags?post=134273"}],"curies":[{"name":"wp","href":"https:\/\/api.w.org\/{rel}","templated":true}]}}