{"id":134275,"date":"2026-01-10T23:42:08","date_gmt":"2026-01-10T23:42:08","guid":{"rendered":"https:\/\/www.europesays.com\/no\/134275\/"},"modified":"2026-01-10T23:42:08","modified_gmt":"2026-01-10T23:42:08","slug":"danske-prester-praktiserer-fortsatt-gammelt-kjerringrad","status":"publish","type":"post","link":"https:\/\/www.europesays.com\/no\/134275\/","title":{"rendered":"Danske prester praktiserer fortsatt gammelt kjerringr\u00e5d"},"content":{"rendered":"<p>\n        PRESTEKJOLE: Enkelte prester i Danmark praktiserer fortsatt det gamle kjerringr\u00e5det om \u00e5 legge den karakteristiske svarte prestekjolen for rens i sn\u00f8en. Illustrasjonsfoto<br \/>\n        Foto: Wikimedia Commons\n    <\/p>\n<p>    Den spesielle tradisjonen skal visstnok bidra til \u00e5 friske opp ullen og fjerne luktproblemer p\u00e5 den kostbare prestekjolen.<\/p>\n<p>Det er <a href=\"https:\/\/www.kristeligt-dagblad.dk\/kirke-og-tro\/saesonen-rensning-af-praestekjoler-med-sne-er-begyndt\" rel=\"nofollow noopener\" target=\"_blank\">Kristeligt Dagblad<\/a> som kan fortelle om den gamle skikken enkelte prester fortsatt praktiserer.\u00a0<\/p>\n<p>N\u00e5r sn\u00f8fnuggene laver ned utenfor d\u00f8rstokken, s\u00f8rger noen av dem for \u00e5 legge prestekjolen ut i sn\u00f8en.<\/p>\n<p>B\u00e5de DK og tvSyd i Danmark har f\u00e5tt bekreftet at prester holder det gamle kjerringr\u00e5det i hevd.\u00a0<\/p>\n","protected":false},"excerpt":{"rendered":"PRESTEKJOLE: Enkelte prester i Danmark praktiserer fortsatt det gamle kjerringr\u00e5det om \u00e5 legge den karakteristiske svarte prestekjolen for&hellip;\n","protected":false},"author":2,"featured_media":134276,"comment_status":"","ping_status":"","sticky":false,"template":"","format":"standard","meta":{"footnotes":""},"categories":[12],"tags":[20,21,24,25,15,22,23,13,30,28,29,14,16,26,27,42,43,44,45],"class_list":{"0":"post-134275","1":"post","2":"type-post","3":"status-publish","4":"format-standard","5":"has-post-thumbnail","7":"category-verden","8":"tag-breaking-news","9":"tag-breakingnews","10":"tag-featured-news","11":"tag-featurednews","12":"tag-headlines","13":"tag-latest-news","14":"tag-latestnews","15":"tag-news","16":"tag-no","17":"tag-norge","18":"tag-norway","19":"tag-nyheter","20":"tag-overskrifter","21":"tag-top-stories","22":"tag-topstories","23":"tag-verden","24":"tag-world","25":"tag-world-news","26":"tag-worldnews"},"share_on_mastodon":{"url":"https:\/\/pubeurope.com\/@no\/115873457345815955","error":""},"_links":{"self":[{"href":"https:\/\/www.europesays.com\/no\/wp-json\/wp\/v2\/posts\/134275","targetHints":{"allow":["GET"]}}],"collection":[{"href":"https:\/\/www.europesays.com\/no\/wp-json\/wp\/v2\/posts"}],"about":[{"href":"https:\/\/www.europesays.com\/no\/wp-json\/wp\/v2\/types\/post"}],"author":[{"embeddable":true,"href":"https:\/\/www.europesays.com\/no\/wp-json\/wp\/v2\/users\/2"}],"replies":[{"embeddable":true,"href":"https:\/\/www.europesays.com\/no\/wp-json\/wp\/v2\/comments?post=134275"}],"version-history":[{"count":0,"href":"https:\/\/www.europesays.com\/no\/wp-json\/wp\/v2\/posts\/134275\/revisions"}],"wp:featuredmedia":[{"embeddable":true,"href":"https:\/\/www.europesays.com\/no\/wp-json\/wp\/v2\/media\/134276"}],"wp:attachment":[{"href":"https:\/\/www.europesays.com\/no\/wp-json\/wp\/v2\/media?parent=134275"}],"wp:term":[{"taxonomy":"category","embeddable":true,"href":"https:\/\/www.europesays.com\/no\/wp-json\/wp\/v2\/categories?post=134275"},{"taxonomy":"post_tag","embeddable":true,"href":"https:\/\/www.europesays.com\/no\/wp-json\/wp\/v2\/tags?post=134275"}],"curies":[{"name":"wp","href":"https:\/\/api.w.org\/{rel}","templated":true}]}}