{"id":134298,"date":"2026-01-11T01:36:10","date_gmt":"2026-01-11T01:36:10","guid":{"rendered":"https:\/\/www.europesays.com\/no\/134298\/"},"modified":"2026-01-11T01:36:10","modified_gmt":"2026-01-11T01:36:10","slug":"siste-kurdiske-krigere-forlater-aleppo-etter-dodelige-kamper","status":"publish","type":"post","link":"https:\/\/www.europesays.com\/no\/134298\/","title":{"rendered":"Siste kurdiske krigere forlater Aleppo etter d\u00f8delige kamper"},"content":{"rendered":"\n<p class=\"_lead_o9xde_2 _lead_xtcu6_50 layout-component text-serif-m layout-normal text-serif-l layout-component layout-wide layout-padded _wide_17hqh_1 layout-padded\">Over 140.000 mennesker er fordrevet fra byen denne uken.<\/p>\n<p><img alt=\" Foto: BILAL AL-HAMMOUD \/ EPA \/ NTB\" class=\"_image_qp4xg_65 layout-component layout-wide\" data-fullscreen- data-track-element-type=\"Article image fullscreen\" data-track-name=\"ImageFullscreen\" fetchpriority=\"high\" decoding=\"sync\" loading=\"eager\" height=\"4000\" itemprop=\"image\"  src=\"https:\/\/www.europesays.com\/no\/wp-content\/uploads\/2026\/01\/f74b0ee8-cd76-4cff-b938-5d8558ec4d69.jpeg\"  style=\"object-position:0% 0%\" width=\"6000\"\/> Foto: BILAL AL-HAMMOUD \/ EPA \/ NTB<\/p>\n<ul aria-hidden=\"true\" class=\"_images_ntbth_112\">\n<li><a class=\"_link_ntbth_117\" href=\"https:\/\/www.vg.no\/forfatter\/kari-aarstad-aase\" style=\"z-index:1\" title=\"Kari Aarstad Aase\" rel=\"nofollow noopener\" target=\"_blank\"><img alt=\"Bilde av Kari Aarstad Aase\" class=\"_image_ntbth_93\" fetchpriority=\"low\" loading=\"lazy\" decoding=\"async\" itemprop=\"image\"  src=\"https:\/\/www.europesays.com\/no\/wp-content\/uploads\/2026\/01\/1768095368_428_0dbde33e-6d8e-4680-8e4f-e2a64281e2b8.jpeg\"  width=\"480\"\/><\/a><\/li>\n<\/ul>\n<p> Oppdatert s\u00f8ndag 11. januar kl. 01:48     <\/p>\n<p class=\"_paragraph_o9xde_4 _paragraph_xtcu6_10 layout-component text-serif-m layout-normal text-serif-m layout-padded\">De siste kurdisk-ledede SDF-krigerne forlot den syriske byen <a href=\"https:\/\/www.vg.no\/tag\/aleppo?utm_source=vg-article&amp;utm_medium=auto-tagger&amp;utm_campaign=k0REE6\" class=\"_link_o9xde_39\" rel=\"nofollow noopener\" target=\"_blank\">Aleppo<\/a> s\u00f8ndag, melder statlige Ekhbariya TV. Dette skjedde etter en v\u00e5penhvileavtale som tillot evakuering etter dager med d\u00f8delige sammenst\u00f8t.<\/p>\n<p class=\"_paragraph_o9xde_4 _paragraph_xtcu6_10 layout-component text-serif-m layout-normal text-serif-m layout-padded\">Avreisen markerer slutten p\u00e5 kurdisk kontroll over deler av Aleppo som de har holdt siden Syrias krig begynte i 2011. Kurdiske styrker kontrollerer fortsatt store deler av nord\u00f8st-Syria.<\/p>\n<p><img alt=\"Foto: Khalil Ashawi \/ Reuters \/ NTB\" class=\"_image_qp4xg_65 layout-component layout-normal\" data-fullscreen- data-track-element-type=\"Article image fullscreen\" data-track-name=\"ImageFullscreen\" decoding=\"async\" loading=\"lazy\" height=\"4000\" itemprop=\"image\"  src=\"https:\/\/www.europesays.com\/no\/wp-content\/uploads\/2026\/01\/5b246c06-0f3d-44a2-b62d-867156c7d83b.jpeg\"  style=\"object-position:0% 0%\" width=\"6000\"\/>Foto: Khalil Ashawi \/ Reuters \/ NTB<\/p>\n<p class=\"_paragraph_o9xde_4 _paragraph_xtcu6_10 layout-component text-serif-m layout-normal text-serif-m layout-padded\">SDF-kommand\u00f8r Mazloum Abdi sa p\u00e5 X at gruppen hadde n\u00e5dd en forst\u00e5else gjennom internasjonal megling om v\u00e5penhvile og sikker evakuering av sivile og krigere fra Aleppos Ashrafiyah- og Sheikh Maksoud-omr\u00e5der.<\/p>\n<p><img alt=\"SDF-kommand\u00f8r Mazloum Abdi sa  Foto: DELIL SOULEIMAN \/ AFP \/ NTB\" class=\"_image_qp4xg_65 layout-component layout-normal\" data-fullscreen- data-track-element-type=\"Article image fullscreen\" data-track-name=\"ImageFullscreen\" decoding=\"async\" loading=\"lazy\" height=\"3552\" itemprop=\"image\"  src=\"https:\/\/www.europesays.com\/no\/wp-content\/uploads\/2026\/01\/84414590-04b0-4144-b2c7-88550923d1b5.jpeg\"  style=\"object-position:0% 0%\" width=\"5328\"\/>SDF-kommand\u00f8r Mazloum Abdi sa  Foto: DELIL SOULEIMAN \/ AFP \/ NTB<\/p>\n<p class=\"_paragraph_o9xde_4 _paragraph_xtcu6_10 layout-component text-serif-m layout-normal text-serif-m layout-padded\">Volden i Aleppo har forsterket en av hovedkonfliktene i Syria, der president Ahmed al-Sharaa har lovet \u00e5 forene landet under \u00e9n ledelse etter 14 \u00e5r med krig. Dette har m\u00f8tt motstand fra kurdiske styrker som er skeptiske til hans islamist-ledede regjering.<\/p>\n<p><img alt=\"Foto: Ghaith Alsayed \/ AP \/ NTB\" class=\"_image_qp4xg_65 layout-component layout-normal\" data-fullscreen- data-track-element-type=\"Article image fullscreen\" data-track-name=\"ImageFullscreen\" decoding=\"async\" loading=\"lazy\" height=\"4000\" itemprop=\"image\"  src=\"https:\/\/www.europesays.com\/no\/wp-content\/uploads\/2026\/01\/a1c89a89-9fb5-49d9-bf11-873b0ef5c8b8.jpeg\"  style=\"object-position:0% 0%\" width=\"6000\"\/>Foto: Ghaith Alsayed \/ AP \/ NTB<\/p>\n<p class=\"_paragraph_o9xde_4 _paragraph_xtcu6_10 layout-component text-serif-m layout-normal text-serif-m layout-padded\">USA og andre stormakter \u00f8nsket v\u00e5penhvile tidligere i uken, men kurdiske styrker nektet \u00e5 forlate sitt siste stronghold Sheikh Maksoud. Syrias h\u00e6r sa de ville gjennomf\u00f8re en bakkeoperation for \u00e5 fjerne dem.<\/p>\n<p><img alt=\"Foto: BILAL AL-HAMMOUD \/ EPA \/ NTB\" class=\"_image_qp4xg_65 layout-component layout-normal\" data-fullscreen- data-track-element-type=\"Article image fullscreen\" data-track-name=\"ImageFullscreen\" decoding=\"async\" loading=\"lazy\" height=\"3406\" itemprop=\"image\"  src=\"https:\/\/www.europesays.com\/no\/wp-content\/uploads\/2026\/01\/041808df-213b-425a-aeee-830b7d4f3afc.jpeg\"  style=\"object-position:0% 0%\" width=\"5108\"\/>Foto: BILAL AL-HAMMOUD \/ EPA \/ NTB<\/p>\n<p class=\"_paragraph_o9xde_4 _paragraph_xtcu6_10 layout-component text-serif-m layout-normal text-serif-m layout-padded\">Reuters-reportere s\u00e5 titalls menn, kvinner og barn str\u00f8mme ut av omr\u00e5det til fots. Syriske tropper satte dem p\u00e5 busser og sa de skulle til leirer opprettet for fordrevne.<\/p>\n<p class=\"_paragraph_o9xde_4 _paragraph_xtcu6_10 layout-component text-serif-m layout-normal text-serif-m layout-padded\">Kampene br\u00f8t ut tirsdag og har drept minst ni sivile, if\u00f8lge Reuters.<\/p>\n","protected":false},"excerpt":{"rendered":"Over 140.000 mennesker er fordrevet fra byen denne uken. Foto: BILAL AL-HAMMOUD \/ EPA \/ NTB Oppdatert s\u00f8ndag&hellip;\n","protected":false},"author":2,"featured_media":134299,"comment_status":"","ping_status":"","sticky":false,"template":"","format":"standard","meta":{"footnotes":""},"categories":[12],"tags":[13486,15466,20,21,24,25,15,22,23,13,30,28,29,14,16,7724,26,27,42,46,43,44,45],"class_list":{"0":"post-134298","1":"post","2":"type-post","3":"status-publish","4":"format-standard","5":"has-post-thumbnail","7":"category-verden","8":"tag-ahmed-al-sharaa","9":"tag-aleppo","10":"tag-breaking-news","11":"tag-breakingnews","12":"tag-featured-news","13":"tag-featurednews","14":"tag-headlines","15":"tag-latest-news","16":"tag-latestnews","17":"tag-news","18":"tag-no","19":"tag-norge","20":"tag-norway","21":"tag-nyheter","22":"tag-overskrifter","23":"tag-syria","24":"tag-top-stories","25":"tag-topstories","26":"tag-verden","27":"tag-vgai","28":"tag-world","29":"tag-world-news","30":"tag-worldnews"},"share_on_mastodon":{"url":"https:\/\/pubeurope.com\/@no\/115873905664622185","error":""},"_links":{"self":[{"href":"https:\/\/www.europesays.com\/no\/wp-json\/wp\/v2\/posts\/134298","targetHints":{"allow":["GET"]}}],"collection":[{"href":"https:\/\/www.europesays.com\/no\/wp-json\/wp\/v2\/posts"}],"about":[{"href":"https:\/\/www.europesays.com\/no\/wp-json\/wp\/v2\/types\/post"}],"author":[{"embeddable":true,"href":"https:\/\/www.europesays.com\/no\/wp-json\/wp\/v2\/users\/2"}],"replies":[{"embeddable":true,"href":"https:\/\/www.europesays.com\/no\/wp-json\/wp\/v2\/comments?post=134298"}],"version-history":[{"count":0,"href":"https:\/\/www.europesays.com\/no\/wp-json\/wp\/v2\/posts\/134298\/revisions"}],"wp:featuredmedia":[{"embeddable":true,"href":"https:\/\/www.europesays.com\/no\/wp-json\/wp\/v2\/media\/134299"}],"wp:attachment":[{"href":"https:\/\/www.europesays.com\/no\/wp-json\/wp\/v2\/media?parent=134298"}],"wp:term":[{"taxonomy":"category","embeddable":true,"href":"https:\/\/www.europesays.com\/no\/wp-json\/wp\/v2\/categories?post=134298"},{"taxonomy":"post_tag","embeddable":true,"href":"https:\/\/www.europesays.com\/no\/wp-json\/wp\/v2\/tags?post=134298"}],"curies":[{"name":"wp","href":"https:\/\/api.w.org\/{rel}","templated":true}]}}