{"id":134300,"date":"2026-01-11T01:43:19","date_gmt":"2026-01-11T01:43:19","guid":{"rendered":"https:\/\/www.europesays.com\/no\/134300\/"},"modified":"2026-01-11T01:43:19","modified_gmt":"2026-01-11T01:43:19","slug":"simen-velle-frp-vil-do-for-norge","status":"publish","type":"post","link":"https:\/\/www.europesays.com\/no\/134300\/","title":{"rendered":"Simen Velle (Frp) vil d\u00f8 for Norge"},"content":{"rendered":"<p> \u2013 Jeg som er en ung mann kan fort bli n\u00f8dt til \u00e5 gj\u00f8re min plikt, sier Simen Velle (Frp).<\/p>\n<p>TV 2 har invitert med Velle og Amalie Gunnufsen (H) til et finere m\u00e5ltid p\u00e5 den gule m\u00e5ke, ogs\u00e5 kjent som McDonalds. Restauranten skal v\u00e6re en favoritt hos president Donald Trump.\u00a0<\/p>\n<p>        <img class=\"image__img lazyload\" itemprop=\"image\" title=\"Foto: Foto: Doug Mills \/ Reuters \/ NTB\" alt=\"Bilde av Donald Trump som serverer fries p\u00e5 McDonalds i Pennsylvania, USA i 2024.\" width=\"675\" height=\"513\" bad-src=\"https:\/\/www.europesays.com\/no\/wp-content\/uploads\/2026\/01\/18448773.webp.jpeg\" fetchpriority=\"auto\" \/><\/p>\n<p>      FAVORITT: Det er velkjent at Trump elsker fast food. Her fra McDonalds i Pennsylvania under valgkampen i 2024.<br \/>\n         Foto: Foto: Doug Mills \/ Reuters \/ NTB<\/p>\n<p>Bordet er fylt til randen med amerikansk \u00abfast food\u00bb og stemningen er god. Men bakteppet er langt fra lystig.\u00a0<\/p>\n<p>\u2013 Det er jo ikke betryggende \u00e5 lese nyhetene som kommer fra USA. Men, vi er en generasjon som er mer negative enn foreldrene v\u00e5re. Vi er nok preget av mye alvor, sier Velle.<\/p>\n<p>En generasjon preget av uro<\/p>\n<p> De unge representantene har f\u00e5tt erfare at verden endrer seg fort. Bare siden nytt\u00e5r har Trump angrepet Venezuela og kommet med trusler mot Nato-allierte Danmark.\u00a0Men f\u00f8lelsen av frykt kjenner de ikke p\u00e5. <\/p>\n<p>        <img class=\"image__img lazyload\" itemprop=\"image\" title=\"Foto: Ditlev Eidsmo \/ TV 2\" alt=\"MAKT OG MILKSHAKE: Vi er vant til uro, sier Simen Velle (25) og Amalie Gunnufsen (29). Foto: Ditlev Eidsmo \/ TV 2\" width=\"675\" height=\"1013\" bad-src=\"https:\/\/www.europesays.com\/no\/wp-content\/uploads\/2026\/01\/18447304.webp.jpeg\" fetchpriority=\"auto\" \/><\/p>\n<p>      MAKT OG MILKSHAKE: Vi er vant til uro, sier Simen Velle (25) og Amalie Gunnufsen (29).<br \/>\n         Foto: Ditlev Eidsmo \/ TV 2<\/p>\n<p>\u2013 Jeg tipper at mange i foreldregenerasjonen som var voksne p\u00e5 90- og 2000-tallet g\u00e5r og venter p\u00e5 at alt skal bli bra igjen, fordi de opplever ro som normalen. Men for oss er ikke det normalt. Vi er vant til uro, sier Gunnufsen.\u00a0<\/p>\n<p>De trekker frem da Norge ble rammet av terror 22. juli\u00a0som noe de husker godt. Og finanskrise, pandemi, flere terrorangrep i Norge, konflikt i Midt\u00f8sten, dyrtid, invasjon og krig i Ukraina.\u00a0<\/p>\n<p>        <img class=\"image__img lazyload\" itemprop=\"image\" title=\"Foto: Ditlev Eidsmo \/ TV 2\" alt=\"DONUT WORRY: Det er jo lett \u00e5 si. Men ungdoms\u00e5rene til disse to har v\u00e6rt preget av mye alvor. Foto: Ditlev Eidsmo \/ TV 2\" width=\"675\" height=\"453\" bad-src=\"https:\/\/www.europesays.com\/no\/wp-content\/uploads\/2026\/01\/18448623.webp.jpeg\" fetchpriority=\"auto\" \/><\/p>\n<p>      DONUT WORRY: Det er jo lett \u00e5 si. Men ungdoms\u00e5rene til disse to har v\u00e6rt preget av mye alvor.<br \/>\n         Foto: Ditlev Eidsmo \/ TV 2<\/p>\n<p>\u2013 Men det er noe litt desorienterende ved det som skjer n\u00e5, sier Gunnufsen.<\/p>\n<p>\u2013 Vi er vant med tanken om at USA vil v\u00e6re der for oss hvis det skjer noe. Men n\u00e5 er spillereglene endret og det er USA som gj\u00f8r at vi ikke kan kjenne p\u00e5 trygghet, sier hun.<\/p>\n<p> Velle tar en bit av burgeren og nikker. <\/p>\n<p>Vil ikke svare p\u00e5 om Norge b\u00f8r bidra<\/p>\n<p>Ingen av de to stortingsrepresentantene vil svare p\u00e5 om Norge burde bidra dersom Trump gj\u00f8r alvor av truslene og tar Gr\u00f8nland.\u00a0<\/p>\n<p> \u2013 Det er et rent hypotetisk sp\u00f8rsm\u00e5l. I alle s\u00e5nne situasjoner er det tusen omstendigheter som m\u00e5 vurderes, sier Velle. <\/p>\n<p>De vil heller ikke svare ja eller nei p\u00e5 om de tror Trump faktisk vil ta Gr\u00f8nland fra Nato-allierte Danmark.\u00a0<\/p>\n<p>\u2013 Det er helt umulig \u00e5 svare p\u00e5 det. En ting er hva Donald Trump sier. Men s\u00e5 sier Marco Rubio noe, og spesialutsendingen noe annet og kongressmedlemmene noe annet der igjen, p\u00e5peker Velle.\u00a0<\/p>\n<p>        <img class=\"image__img lazyload\" itemprop=\"image\" title=\"Foto: Ditlev Eidsmo \/ TV 2\" alt=\"HAPPY MEAL: Simen Velle kj\u00f8pte vitsebok til seg selv i julegave. Den var visst verdt pengene. Foto: Ditlev Eidsmo \/ TV 2\" width=\"675\" height=\"453\" bad-src=\"https:\/\/www.europesays.com\/no\/wp-content\/uploads\/2026\/01\/18447283.webp.jpeg\" fetchpriority=\"auto\" \/><\/p>\n<p>      HAPPY MEAL: Simen Velle kj\u00f8pte vitsebok til seg selv i julegave. Den var visst verdt pengene.<br \/>\n         Foto: Ditlev Eidsmo \/ TV 2<\/p>\n<p> \u2013 Visst faen er det verdt \u00e5 d\u00f8 for<\/p>\n<p>Men \u00e9n ting er de tydelige p\u00e5. Selv om ingen av dem har gjennomf\u00f8rt f\u00f8rstegangstjenesten, vil de gj\u00f8re det som m\u00e5 til for \u00e5 forsvare Norge. Skulle det bli n\u00f8dvendig.\u00a0<\/p>\n<p>\u2013 Tanken p\u00e5 \u00e5 m\u00e5tte dra i krig skremmer meg selvsagt. Men jeg er veldig glad i Norge, s\u00e5 visst faen er det skummelt, men visst faen er det verdt \u00e5 d\u00f8 for ogs\u00e5, sl\u00e5r Velle fast.<\/p>\n<p>Amalie Gunnufsen er enig. <\/p>\n<p>\u2013 Jeg blir s\u00e5 oppgitt av de som sier at de ikke vil forsvare dagens regjering. Det er jo ikke dem du g\u00e5r til krig for, men det norske demokratiet og folkestyret. Det er landet ditt. Det er vennene og familien din, understreker hun.<\/p>\n","protected":false},"excerpt":{"rendered":"\u2013 Jeg som er en ung mann kan fort bli n\u00f8dt til \u00e5 gj\u00f8re min plikt, sier Simen&hellip;\n","protected":false},"author":2,"featured_media":134301,"comment_status":"","ping_status":"","sticky":false,"template":"","format":"standard","meta":{"footnotes":""},"categories":[12],"tags":[20,21,24,25,15,22,23,13,30,28,29,14,16,26,27,42,43,44,45],"class_list":{"0":"post-134300","1":"post","2":"type-post","3":"status-publish","4":"format-standard","5":"has-post-thumbnail","7":"category-verden","8":"tag-breaking-news","9":"tag-breakingnews","10":"tag-featured-news","11":"tag-featurednews","12":"tag-headlines","13":"tag-latest-news","14":"tag-latestnews","15":"tag-news","16":"tag-no","17":"tag-norge","18":"tag-norway","19":"tag-nyheter","20":"tag-overskrifter","21":"tag-top-stories","22":"tag-topstories","23":"tag-verden","24":"tag-world","25":"tag-world-news","26":"tag-worldnews"},"share_on_mastodon":{"url":"https:\/\/pubeurope.com\/@no\/115873933070202068","error":""},"_links":{"self":[{"href":"https:\/\/www.europesays.com\/no\/wp-json\/wp\/v2\/posts\/134300","targetHints":{"allow":["GET"]}}],"collection":[{"href":"https:\/\/www.europesays.com\/no\/wp-json\/wp\/v2\/posts"}],"about":[{"href":"https:\/\/www.europesays.com\/no\/wp-json\/wp\/v2\/types\/post"}],"author":[{"embeddable":true,"href":"https:\/\/www.europesays.com\/no\/wp-json\/wp\/v2\/users\/2"}],"replies":[{"embeddable":true,"href":"https:\/\/www.europesays.com\/no\/wp-json\/wp\/v2\/comments?post=134300"}],"version-history":[{"count":0,"href":"https:\/\/www.europesays.com\/no\/wp-json\/wp\/v2\/posts\/134300\/revisions"}],"wp:featuredmedia":[{"embeddable":true,"href":"https:\/\/www.europesays.com\/no\/wp-json\/wp\/v2\/media\/134301"}],"wp:attachment":[{"href":"https:\/\/www.europesays.com\/no\/wp-json\/wp\/v2\/media?parent=134300"}],"wp:term":[{"taxonomy":"category","embeddable":true,"href":"https:\/\/www.europesays.com\/no\/wp-json\/wp\/v2\/categories?post=134300"},{"taxonomy":"post_tag","embeddable":true,"href":"https:\/\/www.europesays.com\/no\/wp-json\/wp\/v2\/tags?post=134300"}],"curies":[{"name":"wp","href":"https:\/\/api.w.org\/{rel}","templated":true}]}}