{"id":134303,"date":"2026-01-11T03:08:07","date_gmt":"2026-01-11T03:08:07","guid":{"rendered":"https:\/\/www.europesays.com\/no\/134303\/"},"modified":"2026-01-11T03:08:07","modified_gmt":"2026-01-11T03:08:07","slug":"to-pagrepet-for-hallikvirksomhet-i-fredrikstad-siste-nytt-nrk","status":"publish","type":"post","link":"https:\/\/www.europesays.com\/no\/134303\/","title":{"rendered":"To p\u00e5grepet for hallikvirksomhet i Fredrikstad \u2013 Siste nytt \u2013\u00a0NRK"},"content":{"rendered":"<p>To menn er p\u00e5grepet for hallikvirksomhet i Fredrikstad. Politiet opps\u00f8kte en adresse etter mistanke om prostitusjon. De traff tre kvinner og en norsk mann. Mannen erkjente at han var der for \u00e5 kj\u00f8pe sex. Han er anmeldt.<\/p>\n<p>\u2013 I tilknytning til adressen s\u00e5 traff politiet ogs\u00e5 to menn, som de mistenker for hallikvirksomhet, og disse er da p\u00e5grepet, sier operasjonsleder Ronny Samuelsen til NRK. De skal avh\u00f8res.<\/p>\n<p>Kvinnene og de p\u00e5grepne er angivelig alle fra Romania, if\u00f8lge politiet.<\/p>\n","protected":false},"excerpt":{"rendered":"To menn er p\u00e5grepet for hallikvirksomhet i Fredrikstad. Politiet opps\u00f8kte en adresse etter mistanke om prostitusjon. De traff&hellip;\n","protected":false},"author":2,"featured_media":62464,"comment_status":"","ping_status":"","sticky":false,"template":"","format":"standard","meta":{"footnotes":""},"categories":[10],"tags":[20,21,24,25,15,22,23,13,30,28,29,14,16,26,27],"class_list":{"0":"post-134303","1":"post","2":"type-post","3":"status-publish","4":"format-standard","5":"has-post-thumbnail","7":"category-norge","8":"tag-breaking-news","9":"tag-breakingnews","10":"tag-featured-news","11":"tag-featurednews","12":"tag-headlines","13":"tag-latest-news","14":"tag-latestnews","15":"tag-news","16":"tag-no","17":"tag-norge","18":"tag-norway","19":"tag-nyheter","20":"tag-overskrifter","21":"tag-top-stories","22":"tag-topstories"},"share_on_mastodon":{"url":"https:\/\/pubeurope.com\/@no\/115874267334945316","error":""},"_links":{"self":[{"href":"https:\/\/www.europesays.com\/no\/wp-json\/wp\/v2\/posts\/134303","targetHints":{"allow":["GET"]}}],"collection":[{"href":"https:\/\/www.europesays.com\/no\/wp-json\/wp\/v2\/posts"}],"about":[{"href":"https:\/\/www.europesays.com\/no\/wp-json\/wp\/v2\/types\/post"}],"author":[{"embeddable":true,"href":"https:\/\/www.europesays.com\/no\/wp-json\/wp\/v2\/users\/2"}],"replies":[{"embeddable":true,"href":"https:\/\/www.europesays.com\/no\/wp-json\/wp\/v2\/comments?post=134303"}],"version-history":[{"count":0,"href":"https:\/\/www.europesays.com\/no\/wp-json\/wp\/v2\/posts\/134303\/revisions"}],"wp:featuredmedia":[{"embeddable":true,"href":"https:\/\/www.europesays.com\/no\/wp-json\/wp\/v2\/media\/62464"}],"wp:attachment":[{"href":"https:\/\/www.europesays.com\/no\/wp-json\/wp\/v2\/media?parent=134303"}],"wp:term":[{"taxonomy":"category","embeddable":true,"href":"https:\/\/www.europesays.com\/no\/wp-json\/wp\/v2\/categories?post=134303"},{"taxonomy":"post_tag","embeddable":true,"href":"https:\/\/www.europesays.com\/no\/wp-json\/wp\/v2\/tags?post=134303"}],"curies":[{"name":"wp","href":"https:\/\/api.w.org\/{rel}","templated":true}]}}