{"id":134310,"date":"2026-01-11T03:29:23","date_gmt":"2026-01-11T03:29:23","guid":{"rendered":"https:\/\/www.europesays.com\/no\/134310\/"},"modified":"2026-01-11T03:29:23","modified_gmt":"2026-01-11T03:29:23","slug":"per-axel-koch-er-ny-styreleder-i-helse-midt","status":"publish","type":"post","link":"https:\/\/www.europesays.com\/no\/134310\/","title":{"rendered":"Per Axel Koch er ny styreleder i Helse Midt"},"content":{"rendered":"<p data-testid=\"textWithMarkup-text\" data-v-81d7dc2b=\"\" data-v-62d58f52=\"\">Bente Glomset Vikhagen fra \u00c5lesund er ny i styret i Helse Midt. Hun er ogs\u00e5 kommunedirekt\u00f8r i Sula kommune.<\/p>\n<p data-testid=\"textWithMarkup-markup\" data-v-62d58f52=\"\">Av de eieroppnevnte medlemmene er det bare Steinar Kristoffersen fra Molde som fortsetter. De andre er nye er <a href=\"https:\/\/www.ntnu.no\/ansatte\/bjorn.haugstad\" rel=\"noopener nofollow\" target=\"_blank\">Bj\u00f8rn Haugstad<\/a>, nestleder (Trondheim), Roy B\u00f8rge Sigernes-S\u00f8rlie (Ranheim), Ragnhild Holmberg Aunsmo (Verdal) og Hege Leirfall Ingebrigtsen (Trondheim).<\/p>\n<p data-testid=\"textWithMarkup-markup\" data-v-62d58f52=\"\">Det melder <a href=\"https:\/\/www.regjeringen.no\/no\/aktuelt\/nye-styremedlemmer-i-de-regionale-helseforetakene\/id3145702\/\" rel=\"noopener nofollow\" target=\"_blank\">Helse- og omsorgsdepartementet<\/a> fredag ettermiddag.<\/p>\n<p>To hatter<\/p>\n<p data-testid=\"textWithMarkup-text\" data-v-81d7dc2b=\"\" data-v-62d58f52=\"\">Koch er ogs\u00e5 konsernsjef i Polaris Media ASA, som blant annet eier Sunnm\u00f8rsposten. Han skal fortsette i denne jobben. <\/p>\n<p data-testid=\"textWithMarkup-text\" data-v-81d7dc2b=\"\" data-v-62d58f52=\"\">\u2013 Hva er det som gj\u00f8r at du tenker det g\u00e5r bra \u00e5 ha begge disse rollene?<\/p>\n<p data-testid=\"textWithMarkup-text\" data-v-81d7dc2b=\"\" data-v-62d58f52=\"\">\u2013 Hvis ikke hadde jeg ikke sagt ja til dette. Jeg har ogs\u00e5 tidligere hatt roller som styreleder i ulike sammenhenger. Og jeg har jo ikke noe med innholdet i mediehusene \u00e5 gj\u00f8re. Vi har selvstendige redakt\u00f8rer, og det vil vi fortsette med. Dette skal man h\u00e5ndtere innenfor en redakt\u00f8rplakat som er veldig tydelig, sier Koch til Sunnm\u00f8rsposten. <\/p>\n<p data-testid=\"textWithMarkup-text\" data-v-81d7dc2b=\"\" data-v-62d58f52=\"\">\u2013 Hva er grunnen til at du har sagt ja til vervet som styreleder i Helse Midt?<\/p>\n<p data-testid=\"textWithMarkup-markup\" data-v-62d58f52=\"\"><strong>\u2013 Jeg syns det er et veldig spennende og utfordrende verv. Det er viktig at det norske samfunnet har et godt helsevesen. Det er utrolig viktig ogs\u00e5 for demokratiet. Og s\u00e5 har jeg vokst opp i en familie med leger og sjukepleiere. <\/strong><\/p>\n<p data-testid=\"textWithMarkup-text\" data-v-81d7dc2b=\"\" data-v-62d58f52=\"\">Koch understreker betydningen av b\u00e5de god pasientbehandling og en attraktiv arbeidsplass. <\/p>\n<p data-testid=\"textWithMarkup-text\" data-v-81d7dc2b=\"\" data-v-62d58f52=\"\">\u2013 Det er noen utfordringer rundt \u00f8konomien og rammene som er gitt oss fra staten. Og det er mye spennende i bruk av digitale hjelpemidler for \u00e5 gj\u00f8re helsetjenesten enda bedre. Jeg er sikker p\u00e5 at det styret som er valgt, vil gj\u00f8re en god jobb i \u00e5rene som kommer. <\/p>\n<p data-testid=\"textWithMarkup-markup\" data-v-62d58f52=\"\"><strong>Koch understreker at det han har sagt ja til er et viktig samfunnsoppdrag, og at han h\u00e5per han kan bidra p\u00e5 en god m\u00e5te i den rollen. <\/strong><\/p>\n<p>\u2013 Altoppslukende<\/p>\n<p data-testid=\"textWithMarkup-text\" data-v-81d7dc2b=\"\" data-v-62d58f52=\"\">Liv Stette (67) fra \u00c5lesund har v\u00e6rt i styret i 12 \u00e5r. <\/p>\n<p data-testid=\"textWithMarkup-text\" data-v-81d7dc2b=\"\" data-v-62d58f52=\"\">\u2013 Det er veldig lenge for et styreverv. Jeg meldte departementet etter sommeren at jeg \u00f8nsket \u00e5 tre ut, skriver hun i en SMS til Sunnm\u00f8rsposten.<\/p>\n<p data-testid=\"textWithMarkup-text\" data-v-81d7dc2b=\"\" data-v-62d58f52=\"\">Avg\u00e5ende styreleder Odd Inge Mj\u00f8en (67) forklarer avgangen slik:<\/p>\n<p data-testid=\"textWithMarkup-text\" data-v-81d7dc2b=\"\" data-v-62d58f52=\"\">\u2013 Jeg kan jo si det samme som jeg sa til departementet i fjor h\u00f8st. Jeg bruker altfor mye tid p\u00e5 dette styrevervet. Det er et altoppslukende arbeid. <\/p>\n<p data-testid=\"textWithMarkup-text\" data-v-81d7dc2b=\"\" data-v-62d58f52=\"\">\u2013 Jeg har brukt veldig mye tid p\u00e5 det, noe som g\u00e5r ut over andre prioriteringer som jeg har, avslutter Mj\u00f8en.<\/p>\n<p>Kritikk av systemet<\/p>\n<p data-testid=\"textWithMarkup-markup\" data-v-62d58f52=\"\"><strong>Styremedlem John Arne Moen fra Fr\u00f8ya har ikke v\u00e6rt forn\u00f8yd med styringa av de underliggende helseforetakene. Han oppgir dette som grunn for at han har trukket seg.<\/strong><\/p>\n<p data-testid=\"textWithMarkup-markup\" data-v-62d58f52=\"\">\u2013 En viktig grunn for mitt valg er at jeg finner styringssystemet som veldig krevende. Det regionale styret st\u00e5r til ansvar overfor helsedepartementet fullt og helt, uten at vi har styringsrett over de underordnede helseforetakene som har egne styrer, sier Moen til <a href=\"https:\/\/www.t-a.no\/masseflukt-fra-helsestyret-na-ma-helt-nye-ansikter-rydde-opp\/s\/5-116-2282786\" rel=\"noopener nofollow\" target=\"_blank\">Tr\u00f8nder-Avisa<\/a>.<\/p>\n<p data-testid=\"textWithMarkup-text\" data-v-81d7dc2b=\"\" data-v-62d58f52=\"\">Det ser alts\u00e5 ut til at Moen hadde \u00f8nsket mer makt til Tr\u00f8ndelag i denne sammenhengen. Sunnm\u00f8rsposten har snakket med Moen. Han \u00f8nsker ikke \u00e5 si noe mer i denne saken.<\/p>\n<p data-testid=\"textWithMarkup-text\" data-v-81d7dc2b=\"\" data-v-62d58f52=\"\">Mj\u00f8en kommenterte Moens utsagn slik fredag formiddag:<\/p>\n<p data-testid=\"textWithMarkup-text\" data-v-81d7dc2b=\"\" data-v-62d58f52=\"\">\u2013 I foretaksloven har vi styringsrett over de helseforetaka vi eier. De har egne styrer med egne meninger. Det m\u00e5 du forholde deg til n\u00e5r du g\u00e5r inn i et slikt verv.<\/p>\n<p data-testid=\"textWithMarkup-text\" data-v-81d7dc2b=\"\" data-v-62d58f52=\"\">\u2013 Det Moen sier om styringsrett stemmer alts\u00e5 ikke juridisk. Kan det likevel v\u00e6re at i det praktiske arbeidet ligger det noe her?<\/p>\n<p data-testid=\"textWithMarkup-markup\" data-v-62d58f52=\"\">\u2013 Jeg f\u00f8ler at vi har hatt et godt og konstruktivt samarbeid med foretaksstyrene. S\u00e5 hadde vi en diskusjon med Helse M\u00f8re og Romsdal der vi valgte \u00e5 <a href=\"https:\/\/www.smp.no\/nyheter\/n\/zABGMO\/ny-styreleiar-faar-millionutfordring-i-fanget\" rel=\"noopener nofollow\" target=\"_blank\">skifte styreleder i fjor sommer<\/a>. Jeg f\u00f8lte at vi trengte \u00e5 f\u00e5 inn andre perspektiver, svarer Mj\u00f8en.<\/p>\n","protected":false},"excerpt":{"rendered":"Bente Glomset Vikhagen fra \u00c5lesund er ny i styret i Helse Midt. Hun er ogs\u00e5 kommunedirekt\u00f8r i Sula&hellip;\n","protected":false},"author":2,"featured_media":134311,"comment_status":"","ping_status":"","sticky":false,"template":"","format":"standard","meta":{"footnotes":""},"categories":[10],"tags":[20,21,24,25,15,22,23,13,30,28,29,14,16,26,27],"class_list":{"0":"post-134310","1":"post","2":"type-post","3":"status-publish","4":"format-standard","5":"has-post-thumbnail","7":"category-norge","8":"tag-breaking-news","9":"tag-breakingnews","10":"tag-featured-news","11":"tag-featurednews","12":"tag-headlines","13":"tag-latest-news","14":"tag-latestnews","15":"tag-news","16":"tag-no","17":"tag-norge","18":"tag-norway","19":"tag-nyheter","20":"tag-overskrifter","21":"tag-top-stories","22":"tag-topstories"},"share_on_mastodon":{"url":"https:\/\/pubeurope.com\/@no\/115874349866546061","error":""},"_links":{"self":[{"href":"https:\/\/www.europesays.com\/no\/wp-json\/wp\/v2\/posts\/134310","targetHints":{"allow":["GET"]}}],"collection":[{"href":"https:\/\/www.europesays.com\/no\/wp-json\/wp\/v2\/posts"}],"about":[{"href":"https:\/\/www.europesays.com\/no\/wp-json\/wp\/v2\/types\/post"}],"author":[{"embeddable":true,"href":"https:\/\/www.europesays.com\/no\/wp-json\/wp\/v2\/users\/2"}],"replies":[{"embeddable":true,"href":"https:\/\/www.europesays.com\/no\/wp-json\/wp\/v2\/comments?post=134310"}],"version-history":[{"count":0,"href":"https:\/\/www.europesays.com\/no\/wp-json\/wp\/v2\/posts\/134310\/revisions"}],"wp:featuredmedia":[{"embeddable":true,"href":"https:\/\/www.europesays.com\/no\/wp-json\/wp\/v2\/media\/134311"}],"wp:attachment":[{"href":"https:\/\/www.europesays.com\/no\/wp-json\/wp\/v2\/media?parent=134310"}],"wp:term":[{"taxonomy":"category","embeddable":true,"href":"https:\/\/www.europesays.com\/no\/wp-json\/wp\/v2\/categories?post=134310"},{"taxonomy":"post_tag","embeddable":true,"href":"https:\/\/www.europesays.com\/no\/wp-json\/wp\/v2\/tags?post=134310"}],"curies":[{"name":"wp","href":"https:\/\/api.w.org\/{rel}","templated":true}]}}