{"id":134314,"date":"2026-01-11T03:43:30","date_gmt":"2026-01-11T03:43:30","guid":{"rendered":"https:\/\/www.europesays.com\/no\/134314\/"},"modified":"2026-01-11T03:43:30","modified_gmt":"2026-01-11T03:43:30","slug":"mot-de-nye-deltakerne-i-team-polsa-sesong-2","status":"publish","type":"post","link":"https:\/\/www.europesays.com\/no\/134314\/","title":{"rendered":"M\u00f8t de nye deltakerne i Team P\u00f8lsa sesong 2"},"content":{"rendered":"<p class=\"kicker \" style=\"\">\u00abTeam P\u00f8lsa\u00bb sesong to:<\/p>\n<p>    Deltakerne til den andre sesongen av seerfavoritten \u00abTeam P\u00f8lsa\u00bb er klare.\u00a0<\/p>\n<p>\n    NY GJENG: Disse skal v\u00e6re med i den andre sesongen av \u00abTeam P\u00f8lsa\u00bb. Bak fra venstre: Alva, Erik og Eleah. Foran fra venstre: Kornelius, Synne, \u00d8ystein (teamleder) og Benjamin. Foto: Erlend L\u00e5nke Solbu \/ NRK\n  <\/p>\n<p>I fjor vinter sjarmerte \u00abTeam P\u00f8lsa\u00bb hele det norske folk da de fullf\u00f8rte et skirenn i VM-l\u00f8ypene i Trondheim.<\/p>\n<p class=\"font-weight-bold m-font-weight-bold\" data-lab-font_weight=\"font-weight-bold\">I sesong to har teamleder \u00d8ystein Pettersen lagt lista enda h\u00f8yere. I tillegg til \u00e5 gjennomf\u00f8re et hardt skirenn, skal \u00e5rets deltakere l\u00e6re seg \u00e5 skyte.<\/p>\n<p>    <a itemprop=\"url\" href=\"https:\/\/www.dagbladet.no\/kjendis\/invitert-av-kongen-en-aere\/83833264\" rel=\"nofollow noopener\" target=\"_blank\"><\/p>\n<p>        <img loading=\"lazy\" decoding=\"async\" src=\"https:\/\/www.europesays.com\/no\/wp-content\/uploads\/2026\/01\/83833702.webp.webp\" width=\"980\" height=\"441\" title=\"Invitert av kongen: - En \u00e6re\" alt=\"\" class=\"lazyload\" style=\"--aspect-ratio-image: 2.22; \"\/><\/p>\n<p>        Invitert av kongen: &#8211; En \u00e6re<\/p>\n<p>    <\/a><\/p>\n<p class=\"no_italic m-no_italic font-weight-normal m-font-weight-normal\" data-lab-font_weight=\"font-weight-normal\" data-lab-italic=\"\">Det opplyser NRK i en pressemelding fredag morgen.<\/p>\n<p>Synne, Kornelius, Eleah, Benjamin, Alva og Erik skal pr\u00f8ve seg i skiskyting i de knallharde l\u00f8ypene i Holmenkollen torsdag 19. mars.<\/p>\n<p>        GULLRUTEN: \u00d8ystein \u00abP\u00f8lsa\u00bb Pettersen forteller om planene for sesong 2 av \u00abTeam P\u00f8lsa\u00bb. Video: \u00abTeam P\u00f8lsa\u00bb\/NRK, Falch\/Hope.<\/p>\n<p>&#8211; Modigere enn de aller fleste\t<\/p>\n<p>Denne sesongen blir det mer fokus p\u00e5 det mentale. Ungdommene viser at deres st\u00f8rste begrensning ikke er funksjonsnedsettelsen, men manglende tro p\u00e5 seg selv, skriver NRK.<\/p>\n<p>&#8211; Seerne kan forvente massevis av heltemot, motstand, jobbing, vonde erfaringer, sterke f\u00f8lelser, gode opplevelser og seks herlige ungdommer som er modigere enn de aller fleste. Forh\u00e5pentligvis vil de se en serie som treffer p\u00e5 et menneskelig plan &#8211; og som vil gj\u00f8re b\u00e5de litt vondt og masse godt, sier \u00d8ystein Pettersen.<\/p>\n<p>&#8211; De nye deltakerne er like flotte som de forrige, og jeg har blitt s\u00e5 glad i dem alle sammen. Jeg tror ogs\u00e5 seerne kommer til \u00e5 erfare det samme som meg. Deltakerne i forrige sesong blir ikke glemt, men dere f\u00e5r flere helter \u00e5 heie p\u00e5. De er herlige og ulike p\u00e5 hvert sitt vis, sier teamlederen.<\/p>\n<p>        FALLER: I det nye NRK-programmet \u00abTeam P\u00f8lsa\u00bb skal seks ungdommer med ulike funksjonsnedsettelser gjennom personlige utfordringer mot m\u00e5let om VM i Trondheim. Video: NRK\/R\u00f8d L\u00f8per<\/p>\n<p class=\"font-weight-bold m-font-weight-bold\" data-lab-font_weight=\"font-weight-bold\">Dette er ungdommene i den nye sesongen:<\/p>\n<p class=\"font-weight-bold m-font-weight-bold\" data-lab-font_weight=\"font-weight-bold\">Synne Lykkeslet (14)<\/p>\n<p>        <img loading=\"lazy\" decoding=\"async\" src=\"https:\/\/www.europesays.com\/no\/wp-content\/uploads\/2026\/01\/84075091.webp.webp\" width=\"686\" height=\"460\" title=\"Foto: Erlend L\u00e5nke Solbu \/ NRK\" alt=\"\" class=\"\" style=\"--aspect-ratio-image: 1.49; \"\/><\/p>\n<p>\n        Foto: Erlend L\u00e5nke Solbu \/ NRK\n    <\/p>\n<p>Synne elsker norske kjendiser, podkasten \u00abDesken brenner\u00bb og dr\u00f8mmer om \u00e5 bli skuespiller. Hun skriver egne sangtekster og liker \u00e5 dikte historier.<\/p>\n<p>Funksjonsnedsettelse: OCD, autisme og Tourettes syndrom.<\/p>\n<p>\u00d8ystein om Synne:<\/p>\n<p>&#8211; Jenta med det lure smilet og som viser det fram n\u00e5r hun er trygg nok til det. Synne er sylskarp, analytisk, full av humor og liv. Hun er ei jente det er umulig \u00e5 ikke bli glad i, og hun blir ogs\u00e5 fort glad i andre mennesker. N\u00e5r Synne er i sitt ess, spiller hun samtlige rundt seg gode. Synne er lagspilleren som har savnet noen p\u00e5 laget sitt.<\/p>\n<p class=\"font-weight-bold m-font-weight-bold\" data-lab-font_weight=\"font-weight-bold\">Kornelius Smeby-Ryen (13)<\/p>\n<p>        <img loading=\"lazy\" decoding=\"async\" src=\"https:\/\/www.europesays.com\/no\/wp-content\/uploads\/2026\/01\/84075110.webp.webp\" width=\"980\" height=\"559\" title=\"Foto: Robert R\u00f8nning \/ NRK\" alt=\"\" class=\"\" style=\"--aspect-ratio-image: 1.75; \"\/><\/p>\n<p>\n        Foto: Robert R\u00f8nning \/ NRK\n    <\/p>\n<p>Kornelius kunne sv\u00f8mme f\u00f8r han var ferdig i barnehagen. Han spiller bordtennis, rullestolh\u00e5ndball, synger i kor og er glad i dyr. Han har flere pinnedyr og to katter. Kornelius har en bamse som heter Boffen som har v\u00e6rt en trofast venn gjennom mange \u00e5r. Han er en habil skytter med et stort hjerte.<\/p>\n<p>Funksjonsnedsettelse: Ryggmargsbrokk og hydrocephalus.<\/p>\n<p>\u00d8ystein om Kornelius:<\/p>\n<p>&#8211; Her snakker vi om en r\u00e5tass. Kornelius er r\u00e5 til \u00e5 se l\u00f8sninger. Sjelden har jeg truffet noen som er r\u00e5ere p\u00e5 gjennomf\u00f8ring enn Kornelius. Han er sta som en bukk, og det er et kompliment. Han er et fantastisk samlingspunkt i gruppa og representerer tryggheten n\u00e5r det bl\u00e5ser. Kornelius er rolig som skj\u00e6ra p\u00e5 tunet og sterk som en bj\u00f8rn. Nevnte jeg hjerte av gull?<\/p>\n<p class=\"font-weight-bold m-font-weight-bold\" data-lab-font_weight=\"font-weight-bold\">Eleah Tysdal (13)<\/p>\n<p>        <img loading=\"lazy\" decoding=\"async\" src=\"https:\/\/www.europesays.com\/no\/wp-content\/uploads\/2026\/01\/84075095.webp.webp\" width=\"686\" height=\"460\" title=\"Foto: Robert R\u00f8nning \/ NRK\" alt=\"\" class=\"\" style=\"--aspect-ratio-image: 1.49; \"\/><\/p>\n<p>\n        Foto: Robert R\u00f8nning \/ NRK\n    <\/p>\n<p>Eleah er den omsorgsfulle og energifulle jenta i laget. Hun elsker sj\u00f8gress, tomatsuppe og kosebamser. Hun m\u00e5tte slutte p\u00e5 turn fordi hun hadde for mye energi. Det eneste stedet hun slapper helt av er n\u00e5r hun fisker.<\/p>\n<p>Funksjonsnedsettelse: ADHD og utviklingshemming.<\/p>\n<p>\u00d8ystein om Eleah:<\/p>\n<p>&#8211; Det er alltid liv rundt Eleah, og det er umulig \u00e5 ikke f\u00e5 et smil om munnen n\u00e5r hun dukker opp. Ei mer omsorgsfull jente tror jeg knapt finnes. I laget er Eleah den som sikrer klemmer hvis noen trenger det, som backer n\u00e5r det trengs og som mer enn gjerne svir av litt krutt for \u00e5 f\u00e5 arbeidet gjort. En herlig motor i laget. Hennes \u00f8nske er f\u00f8rst og fremst \u00e5 f\u00e5 v\u00e6re med i gjengen og bli sett for hvem hun er.<\/p>\n<p class=\"font-weight-bold m-font-weight-bold\" data-lab-font_weight=\"font-weight-bold\">Benjamin Midtb\u00f8 H\u00f8ydal (11)<\/p>\n<p>        <img loading=\"lazy\" decoding=\"async\" src=\"https:\/\/www.europesays.com\/no\/wp-content\/uploads\/2026\/01\/84075093.webp.webp\" width=\"980\" height=\"559\" title=\"Foto: Robert R\u00f8nning \/ NRK\" alt=\"\" class=\"\" style=\"--aspect-ratio-image: 1.75; \"\/><\/p>\n<p>\n        Foto: Robert R\u00f8nning \/ NRK\n    <\/p>\n<p>Benjamin er \u00e5rets yngste deltaker. Han padler kajakk, liker \u00e5 kj\u00f8re b\u00e5t og \u00e5 jakte. Han er en aktiv gutt som elsker slal\u00e5m, skyting og fotball. Benjamin har et utrolig godt hum\u00f8r som det er lett \u00e5 bli smittet av.<\/p>\n<p>Funksjonsnedsettelse: Dysmeli.<\/p>\n<p>\u00d8ystein om Benjamin:<\/p>\n<p>&#8211; Han er en herlig gutt som traff meg fra f\u00f8rste sekund. Benjamin er modig og fantastisk, samtidig som han er s\u00e5r og \u00e6rlig. Han har et naturlig behov for \u00e5 v\u00e6re en ressurs og har ogs\u00e5 enormt mye \u00e5 by p\u00e5. Benjamin er en tillitsfull 11-\u00e5ring som jeg har blitt s\u00e5 glad i. Han er en skikkelig ekspert p\u00e5 \u00e5 se l\u00f8sninger for seg selv og andre.<\/p>\n<p class=\"font-weight-bold m-font-weight-bold\" data-lab-font_weight=\"font-weight-bold\">Alva Bjerrehorn (13)<\/p>\n<p>        <img loading=\"lazy\" decoding=\"async\" src=\"https:\/\/www.europesays.com\/no\/wp-content\/uploads\/2026\/01\/84075103.webp.webp\" width=\"980\" height=\"559\" title=\"Foto:Robert R\u00f8nning \/ NRK\" alt=\"\" class=\"\" style=\"--aspect-ratio-image: 1.75; \"\/><\/p>\n<p>\n        Foto:Robert R\u00f8nning \/ NRK\n    <\/p>\n<p>Alva elsker hester og har g\u00e5tt p\u00e5 ridning siden hun var fire \u00e5r. Hun spiller piano og er ogs\u00e5 veldig glad i \u00e5 synge. Alva har en kanin som heter Kristin og har over hundre kosedyr som har egne navn. Hun er personen i laget som har mest erfaring med \u00e5 g\u00e5 p\u00e5 ski.<\/p>\n<p>Funksjonsnedsettelse: Sterkt svaksynt.<\/p>\n<p>\u00d8ystein om Alva:<\/p>\n<p>&#8211; Her snakker vi om ei jente full av egenskaper, talenter og sterke sider. Alva er en lagspiller som aller helst vil hjelpe andre. Hun er utrolig god p\u00e5 ski og er en fantastisk ressurs for laget. Hun har masse empati og er full av livsglede. Alva er ei jente som har s\u00e5 mye \u00e5 by p\u00e5, og som tidvis viser oss glimt av alt hun har i seg. Mange der ute vil kjenne seg igjen i Alva, og enda flere vil f\u00e5 et hjerte for henne.<\/p>\n<p class=\"font-weight-bold m-font-weight-bold\" data-lab-font_weight=\"font-weight-bold\">Erik Damsg\u00e5rd Tomter (14)<\/p>\n<p>        <img loading=\"lazy\" decoding=\"async\" src=\"https:\/\/www.europesays.com\/no\/wp-content\/uploads\/2026\/01\/84075101.webp.webp\" width=\"686\" height=\"460\" title=\"Foto: Robert R\u00f8nning \/ NRK\" alt=\"\" class=\"\" style=\"--aspect-ratio-image: 1.49; \"\/><\/p>\n<p>\n        Foto: Robert R\u00f8nning \/ NRK\n    <\/p>\n<p>Erik elsker vifter, headset og vaskemaskiner. Han spiller trommer n\u00e5r han kan. Erik har nesten ikke g\u00e5tt p\u00e5 ski og kom til f\u00f8rste samling med \u00abTeam P\u00f8lsa\u00bb med skinnende, nye skisko i hendene. Han er yngst av fem br\u00f8dre. Store smil er det beste han kan gi til andre.<\/p>\n<p>Funksjonsnedsettelse: Williams syndrom og utviklingshemming.<\/p>\n<p>\u00d8ystein om Erik:<\/p>\n<p>&#8211; Jeg smiler bare jeg tenker p\u00e5 Erik. Han er glad i folk og har en egen evne til \u00e5 f\u00e5 andre positive. Hvert lag burde hatt en Erik! Full av humor, empati og med verdens herligste latter. Ingen f\u00e5r andre opp, slik Erik gj\u00f8r det. Og f\u00e5, om noen, er bedre med komplimenter. Under krevende utfordringer er Erik en som virkelig jobber med seg selv og byr p\u00e5 hele f\u00f8lelsesregisteret. En herlig gutt!<\/p>\n","protected":false},"excerpt":{"rendered":"\u00abTeam P\u00f8lsa\u00bb sesong to: Deltakerne til den andre sesongen av seerfavoritten \u00abTeam P\u00f8lsa\u00bb er klare.\u00a0 NY GJENG: Disse&hellip;\n","protected":false},"author":2,"featured_media":134315,"comment_status":"","ping_status":"","sticky":false,"template":"","format":"standard","meta":{"footnotes":""},"categories":[10],"tags":[20,21,24,25,15,479,22,23,13,30,28,29,14,16,15468,15467,5646,26,27],"class_list":{"0":"post-134314","1":"post","2":"type-post","3":"status-publish","4":"format-standard","5":"has-post-thumbnail","7":"category-norge","8":"tag-breaking-news","9":"tag-breakingnews","10":"tag-featured-news","11":"tag-featurednews","12":"tag-headlines","13":"tag-kjendis","14":"tag-latest-news","15":"tag-latestnews","16":"tag-news","17":"tag-no","18":"tag-norge","19":"tag-norway","20":"tag-nyheter","21":"tag-overskrifter","22":"tag-oystein-polsa-pettersen","23":"tag-sesong-to","24":"tag-team-polsa","25":"tag-top-stories","26":"tag-topstories"},"share_on_mastodon":{"url":"https:\/\/pubeurope.com\/@no\/115874405005438978","error":""},"_links":{"self":[{"href":"https:\/\/www.europesays.com\/no\/wp-json\/wp\/v2\/posts\/134314","targetHints":{"allow":["GET"]}}],"collection":[{"href":"https:\/\/www.europesays.com\/no\/wp-json\/wp\/v2\/posts"}],"about":[{"href":"https:\/\/www.europesays.com\/no\/wp-json\/wp\/v2\/types\/post"}],"author":[{"embeddable":true,"href":"https:\/\/www.europesays.com\/no\/wp-json\/wp\/v2\/users\/2"}],"replies":[{"embeddable":true,"href":"https:\/\/www.europesays.com\/no\/wp-json\/wp\/v2\/comments?post=134314"}],"version-history":[{"count":0,"href":"https:\/\/www.europesays.com\/no\/wp-json\/wp\/v2\/posts\/134314\/revisions"}],"wp:featuredmedia":[{"embeddable":true,"href":"https:\/\/www.europesays.com\/no\/wp-json\/wp\/v2\/media\/134315"}],"wp:attachment":[{"href":"https:\/\/www.europesays.com\/no\/wp-json\/wp\/v2\/media?parent=134314"}],"wp:term":[{"taxonomy":"category","embeddable":true,"href":"https:\/\/www.europesays.com\/no\/wp-json\/wp\/v2\/categories?post=134314"},{"taxonomy":"post_tag","embeddable":true,"href":"https:\/\/www.europesays.com\/no\/wp-json\/wp\/v2\/tags?post=134314"}],"curies":[{"name":"wp","href":"https:\/\/api.w.org\/{rel}","templated":true}]}}