{"id":134320,"date":"2026-01-11T04:24:21","date_gmt":"2026-01-11T04:24:21","guid":{"rendered":"https:\/\/www.europesays.com\/no\/134320\/"},"modified":"2026-01-11T04:24:21","modified_gmt":"2026-01-11T04:24:21","slug":"ursula-von-der-leyen-satte-inn-nadestotet-mot-europeisk-jordbruk","status":"publish","type":"post","link":"https:\/\/www.europesays.com\/no\/134320\/","title":{"rendered":"Ursula von der Leyen satte inn n\u00e5dest\u00f8tet mot europeisk jordbruk"},"content":{"rendered":"<p>            <img loading=\"lazy\" decoding=\"async\" width=\"696\" height=\"395\" class=\"entry-thumb\" src=\"https:\/\/www.europesays.com\/no\/wp-content\/uploads\/2026\/01\/ursula-von-der-leyen-og-bonder.jpg\"   alt=\"\" title=\"ursula von der leyen og b\u00f8nder\"\/>Ursula von der Leyen kuppet igjennom st\u00f8tte til Mercosur-avtalen mot kraftige protester fra b\u00f8nder over hele Europa.<\/p>\n<p><a\/>Katastrofe for EUs b\u00f8nder og europeisk matsikkerhet etter at EUs Mercosur-frihandelsavtale n\u00e5 er p\u00e5 vei til \u00e5 bli signert med fire s\u00f8ramerikanske land.<\/p>\n<p>Av Helene Tveiten, <a href=\"https:\/\/www.facebook.com\/HeleneTve\/posts\/pfbid0XmCzEhg4babD3fBNofT7vgcaaS6rPvTTAufvB7ZM2ADX5FPRHwnZUNrSc4pDRT65l\" rel=\"nofollow noopener\" target=\"_blank\">Facebook<\/a>.<\/p>\n<p>Ursula von der Leyen har vunnet, sammen med sine egentlige st\u00f8ttespillere: Lobbyister og massive kjemi- og agroindustri-konsern.<\/p>\n<p>Den avgj\u00f8rende faktoren var at Italias statsminister Giorgia Meloni valgte \u00e5 st\u00f8tte avtalen \u2013 noe mange konservative vil se p\u00e5 som et bittert svik.<\/p>\n<p>EU-kommisjonen vil omg\u00e5 Europaparlamentet fullstendig. Kommisjonen har til hensikt \u00e5 \u00abutelate Europaparlamentet fra den videre prosedyren\u00bb, noe som gir Europakommisjonens president Ursula von der Leyen myndighet til \u00e5 signere avtalen direkte.<\/p>\n<p>Selv om en betydelig koalisjon av land var imot \u2013 spesielt Polen, Frankrike, Irland, Ungarn og \u00d8sterrike, mens Belgia avsto \u2013 klarte de ikke \u00e5 n\u00e5 den n\u00f8dvendige \u00abblokkerende minoriteten\u00bb. Italias statsminister Meloni ga tidligere signaler om at hun ikke ville st\u00f8tte avtalen, men stilte seg til slutt bak von der Leyen til tross for masseprotester fra b\u00f8nder.<\/p>\n<p>Risikoen er enorm. Brasil alene tillater bruk av s\u00e5 mange som 3 669 plantevernmidler. Europas vektlegging av \u00ab\u00e5 spise lokalt\u00bb for \u00e5 redusere karbonutslipp knyttet til transport vil bli en vits, n\u00e5r mat fra den andre siden av verden ofte vil v\u00e6re billigere enn lokalt produserte varer. Samtidig vil europeiske kjemiselskaper h\u00f8ste enorme profitter.<\/p>\n<p>Mye av maten europeere spiser i fremtiden kan komme fra den brasilianske delstaten Mato Grosso, som har det h\u00f8yeste niv\u00e5et av \u00abagrotoksisitet\u00bb i verden.<\/p>\n<p>\u00abDenne brasilianske delstaten er kongeriket til landbruksindustrien. Bomull, ris, sukkerr\u00f8r, mais, massiv produksjon av genmodifiserte soyab\u00f8nner og rekordh\u00f8yt bruk av plantevernmidler. Mato Grosso vinner alle globale konkurranser innen agrotoksisitet. Det er begrepet de bruker som ford\u00f8mmer det kjemiske imperiet. Brasil tillater bruk av 3 669 plantevernmidler. Det er et ekte Eldorado for selskaper, f\u00f8rst og fremst europeiske. Produkter som er forbudt p\u00e5 det gamle kontinentet, selges her\u00bb, hevdet den fransk-tyske dokumentaren \u00abPesticides: Europe\u2019s Hypocrisy\u00bb.<\/p>\n<p>Den polske EU-parlamentarikeren Anna Bry\u0142ka har ogs\u00e5 forklart hvordan bruken av plantevernmidler i S\u00f8r-Amerika ikke bare utgj\u00f8r en helserisiko, men ogs\u00e5 en konkurranserisiko for polske og europeiske b\u00f8nder.<\/p>\n<p>Bry\u0142ka mener at \u00abb\u00f8nder fra Mercosur-land produserer mat etter standarder som er forbudt i EU: Andre plantevernmidler, veksthormoner, mangel p\u00e5 reelle milj\u00f8standarder\u00bb. Dette tvinger europeiske b\u00f8nder til \u00e5 konkurrere med billigere produksjon som er juridisk forbudt innenfor deres egne grenser. Hun beskriver videre import av mat med ukjente standarder som en \u00abrisiko for helsen til millioner av europeere\u00bb.<\/p>\n<p>Enda en \u00abstor seier\u00bb for EUs st\u00f8ttespillere \u2013 helt uten \u00e5penhet og uten engang en avstemning i det eneste demokratisk valgte organet: Europaparlamentet.<\/p>\n<blockquote class=\"twitter-tweet\" data-width=\"550\" data-dnt=\"true\">\n<p lang=\"es\" dir=\"ltr\">Ola de protestas en Europa contra el Mercosur<\/p>\n<p>Agricultores salieron a las calles en Italia, Francia, Espa\u00f1a, Polonia, enre otros pa\u00edses. <\/p>\n<p>Pero sus protestas no pudieron evitar que este viernes el Consejo Europeo aprobara el acuerdo de libre comercio con el Mercosur, que se\u2026 <a href=\"https:\/\/t.co\/xSeY4WK7TS\" rel=\"nofollow\">pic.twitter.com\/xSeY4WK7TS<\/a><\/p>\n<p>\u2014 DW Espa\u00f1ol (@dw_espanol) <a href=\"https:\/\/twitter.com\/dw_espanol\/status\/2009720193073770751?ref_src=twsrc%5Etfw\" rel=\"nofollow noopener\" target=\"_blank\">January 9, 2026<\/a><\/p><\/blockquote>\n<p>        <script async src=\"https:\/\/platform.twitter.com\/widgets.js\" charset=\"utf-8\"><\/script><\/p>\n","protected":false},"excerpt":{"rendered":"Ursula von der Leyen kuppet igjennom st\u00f8tte til Mercosur-avtalen mot kraftige protester fra b\u00f8nder over hele Europa. Katastrofe&hellip;\n","protected":false},"author":2,"featured_media":134321,"comment_status":"","ping_status":"","sticky":false,"template":"","format":"standard","meta":{"footnotes":""},"categories":[12],"tags":[20,21,24,25,15,22,23,13,30,28,29,14,16,26,27,42,43,44,45],"class_list":{"0":"post-134320","1":"post","2":"type-post","3":"status-publish","4":"format-standard","5":"has-post-thumbnail","7":"category-verden","8":"tag-breaking-news","9":"tag-breakingnews","10":"tag-featured-news","11":"tag-featurednews","12":"tag-headlines","13":"tag-latest-news","14":"tag-latestnews","15":"tag-news","16":"tag-no","17":"tag-norge","18":"tag-norway","19":"tag-nyheter","20":"tag-overskrifter","21":"tag-top-stories","22":"tag-topstories","23":"tag-verden","24":"tag-world","25":"tag-world-news","26":"tag-worldnews"},"share_on_mastodon":{"url":"https:\/\/pubeurope.com\/@no\/115874566156189055","error":""},"_links":{"self":[{"href":"https:\/\/www.europesays.com\/no\/wp-json\/wp\/v2\/posts\/134320","targetHints":{"allow":["GET"]}}],"collection":[{"href":"https:\/\/www.europesays.com\/no\/wp-json\/wp\/v2\/posts"}],"about":[{"href":"https:\/\/www.europesays.com\/no\/wp-json\/wp\/v2\/types\/post"}],"author":[{"embeddable":true,"href":"https:\/\/www.europesays.com\/no\/wp-json\/wp\/v2\/users\/2"}],"replies":[{"embeddable":true,"href":"https:\/\/www.europesays.com\/no\/wp-json\/wp\/v2\/comments?post=134320"}],"version-history":[{"count":0,"href":"https:\/\/www.europesays.com\/no\/wp-json\/wp\/v2\/posts\/134320\/revisions"}],"wp:featuredmedia":[{"embeddable":true,"href":"https:\/\/www.europesays.com\/no\/wp-json\/wp\/v2\/media\/134321"}],"wp:attachment":[{"href":"https:\/\/www.europesays.com\/no\/wp-json\/wp\/v2\/media?parent=134320"}],"wp:term":[{"taxonomy":"category","embeddable":true,"href":"https:\/\/www.europesays.com\/no\/wp-json\/wp\/v2\/categories?post=134320"},{"taxonomy":"post_tag","embeddable":true,"href":"https:\/\/www.europesays.com\/no\/wp-json\/wp\/v2\/tags?post=134320"}],"curies":[{"name":"wp","href":"https:\/\/api.w.org\/{rel}","templated":true}]}}