{"id":134322,"date":"2026-01-11T04:38:10","date_gmt":"2026-01-11T04:38:10","guid":{"rendered":"https:\/\/www.europesays.com\/no\/134322\/"},"modified":"2026-01-11T04:38:10","modified_gmt":"2026-01-11T04:38:10","slug":"det-kan-gjore-ham-til-president","status":"publish","type":"post","link":"https:\/\/www.europesays.com\/no\/134322\/","title":{"rendered":"&#8211; Det kan gj\u00f8re ham til president"},"content":{"rendered":"<p class=\"kicker \" style=\"\">Ekspert om Rubio<\/p>\n<p>    Marco Rubio peker offentlig p\u00e5 visepresident JD Vance som partiets framtid. Samtidig mener flere republikanske strateger at Rubio selv kan v\u00e6re den som st\u00e5r igjen til slutt, if\u00f8lge Politico.<\/p>\n<p>\n    JOBBER TETT: USA president Donald Trump og utenriksminister Marco Rubio under et m\u00f8te med amerikanske oljeselskaper fredag. Foto: Brendan SMIALOWSKI \/ AFP \/ NTB\n  <\/p>\n<p> Marco Rubio h\u00e5pet \u00e5 bli president da han stilte i det republikanske prim\u00e6rvalget i 2016. I stedet ble han knust av Donald Trump. <\/p>\n<p> Rubio var blant Trumps heftigste kritikere, og presidenten ga rivalen kallenavnet \u00abLille Marco\u00bb. <\/p>\n<p> Ti \u00e5r senere er Rubio blitt utenriksminister og en av Trumps viktigste st\u00f8ttespillere. N\u00e5 skriver <a href=\"https:\/\/www.politico.com\/news\/2026\/01\/10\/marco-rubio-venezuela-2028-future-00718902\" rel=\"nofollow noopener\" target=\"_blank\">Politico<\/a> at han kan bli republikanernes neste presidentkandidat, til tross for at han selv har pekt p\u00e5 visepresident JD Vance. <\/p>\n<p>&#8211; Hvis JD Vance stiller som presidentkandidat, kommer han til \u00e5 bli v\u00e5r kandidat, og jeg vil v\u00e6re blant de f\u00f8rste som st\u00f8tter ham, sa Rubio til Vanity Fair.<\/p>\n<p>        USAs president Donald Trump m\u00f8tte toppledere fra flere store amerikanske oljeselskaper fredag \u200b\u200b9. januar i Det hvite hus. Video: AP. Reporter: Marte Nyl\u00f8kken Helseth. <\/p>\n<p>&#8211; Bygger opp politisk kapital\t<\/p>\n<p>If\u00f8lge Politico er det imidlertid f\u00e5 strateger i D.C. som kj\u00f8per Rubios ord.<\/p>\n<p>&#8211;\u00a0 Han bygger i det stille opp politisk kapital internt i partiet, slik jeg forst\u00e5r det fra folk i mine kretser i Det republikanske partiet, sier Buzz Jacobs, seniorr\u00e5dgiver for Rubios presidentkampanje i 2016. <\/p>\n<p>Han tror Rubio kunne v\u00e6rt konkurransedyktig i en valgkamp mot Vance.<\/p>\n<p>-Jeg mener svaret utvilsomt er ja.<\/p>\n<p>Mark McKinnon, mange\u00e5rig politisk r\u00e5dgiver og tidligere medarbeider for president George W. Bush, peker p\u00e5 situasjonen i Venezuela som avgj\u00f8rende for Rubio.\u00a0<\/p>\n<p>&#8211; Det som skjer i Venezuela kan gj\u00f8re ham til president \u2013 eller s\u00f8rge for at han aldri blir det, sier McKinnon.<\/p>\n<p>    <a itemprop=\"url\" href=\"https:\/\/www.dagbladet.no\/nyheter\/stephen-millers-vei-ut-av-trumps-skygge\/84077737\" rel=\"nofollow noopener\" target=\"_blank\"><\/p>\n<p>        <img loading=\"lazy\" decoding=\"async\" src=\"https:\/\/www.europesays.com\/no\/wp-content\/uploads\/2026\/01\/84078211.webp.webp\" width=\"980\" height=\"441\" title=\"Ut av skyggene\" alt=\"\" class=\"lazyload\" style=\"--aspect-ratio-image: 2.22; \"\/><\/p>\n<p>        Ut av skyggene<\/p>\n<p>    <\/a><\/p>\n<p>Ble Vance utelatt?\t<\/p>\n<p> Rubio har if\u00f8lge amerikanske medier f\u00e5tt hovedansvaret for Venezuela.<\/p>\n<p>Da Trump holdt pressekonferanse fra Mar-a-Lago om aksjonen, var han flankert av sine n\u00e6rmeste medarbeidere, deriblant Rubio og forsvarsminister Pete Hegseth. Visepresident JD Vance var imidlertid ikke til stede. <\/p>\n<p> Det vekket oppsikt i Washington, og britiske <a href=\"https:\/\/www.thetimes.com\/us\/american-politics\/article\/jd-vance-silence-venezuela-maga-2028-rgzqk2h8r\" rel=\"nofollow noopener\" target=\"_blank\">The Times<\/a> stilte sp\u00f8rsm\u00e5let: <\/p>\n<p>Holdt Vance seg bevisst i bakgrunnen av personlige hensyn, eller \u00f8nsket han \u00e5 se hvordan MAGA-basen reagerte p\u00e5 Trumps dristige trekk?<\/p>\n<p> Talsperson i Det hvite hus, Karoline Leavitt, avviste imidlertid spekulasjonene som \u00abfake news\u00bb. <\/p>\n<p> Visepresidenten fulgte aksjonen via en sikker videokonferanse et annet sted og fl\u00f8y hjem til Cincinnati etterp\u00e5. If\u00f8lge teamet hans hadde Vance v\u00e6rt \u00abtett involvert i prosessen og planleggingen\u00bb, men bekymringer for \u00f8kte spekulasjoner i forkant av den hemmelige operasjonen gjorde at han ikke var sammen med de andre. <\/p>\n<p>&#8211; Bare tiden vil vise\t<\/p>\n<p> Trump har sagt at USA vil ta direkte kontroll over utviklingen i Venezula, og at det kan ta lang tid f\u00f8r ansvaret overlates til venezuelanske myndigheter. <\/p>\n<p>&#8211; Bare tiden vil vise, sa han til New York Times tidligere denne uka.<\/p>\n<p> En meningsm\u00e5ling gjort av Reuters kort tid etter USAs aksjon i Venezuela viste at 65 prosent av de spurte republikanerne st\u00f8ttet angrepet. <\/p>\n<p>    <a itemprop=\"url\" href=\"https:\/\/www.dagbladet.no\/nyheter\/okende-kritikk-hun-ma-fjernes\/84080428\" rel=\"nofollow noopener\" target=\"_blank\"><\/p>\n<p>        <img loading=\"lazy\" decoding=\"async\" src=\"https:\/\/www.europesays.com\/no\/wp-content\/uploads\/2026\/01\/84080434.webp.webp\" width=\"980\" height=\"441\" title=\"\u00d8kende kritikk: - Hun m\u00e5 fjernes\" alt=\"\" class=\"lazyload\" style=\"--aspect-ratio-image: 2.22; \"\/><\/p>\n<p>        \u00d8kende kritikk: &#8211; Hun m\u00e5 fjernes<\/p>\n<p>    <\/a><\/p>\n<p>Likevel var velgerne mer usikre p\u00e5 om amerikansk kontroll over landet er det lureste. Om lag 54 prosent av republikanerne sa nemlig at de er bekymret for at USA vil bli for involvert i Venezuela.<\/p>\n","protected":false},"excerpt":{"rendered":"Ekspert om Rubio Marco Rubio peker offentlig p\u00e5 visepresident JD Vance som partiets framtid. Samtidig mener flere republikanske&hellip;\n","protected":false},"author":2,"featured_media":134323,"comment_status":"","ping_status":"","sticky":false,"template":"","format":"standard","meta":{"footnotes":""},"categories":[12],"tags":[20,21,55,24,25,15,22,23,972,13,30,28,29,14,16,26,27,50,412,42,43,44,45],"class_list":{"0":"post-134322","1":"post","2":"type-post","3":"status-publish","4":"format-standard","5":"has-post-thumbnail","7":"category-verden","8":"tag-breaking-news","9":"tag-breakingnews","10":"tag-donald-trump","11":"tag-featured-news","12":"tag-featurednews","13":"tag-headlines","14":"tag-latest-news","15":"tag-latestnews","16":"tag-marco-rubio","17":"tag-news","18":"tag-no","19":"tag-norge","20":"tag-norway","21":"tag-nyheter","22":"tag-overskrifter","23":"tag-top-stories","24":"tag-topstories","25":"tag-usa","26":"tag-utenriks","27":"tag-verden","28":"tag-world","29":"tag-world-news","30":"tag-worldnews"},"share_on_mastodon":{"url":"https:\/\/pubeurope.com\/@no\/115874621219432692","error":""},"_links":{"self":[{"href":"https:\/\/www.europesays.com\/no\/wp-json\/wp\/v2\/posts\/134322","targetHints":{"allow":["GET"]}}],"collection":[{"href":"https:\/\/www.europesays.com\/no\/wp-json\/wp\/v2\/posts"}],"about":[{"href":"https:\/\/www.europesays.com\/no\/wp-json\/wp\/v2\/types\/post"}],"author":[{"embeddable":true,"href":"https:\/\/www.europesays.com\/no\/wp-json\/wp\/v2\/users\/2"}],"replies":[{"embeddable":true,"href":"https:\/\/www.europesays.com\/no\/wp-json\/wp\/v2\/comments?post=134322"}],"version-history":[{"count":0,"href":"https:\/\/www.europesays.com\/no\/wp-json\/wp\/v2\/posts\/134322\/revisions"}],"wp:featuredmedia":[{"embeddable":true,"href":"https:\/\/www.europesays.com\/no\/wp-json\/wp\/v2\/media\/134323"}],"wp:attachment":[{"href":"https:\/\/www.europesays.com\/no\/wp-json\/wp\/v2\/media?parent=134322"}],"wp:term":[{"taxonomy":"category","embeddable":true,"href":"https:\/\/www.europesays.com\/no\/wp-json\/wp\/v2\/categories?post=134322"},{"taxonomy":"post_tag","embeddable":true,"href":"https:\/\/www.europesays.com\/no\/wp-json\/wp\/v2\/tags?post=134322"}],"curies":[{"name":"wp","href":"https:\/\/api.w.org\/{rel}","templated":true}]}}