{"id":134324,"date":"2026-01-11T04:45:27","date_gmt":"2026-01-11T04:45:27","guid":{"rendered":"https:\/\/www.europesays.com\/no\/134324\/"},"modified":"2026-01-11T04:45:27","modified_gmt":"2026-01-11T04:45:27","slug":"iran-ayatollah-khamenei-frykten-for-a%cc%8a-lide-maduros-skjebne","status":"publish","type":"post","link":"https:\/\/www.europesays.com\/no\/134324\/","title":{"rendered":"Iran, Ayatollah Khamenei | Frykten for a\u030a lide Maduros skjebne"},"content":{"rendered":"\n<p>Et budskap til et regime som i lang tid har trodd de kan overleve inni evigheten med anti-vestlige slagord, sponsing av terror og spredning av islamisme.<\/p>\n<p>Noen dager etter Nicol\u00e1s Maduro ble l\u00e5st inn i en cellen i New York, tok det iranske folk nok en gang til gatene. Regimet vanskj\u00f8tsel av \u00f8konomien har v\u00e6rt den utl\u00f8sende faktoren, men det er mer som ligger bak.<\/p>\n<p><b>Les ogs\u00e5:<\/b> <a class=\"simple-relation related-teaser article--c-eRUmMG article--c-eRUmMG-fZoQSp-design-nettavisen article--c-eRUmMG-gwthdJ-cv\" href=\"https:\/\/www.nettavisen.no\/slik-vokste-demonstrasjonene-i-iran-fram\/s\/5-95-2816666\" rel=\"nofollow noopener\" target=\"_blank\">Slik vokste demonstrasjonene i Iran fram<\/a><\/p>\n<p>Trumps trusler hengende over seg<\/p>\n<p>Mannen i Nike-treningsdress, med bunnede hender og med bind for \u00f8ynene, handler ogs\u00e5 om det iranske regimet. Iran har i flere ti\u00e5r v\u00e6rt en n\u00e6r alliert av Venezuela, og det ryktes at regimets eliter har som plan om \u00e5 flykte til landet i latin-amerika. Disse ryktene har versert i en \u00e5rrekke, og ble f\u00f8rst omtalt under demonstrasjonene i 2022.<\/p>\n<p>Dermed var ikke arrestasjonen av Maduro kun falt til en n\u00e6r alliert av islamistene i Teheran. Med denne hendelsen ble ogs\u00e5 fluktruten for underskogen av ledere i den islamske republikken ogs\u00e5 stengt.<\/p>\n<p><b>Les ogs\u00e5: <\/b><a class=\"simple-relation related-teaser article--c-eRUmMG article--c-eRUmMG-fZoQSp-design-nettavisen article--c-eRUmMG-gwthdJ-cv\" href=\"https:\/\/www.nettavisen.no\/internett-fortsatt-nede-i-iran-khamenei-anklager-demonstrantene-for-a-lope-trumps-arend\/s\/5-95-2815807\" rel=\"nofollow noopener\" target=\"_blank\">Internett fortsatt nede i Iran \u2013 Khamenei anklager demonstrantene for \u00e5 l\u00f8pe Trumps \u00e6rend<\/a><\/p>\n<p>Da Maduro ble dratt ut av sin seng og bundet p\u00e5 hender og f\u00f8tter forsvant h\u00e5pet for de som trodde p\u00e5 at et godt liv i Venezuela ventet dem dersom regimet skulle falle. Samtidig som det sies at et tyvetalls av regimets ledere skal ha en plan om \u00e5 flykte til Russland, st\u00e5r n\u00e5r resten av regimets apparatet igjen p\u00e5 perrongen uten en reell fluktplan og Trumps trusler hengende over seg.<\/p>\n<p>Anti-amerikanske slagord<\/p>\n<p>Iran og Venezuela har en felles skjebne. Begge er to oljerike land, hvor ledelsens kunst har v\u00e6rt \u00e5 forvandle denne nasjonale rikdommen til allmenn fattigdom. I begge disse oljestatene er valutaen verdil\u00f8s, folk sulter, og millioner har flyktet. I Iran dette f\u00f8rt til at flere generasjoner n\u00e5 tar til gatene, ikke p\u00e5 grunn av sult men p\u00e5 grunn av sinne og frustrasjon.<\/p>\n<p>Begge under sanksjoner, begge med anti-amerikanske slagord, begge med \u00f8delagte \u00f8konomier, og begge med folk som ikke har noe mer \u00e5 miste.<\/p>\n<p>Regimet i Teheran tror at deres raketter, Revolusjonsgarden, terrororganisasjoner som Hizbollah og Houthi, vil redde dem fra \u00e5 lide samme skjebne som Maduro. Denne illusjonen har mange regimer hatt f\u00f8r dem. B\u00e5de Maduro og Assad hadde sikkerhetsapparat, h\u00e6r, og st\u00f8tte fra Kina og Russland. Men da det virkelig gjaldt, var ingen villige til \u00e5 betale prisen for \u00e5 redde noen av dem.<\/p>\n<p>N\u00e5 tar de igjen<\/p>\n<p>I likhet med Venezuela har Iran i flere \u00e5r v\u00e6rt i en dyp \u00f8konomisk krise, legitimitetskrise, effektivitetskrise, men har n\u00e5 ogs\u00e5 f\u00e5tt en overlevelseskrise. Protestene denne gangen er annerledes. Folket som har tatt til gatene er ikke lenger. Bare opptatt av rope \u00abgi meg l\u00f8nnen min\u00bb eller \u00abfiks prisene\u00bb. Budskapet er enklere og mer direkte: Dette systemet fungerer ikke, pakk sammen og dra.<\/p>\n<p>Omfanget av demonstrasjonene i Iran kan heller ikke lenger omtales som spredt eller som et mindre oppr\u00f8r. Bilder som deles p\u00e5 sosiale medier viser regelrette gatekamper i enkelte byer. Sivilbefolkningen som gang p\u00e5 gang har opplevd \u00e5 bli rundjult av det iranske oppr\u00f8rspolitiet tar n\u00e5 igjen.<\/p>\n<p><b>Gunnar Stavrum:<\/b> <a class=\"simple-relation related-teaser article--c-eRUmMG article--c-eRUmMG-fZoQSp-design-nettavisen article--c-eRUmMG-gwthdJ-cv\" href=\"https:\/\/www.nettavisen.no\/hoyre-vil-fjerne-5000-byrakrater-og-legge-ned-fylkeskommunene\/s\/5-95-2794751\" rel=\"nofollow noopener\" target=\"_blank\">H\u00f8yre vil fjerne 5000 byr\u00e5krater og legge ned fylkeskommunene<\/a><\/p>\n<p>De kaster molotovcocktails, steiner og enkelte steder er de ogs\u00e5 bev\u00e6pnet med h\u00e5ndv\u00e5pen. Det vi ser i Iran er en revolusjon. En revolusjon som for f\u00f8rste gang p\u00e5 mange \u00e5r har f\u00e5tt en leder med et ansikt og et navn som folk kjenner igjen. De f\u00e6rreste av dem som har tatt til gatene har levd under sjahen av Iran, men det er hans s\u00f8nn de roper navnet p\u00e5 og \u00f8nsker tilbake.<\/p>\n<p>Begynnelsen p\u00e5 en ny \u00e6ra for Iran<\/p>\n<p>Det er ogs\u00e5 et paradoks at mens vestlige tenkere, kommentatorer og den radikale venstresiden snakker om den fiktive vestlige imperialismen som rammet Iran, som er virker det som mange i Iran er mest opptatt av den islamistiske imperialismen som okkuperer deres land i dag.<\/p>\n<p>Revolusjoner starter sjelden med en enkelt hendelse, men med en samling av \u00f8yeblikk der folk innser at de ikke lenger har noe \u00e5 tape p\u00e5 \u00e5 st\u00e5 opp. Iran er n\u00e5 p\u00e5 et slikt vendepunkt. Folket i Iran ser at endring er mulig, og at selv de mektigste diktatorer kan falle.<\/p>\n<p>Hvis denne revolusjonen lykkes, kan det ikke bare bety slutten for et brutalt regime, men ogs\u00e5 begynnelsen p\u00e5 en ny \u00e6ra for Iran \u2013 en \u00e6ra der landet endelig kan bryte med sin isolasjon og bygge en fremtid som vil gi st\u00f8rre frihet, bedre levek\u00e5r og lysere fremtidsutsikter.<\/p>\n","protected":false},"excerpt":{"rendered":"Et budskap til et regime som i lang tid har trodd de kan overleve inni evigheten med anti-vestlige&hellip;\n","protected":false},"author":2,"featured_media":134325,"comment_status":"","ping_status":"","sticky":false,"template":"","format":"standard","meta":{"footnotes":""},"categories":[12],"tags":[20,21,24,25,15,22,23,13,30,28,29,14,16,26,27,42,43,44,45],"class_list":{"0":"post-134324","1":"post","2":"type-post","3":"status-publish","4":"format-standard","5":"has-post-thumbnail","7":"category-verden","8":"tag-breaking-news","9":"tag-breakingnews","10":"tag-featured-news","11":"tag-featurednews","12":"tag-headlines","13":"tag-latest-news","14":"tag-latestnews","15":"tag-news","16":"tag-no","17":"tag-norge","18":"tag-norway","19":"tag-nyheter","20":"tag-overskrifter","21":"tag-top-stories","22":"tag-topstories","23":"tag-verden","24":"tag-world","25":"tag-world-news","26":"tag-worldnews"},"share_on_mastodon":{"url":"https:\/\/pubeurope.com\/@no\/115874648725772759","error":""},"_links":{"self":[{"href":"https:\/\/www.europesays.com\/no\/wp-json\/wp\/v2\/posts\/134324","targetHints":{"allow":["GET"]}}],"collection":[{"href":"https:\/\/www.europesays.com\/no\/wp-json\/wp\/v2\/posts"}],"about":[{"href":"https:\/\/www.europesays.com\/no\/wp-json\/wp\/v2\/types\/post"}],"author":[{"embeddable":true,"href":"https:\/\/www.europesays.com\/no\/wp-json\/wp\/v2\/users\/2"}],"replies":[{"embeddable":true,"href":"https:\/\/www.europesays.com\/no\/wp-json\/wp\/v2\/comments?post=134324"}],"version-history":[{"count":0,"href":"https:\/\/www.europesays.com\/no\/wp-json\/wp\/v2\/posts\/134324\/revisions"}],"wp:featuredmedia":[{"embeddable":true,"href":"https:\/\/www.europesays.com\/no\/wp-json\/wp\/v2\/media\/134325"}],"wp:attachment":[{"href":"https:\/\/www.europesays.com\/no\/wp-json\/wp\/v2\/media?parent=134324"}],"wp:term":[{"taxonomy":"category","embeddable":true,"href":"https:\/\/www.europesays.com\/no\/wp-json\/wp\/v2\/categories?post=134324"},{"taxonomy":"post_tag","embeddable":true,"href":"https:\/\/www.europesays.com\/no\/wp-json\/wp\/v2\/tags?post=134324"}],"curies":[{"name":"wp","href":"https:\/\/api.w.org\/{rel}","templated":true}]}}