{"id":134326,"date":"2026-01-11T04:53:09","date_gmt":"2026-01-11T04:53:09","guid":{"rendered":"https:\/\/www.europesays.com\/no\/134326\/"},"modified":"2026-01-11T04:53:09","modified_gmt":"2026-01-11T04:53:09","slug":"elsparkesykler-i-sno-oslo-arbeiderparti-vil-ha-piggdekk","status":"publish","type":"post","link":"https:\/\/www.europesays.com\/no\/134326\/","title":{"rendered":"Elsparkesykler i sn\u00f8 \u2013 Oslo Arbeiderparti vil ha piggdekk"},"content":{"rendered":"\n<p class=\"_lead_o9xde_2 _lead_xtcu6_50 layout-component text-serif-m layout-normal text-serif-l layout-component layout-wide layout-padded _wide_17hqh_1 layout-padded\">Elsparkesykler og sn\u00f8 skaper irritasjon: \u2013 Pigg eller forsvinn!, mener Abdullah Alsabeehg i Oslo Arbeiderparti. <\/p>\n<p><img alt=\"Foto: Karen Mj\u00f8r \/ Oslo Arbeiderparti Foto: Abdullah Alsabeehg foran elsparkesykler i Oslo sentrum.\" class=\"_image_qp4xg_65 layout-component layout-wide\" data-fullscreen- data-track-element-type=\"Article image fullscreen\" data-track-name=\"ImageFullscreen\" fetchpriority=\"high\" decoding=\"sync\" loading=\"eager\" height=\"4284\" itemprop=\"image\"  src=\"https:\/\/www.europesays.com\/no\/wp-content\/uploads\/2026\/01\/93870179-5715-4c68-b67c-20619734a1da.jpeg\"  style=\"object-position:0% 0%\" width=\"5712\"\/>Foto: Karen Mj\u00f8r \/ Oslo Arbeiderparti Foto: Abdullah Alsabeehg foran elsparkesykler i Oslo sentrum. Oppdatert s\u00f8ndag 11. januar kl. 05:12    <\/p>\n<ul class=\"_list_o9xde_3 _list_64s2r_85 _unordered_o9xde_106 text-sans-m\">\n<li class=\"_item_o9xde_30\">Oslo Arbeiderparti krever piggdekk p\u00e5 elsparkesykler n\u00e5r det er sn\u00f8 i gatene.<\/li>\n<li class=\"_item_o9xde_30\">Olso Arbeiderparti mener ogs\u00e5 feilparkeringer som hindrer sn\u00f8m\u00e5king b\u00f8r b\u00f8telegges.<\/li>\n<li class=\"_item_o9xde_30\">Byr\u00e5det mener dagens sikkerhetskrav er tilstrekkelige og at politikerne ikke b\u00f8r blande seg i dekkvalg.<\/li>\n<li class=\"_item_o9xde_30\">Elsparkesykkel-leverand\u00f8ren Voi hevder hel\u00e5rsdekk gir best sikkerhet og at elsparkesykler ikke hindrer m\u00e5king.<\/li>\n<\/ul>\n<p>Vis mer <\/p>\n<p class=\"_paragraph_o9xde_4 _paragraph_xtcu6_10 layout-component text-serif-m layout-normal text-serif-m layout-padded\">N\u00e5 har sn\u00f8en kommet til Oslo og elsparkesyklene er fortsatt i gatene. Med sn\u00f8en kommer det glatt f\u00f8re for b\u00e5de myke og harde trafikanter.<\/p>\n<p class=\"_paragraph_o9xde_4 _paragraph_xtcu6_10 layout-component text-serif-m layout-normal text-serif-m layout-padded\">\u2013 Det er i utgangspunktet livsfarlig \u00e5 kj\u00f8re rundt p\u00e5 elsparkesykkel uten piggdekk. Selskapene m\u00e5 f\u00e5 krav om \u00e5 dokumentere fungerende vinterdekk dersom de skal v\u00e6re mulige \u00e5 benytte seg av, forteller Abdullah Alsabeehg.<\/p>\n<p><img decoding=\"async\" alt=\"Bilde av Abdullah Alsabeehg\" class=\"_image_ygndg_42\" height=\"28\" itemprop=\"image\" loading=\"lazy\"  src=\"https:\/\/www.europesays.com\/no\/wp-content\/uploads\/2026\/01\/83c21963-f7fb-450d-9e6a-fadef30e521c.jpeg\"  width=\"40\"\/><strong class=\"_name_ygndg_51 title-serif-xs\">Abdullah Alsabeehg<\/strong><\/p>\n<p class=\"_paragraph_o9xde_4 text-sans-m _description_ygndg_56\">Nestleder Oslo Arbeiderparti<\/p>\n<p class=\"_paragraph_o9xde_4 _paragraph_xtcu6_10 layout-component text-serif-m layout-normal text-serif-m layout-padded\">Det er kravet fra Oslo Arbeiderparti til byr\u00e5det. Alsabeehg mener dette er noe byr\u00e5det m\u00e5 finne ut av i samr\u00e5d med de kommersielle selskapene som tilbyr elsparkesykler. <\/p>\n<p class=\"_paragraph_o9xde_4 _paragraph_xtcu6_10 layout-component text-serif-m layout-normal text-serif-m layout-padded\"><strong class=\"_strong_o9xde_25\">\u2013 Vi er alvorlig bekymret for konsekvensene og krever at byr\u00e5det setter i gang strakstiltak.<\/strong><\/p>\n<p><img alt=\"En elsparkesykkel fra Voi som er delvis dekt i sn\u00f8en.  Foto: Tore Kristiansen \/ VG\" class=\"_image_qp4xg_65 layout-component layout-normal\" data-fullscreen- data-track-element-type=\"Article image fullscreen\" data-track-name=\"ImageFullscreen\" decoding=\"async\" loading=\"lazy\" height=\"1531\" itemprop=\"image\"  src=\"https:\/\/www.europesays.com\/no\/wp-content\/uploads\/2026\/01\/beb6da90-3d67-4650-998f-f71125d6cbeb.jpeg\"  style=\"object-position:0% 0%\" width=\"2422\"\/>En elsparkesykkel fra Voi som er delvis dekt i sn\u00f8en.  Foto: Tore Kristiansen \/ VG Mener det m\u00e5 b\u00f8telegges<\/p>\n<p class=\"_paragraph_o9xde_4 _paragraph_xtcu6_10 layout-component text-serif-m layout-normal text-serif-m layout-padded\">Alsabeehg peker p\u00e5 mer enn bare de helsemessige konsekvensene ved elsparkesyklene p\u00e5 vinterstid. Han sier det ogs\u00e5 p\u00e5virker sn\u00f8m\u00e5kingen i byen, i tillegg til \u00e5 sperre for barnevogner, fortau og rullestoler.<\/p>\n<p class=\"_paragraph_o9xde_4 _paragraph_xtcu6_10 layout-component text-serif-m layout-normal text-serif-m layout-padded\">\u2013 Dersom selskapene godtar at elsparkesyklene f\u00e5r st\u00e5 midt i gatene b\u00f8r selskapene b\u00f8telegges, det er jo en feilparkering. Det \u00e5 rydde gatene er ikke folks ansvar, det er selskapenes sitt ansvar, konstaterer Alsabeehg.<\/p>\n<p> \u2013 Sparkes inn \u00e5pne d\u00f8rer<img decoding=\"async\" alt=\"Bilde av Haakon Riekeles\" class=\"_image_ygndg_42\" height=\"27\" itemprop=\"image\" loading=\"lazy\"  src=\"https:\/\/www.europesays.com\/no\/wp-content\/uploads\/2026\/01\/83b70446-cae2-4f40-b4ed-e5e84bdf58ac.jpeg\"  width=\"40\"\/><strong class=\"_name_ygndg_51 title-serif-xs\">Haakon Riekeles<\/strong><\/p>\n<p class=\"_paragraph_o9xde_4 text-sans-m _description_ygndg_56\">Byr\u00e5d for milj\u00f8 og samferdsel, Oslo kommune<\/p>\n<p class=\"_paragraph_o9xde_4 _paragraph_xtcu6_10 layout-component text-serif-m layout-normal text-serif-m layout-padded\">Haakon Riekeles, byr\u00e5d for milj\u00f8 og samferdsel i <a href=\"https:\/\/www.vg.no\/tag\/oslo-kommune?utm_source=vg-article&amp;utm_medium=auto-tagger&amp;utm_campaign=gkW700\" class=\"_link_o9xde_39\" rel=\"nofollow noopener\" target=\"_blank\">Oslo kommune<\/a>, mener at politikere ikke skal legge seg opp i hvilke dekk akt\u00f8rene bruker.<\/p>\n<p class=\"_paragraph_o9xde_4 _paragraph_xtcu6_10 layout-component text-serif-m layout-normal text-serif-m layout-padded\">\u2013 Kommunen stiller overordnede og strenge krav til sikkerhet som gjelder \u00e5ret rundt. Akt\u00f8rene skal ta hensyn til v\u00e6r og f\u00f8reforhold, og s\u00f8rge for at utstyret er i orden. Brukerne av elsparkesyklene m\u00e5 vurdere f\u00f8ret og grep, slik som andre trafikanter, skriver Riekeles i en e-post.<\/p>\n<p class=\"_paragraph_o9xde_4 _paragraph_xtcu6_10 layout-component text-serif-m layout-normal text-serif-m layout-padded\">Riekeles mener at Arbeiderpartiet sparker inn \u00e5pne d\u00f8rer n\u00e5r det gjelder b\u00f8telegging som hindrer m\u00e5king.<\/p>\n<p class=\"_paragraph_o9xde_4 _paragraph_xtcu6_10 layout-component text-serif-m layout-normal text-serif-m layout-padded\">\u2013 Bymilj\u00f8etaten b\u00f8telegger ulovlig parkering og har dialog med utleieselskapene.<\/p>\n<p> Falsk trygghet<\/p>\n<p class=\"_paragraph_o9xde_4 _paragraph_xtcu6_10 layout-component text-serif-m layout-normal text-serif-m layout-padded\">I Oslo er det tre leverand\u00f8rer for elsparkesykler \u2013 Bolt, Voi og Ryde. Voi sier de f\u00f8lger jevnt med p\u00e5 v\u00e6ret og vurderer fortl\u00f8pende.<\/p>\n<p class=\"_paragraph_o9xde_4 _paragraph_xtcu6_10 layout-component text-serif-m layout-normal text-serif-m layout-padded\">\u2013 Det er klart at sikkerheten til v\u00e5re brukere er superviktig. Blir det for mye vinter, samler vi inn alle sammen, forteller Jonas Sk\u00f8ld, driftsansvarlig i Voi Norge.<\/p>\n<p class=\"_paragraph_o9xde_4 _paragraph_xtcu6_10 layout-component text-serif-m layout-normal text-serif-m layout-padded\">N\u00e5r det gjelder Oslo Arbeiderparti sitt \u00f8nske om piggdekk, mener Voi at dette vil gi en falsk trygghet. <\/p>\n<p class=\"_paragraph_o9xde_4 _paragraph_xtcu6_10 layout-component text-serif-m layout-normal text-serif-m layout-padded\">\u2013 Vi har utstyrt v\u00e5re elsparkesykler med hel\u00e5rsdekk. Sn\u00f8en forsvinner fortere der elsparkesyklene skal brukes og piggdekk rett p\u00e5 t\u00f8rr asfalt er ikke bra, forteller Sk\u00f8ld.<\/p>\n<p class=\"_paragraph_o9xde_4 _paragraph_xtcu6_10 layout-component text-serif-m layout-normal text-serif-m layout-padded\">Sk\u00f8ld mener ogs\u00e5 at elsparkesyklene ikke st\u00e5r i veien for m\u00e5kebilen og hindrer sn\u00f8m\u00e5king.<\/p>\n<p class=\"_paragraph_o9xde_4 _paragraph_xtcu6_10 layout-component text-serif-m layout-normal text-serif-m layout-padded\">\u2013 Vi har tett dialog med bymilj\u00f8etaten og f\u00f8lger med p\u00e5 deres m\u00e5kerutiner. Parkeringssonene er ikke der det m\u00e5kes. Det er jo i v\u00e5r interesse \u00e5 bli kvitt sn\u00f8en slik at flere \u00f8nsker \u00e5 bruke tjenesten v\u00e5r igjen, sier Sk\u00f8ld.<\/p>\n<p class=\"_paragraph_o9xde_4 _paragraph_xtcu6_10 layout-component text-serif-m layout-normal text-serif-m layout-padded\"><a href=\"https:\/\/www.vg.no\/nyheter\/i\/8qryXA\/elsparkesykkel-aktoerene-varsler-omlegginger-etter-moete-med-byraad\" data-track-element-type=\"Link\" data-track-id=\"link:8qryXA\" class=\"_link_o9xde_39\" rel=\"nofollow noopener\" target=\"_blank\">Tidligere ble antall elsparkesykler i Oslo doblet fra 8.000 til 16.000 stykker i Oslo. Dette f\u00f8rte til mer enn en dobling i antall ulykker.<\/a><\/p>\n<p class=\"_paragraph_o9xde_4 _paragraph_xtcu6_10 layout-component text-serif-m layout-normal text-serif-m layout-padded\">I november ble byr\u00e5det og selskapene enige om tiltak for \u00e5 redusere ulykkestallet. Da ble det innf\u00f8rt lavere toppfart, strengere krav til parkering og strenge promilletester.<\/p>\n<p class=\"_paragraph_o9xde_4 _paragraph_xtcu6_10 layout-component text-serif-m layout-normal layout-padded\"><strong class=\"_strong_o9xde_25\">Les ogs\u00e5:<\/strong> <a href=\"https:\/\/www.vg.no\/i\/pPJ02X\" data-track-element-type=\"Link\" data-track-id=\"link:pPJ02X\" class=\"_link_o9xde_39\" rel=\"nofollow noopener\" target=\"_blank\">Slik skal ulykkestallet ned: Farten reduseres umiddelbart p\u00e5 elsparkesykler i Oslo<\/a><\/p>\n","protected":false},"excerpt":{"rendered":"Elsparkesykler og sn\u00f8 skaper irritasjon: \u2013 Pigg eller forsvinn!, mener Abdullah Alsabeehg i Oslo Arbeiderparti. Foto: Karen Mj\u00f8r&hellip;\n","protected":false},"author":2,"featured_media":134327,"comment_status":"","ping_status":"","sticky":false,"template":"","format":"standard","meta":{"footnotes":""},"categories":[10],"tags":[20,21,5843,24,25,15,22,23,13,30,28,29,14,636,4500,16,26,27],"class_list":{"0":"post-134326","1":"post","2":"type-post","3":"status-publish","4":"format-standard","5":"has-post-thumbnail","7":"category-norge","8":"tag-breaking-news","9":"tag-breakingnews","10":"tag-elsparkesykler","11":"tag-featured-news","12":"tag-featurednews","13":"tag-headlines","14":"tag-latest-news","15":"tag-latestnews","16":"tag-news","17":"tag-no","18":"tag-norge","19":"tag-norway","20":"tag-nyheter","21":"tag-oslo","22":"tag-oslo-kommune","23":"tag-overskrifter","24":"tag-top-stories","25":"tag-topstories"},"share_on_mastodon":{"url":"https:\/\/pubeurope.com\/@no\/115874680358084259","error":""},"_links":{"self":[{"href":"https:\/\/www.europesays.com\/no\/wp-json\/wp\/v2\/posts\/134326","targetHints":{"allow":["GET"]}}],"collection":[{"href":"https:\/\/www.europesays.com\/no\/wp-json\/wp\/v2\/posts"}],"about":[{"href":"https:\/\/www.europesays.com\/no\/wp-json\/wp\/v2\/types\/post"}],"author":[{"embeddable":true,"href":"https:\/\/www.europesays.com\/no\/wp-json\/wp\/v2\/users\/2"}],"replies":[{"embeddable":true,"href":"https:\/\/www.europesays.com\/no\/wp-json\/wp\/v2\/comments?post=134326"}],"version-history":[{"count":0,"href":"https:\/\/www.europesays.com\/no\/wp-json\/wp\/v2\/posts\/134326\/revisions"}],"wp:featuredmedia":[{"embeddable":true,"href":"https:\/\/www.europesays.com\/no\/wp-json\/wp\/v2\/media\/134327"}],"wp:attachment":[{"href":"https:\/\/www.europesays.com\/no\/wp-json\/wp\/v2\/media?parent=134326"}],"wp:term":[{"taxonomy":"category","embeddable":true,"href":"https:\/\/www.europesays.com\/no\/wp-json\/wp\/v2\/categories?post=134326"},{"taxonomy":"post_tag","embeddable":true,"href":"https:\/\/www.europesays.com\/no\/wp-json\/wp\/v2\/tags?post=134326"}],"curies":[{"name":"wp","href":"https:\/\/api.w.org\/{rel}","templated":true}]}}