{"id":134328,"date":"2026-01-11T04:54:10","date_gmt":"2026-01-11T04:54:10","guid":{"rendered":"https:\/\/www.europesays.com\/no\/134328\/"},"modified":"2026-01-11T04:54:10","modified_gmt":"2026-01-11T04:54:10","slug":"minneapolis-usa-titusener-i-ice-demonstrasjon-i-minneapolis","status":"publish","type":"post","link":"https:\/\/www.europesays.com\/no\/134328\/","title":{"rendered":"Minneapolis, USA | Titusener i Ice-demonstrasjon i Minneapolis"},"content":{"rendered":"\n<p>Demonstrasjonen var del av flere hundre demonstrasjonstog som var planlagt landet rundt mot Ice denne helgen.<\/p>\n<p>Ice innledet onsdag en stor operasjon med 2000 agenter i Minneapolis og nabobyen St. Paul. Sikkerhetsminister Kristi Noem sa f\u00f8r helgen at det da foretatt 1500 p\u00e5gripelser, men operasjonene har utl\u00f8st store og sinte protester i byen.<\/p>\n<p>L\u00f8rdagens demonstrasjonstog gikk mot boliggata <a rel=\"Follow nofollow noopener\" href=\"https:\/\/www.nettavisen.no\/nyheter\/renee-good-ble-drept-i-skytingen-i-minneapolis-vance-og-trump-stotter-ice\/s\/5-95-2813508\" target=\"_blank\">der 37 \u00e5r gamle Renee Nicole Good ble skutt og drept av en Ice-betjent onsdag<\/a> da hun satt i bilen sin.<\/p>\n<p><b>Les ogs\u00e5: <\/b><a class=\"simple-relation related-teaser article--c-eRUmMG article--c-eRUmMG-fZoQSp-design-nettavisen article--c-eRUmMG-gwthdJ-cv\" href=\"https:\/\/www.nettavisen.no\/trumps-bruk-av-ice-minner-om-autoritare-regimer\/s\/5-95-2816569\" rel=\"nofollow noopener\" target=\"_blank\">\u2013 Trumps bruk av ICE minner om autorit\u00e6re regimer<\/a><\/p>\n<p>Selvforsvar<\/p>\n<p>B\u00e5de Noem, president Donald Trump og visepresident J.D. Vance har gjentatte ganger kalt drapet i Minneapolis selvforsvar, kalt Good en terrorist og p\u00e5st\u00e5tt at hun fors\u00f8kte \u00e5 kj\u00f8re ned Ice-agenten som pr\u00f8vde \u00e5 stanse henne.<\/p>\n<p>Lokale myndigheter, blant dem borgermesteren i Minneapolis Jacob Frey og Minnesotas guvern\u00f8r Tim Walz har avvist disse p\u00e5standene.<\/p>\n<p>Frey har kalt p\u00e5standene s\u00f8ppel og krever at Ice forlater byen.<\/p>\n<p>    Vil du se neste video?<\/p>\n<p>    <a href=\"https:\/\/www.nettavisen.no\/nyheter\/ukrainsk-jagerfly-odelegger-for-vladimir-putin-i-pokrovsk\/v\/5-95-2807927\" class=\"recommend-poster\" data-adp-clicklabel=\"video-recommend\" data-adp-clickvalue=\"poster\" rel=\"nofollow noopener\" target=\"_blank\"><br \/>\n      <img decoding=\"async\" width=\"200\" height=\"200\" loading=\"lazy\" src=\"https:\/\/www.europesays.com\/no\/wp-content\/uploads\/2026\/01\/JAGERFLY+BREDDE.jpg\" alt=\"\" class=\"brick-c-cFOWSL\" style=\"--brick-image-ratio: 200 \/ 200;\"\/><\/p>\n<p>Nye bilder: Rammer Putin hardt0:41<\/p>\n<p>    <\/a><\/p>\n<p>        Onsdag ble 37 \u00e5r gamle Renee Nicole Good skutt og drept av ICE-agenter i Minneapolis. Video av hendelsen har sirkulert p\u00e5 nettet og mange reagerer med avsky p\u00e5 hvordan ICE-agentene h\u00e5ndterte situasjonen. Sikkerhetsminister Kirsti Noem kaller den d\u00f8de kvinnen for en terrorist.<br \/>\n        Videoer<\/p>\n<p>Et f\u00f8rste videoopptak fra hendelsen viser en tjenestemann som n\u00e6rmer seg en SUV som st\u00e5r stille midt i veien, og som griper tak i d\u00f8rh\u00e5ndtaket og ber sj\u00e5f\u00f8ren om \u00e5 \u00e5pne.<\/p>\n<p>Bilen begynner \u00e5 kj\u00f8re fremover, og en annen Ice-tjenestemann som st\u00e5r skr\u00e5tt foran trekker da v\u00e5penet sitt, avfyrer minst to skudd p\u00e5 n\u00e6rt hold og hopper bakover idet kj\u00f8ret\u00f8yet beveger seg mot ham.<\/p>\n<p>Det er ut fra dette opptaket uklart ut fra videoene om kj\u00f8ret\u00f8yet treffer tjenestemannen. Etter skytingen kj\u00f8rer SUV-en inn i to biler som st\u00e5r parkert ved fortauskanten f\u00f8r den stopper.<\/p>\n<p>  <a href=\"https:\/\/www.nettavisen.no\/5-95-2813688\" class=\"related-teaser has-image nettavisen-story-teaser article--c-eRUmMG article--c-eRUmMG-fZoQSp-design-nettavisen article--c-eRUmMG-eTlODu-cv\" rel=\"nofollow noopener\" target=\"_blank\"><\/p>\n<p>    <img decoding=\"async\" loading=\"lazy\"  src=\"https:\/\/www.europesays.com\/no\/wp-content\/uploads\/2026\/01\/1768107250_252_NTB_jTDIs1Cfx70.jpg\" alt=\"\" class=\"brick-c-cFOWSL\" style=\"\"\/><\/p>\n<p>\n            Les ogs\u00e5<\/p>\n<p>              SISTE! \u2013 De er Trumps Gestapo\n        <\/p>\n<p>  <\/a><\/p>\n<p>En rekke andre videoer tatt av \u00f8yenvitner fra flere retninger, viser at Good ikke pr\u00f8vde \u00e5 kj\u00f8re ned Ice-agenten. En Ice-agent n\u00e6rmet seg bilen til fots og krevde at hun \u00e5pnet d\u00f8ren. Hun slapp fram flere biler f\u00f8r hun pr\u00f8vde \u00e5 kj\u00f8re bort, og ble da skutt i ansiktet av en annen agent og krasjet mot fortauskanten og en annen bil.<\/p>\n<p>Den 37 \u00e5r trebarnsmorens eksmann har sagt at hun nettopp hadde avlevert s\u00f8nnen p\u00e5 skolen og var p\u00e5 vei hjem da hun m\u00f8tte p\u00e5 en gruppe Ice-betjenter. Han har sagt at hun ikke var noen form for aktivist og at hun ikke hadde deltatt i noen form for demonstrasjon som han var kjent med.<\/p>\n<p>Good hadde nylig flyttet til Minnesota, og ser ikke ut til \u00e5 ha hatt kontakt med politiet utenom en enkelt fartsbot. Hun har beskrevet seg som \u00abpoet, forfatter, kone og mor\u00bb.<\/p>\n<p>Vance-kritikk<\/p>\n<p>Etter drapet gikk visepresident J.D. Vance hardt ut mot amerikanske mediers dekning av saken.<\/p>\n<p>\u2013 Dette var et angrep p\u00e5 lov og orden. Dette var et angrep p\u00e5 det amerikanske folket, sa Vance torsdag, som fastholdt at Ice-agenten skj\u00f8t i selvforsvar.<\/p>\n<p>\u2013 M\u00e5ten mediene stort sett har dekket denne saken p\u00e5, har v\u00e6rt en absolutt skam, og det setter v\u00e5re politifolk i fare hver eneste dag, la han til.<\/p>\n<p><b>Les ogs\u00e5: <\/b><a class=\"simple-relation related-teaser article--c-eRUmMG article--c-eRUmMG-fZoQSp-design-nettavisen article--c-eRUmMG-gwthdJ-cv\" href=\"https:\/\/www.nettavisen.no\/renee-good-37-ble-drept-i-skytingen-i-minneapolis-vance-og-trump-stotter-ice\/s\/5-95-2813508\" rel=\"nofollow noopener\" target=\"_blank\">Renee Good (37) ble drept i skytingen i Minneapolis: Vance og Trump st\u00f8tter ICE<\/a><\/p>\n<p>\u2013 Dette er det verste jeg har sett av feilrapportering fra mediene, fortsatte visepresidenten.<\/p>\n<p>\u2013 Dere skal skrive om sannheten, hvorfor har dere latt dere bli propaganda-agenter for radikale, noe som gj\u00f8r det vanskeligere for oss \u00e5 opprettholde loven, sa han, og kritiserte journalistene for \u00e5 stille sp\u00f8rsm\u00e5l som tok utgangspunkt i at kvinnen ble drept mens hun deltok i en lovlig demonstrasjon.<\/p>\n<p>Ny video<\/p>\n<p>Det hvite hus publiserte fredag en ny video. Videoen er hentet fra mobiltelefonen til Ice-agenten som skj\u00f8t og drepte kvinnen.<\/p>\n<p>I den 47 sekunder lange videoen sier Good \u00abDet er greit, kompis, jeg er ikke sint p\u00e5 deg\u00bb til Ice-agenten, mens hun sitter i bilen.<\/p>\n<p>Videoen, som er innhentet av nettstedet Alpha News og verifisert av Reuters, er blant annet publisert av <a href=\"https:\/\/www.foxnews.com\/us\/cellphone-video-released-deadly-minneapolis-ice-agent-shooting\" rel=\"noopener nofollow\" target=\"_blank\">Fox News<\/a>.<\/p>\n<p>Renee Goods partner Rebecca Good kan ogs\u00e5 sees p\u00e5 videoen. Hun st\u00e5r utenfor bilen og filmer agenten.<\/p>\n<p><b>Se videoen her:<\/b><\/p>\n<p>    Vil du se neste video?<\/p>\n<p>    <a href=\"https:\/\/www.nettavisen.no\/nyheter\/ukrainsk-jagerfly-odelegger-for-vladimir-putin-i-pokrovsk\/v\/5-95-2807927\" class=\"recommend-poster\" data-adp-clicklabel=\"video-recommend\" data-adp-clickvalue=\"poster\" rel=\"nofollow noopener\" target=\"_blank\"><br \/>\n      <img decoding=\"async\" width=\"200\" height=\"200\" loading=\"lazy\" src=\"https:\/\/www.europesays.com\/no\/wp-content\/uploads\/2026\/01\/JAGERFLY+BREDDE.jpg\" alt=\"\" class=\"brick-c-cFOWSL\" style=\"--brick-image-ratio: 200 \/ 200;\"\/><\/p>\n<p>Nye bilder: Rammer Putin hardt0:41<\/p>\n<p>    <\/a><\/p>\n<p>        En kvinne ble skutt og drept av ICE i Minneapolis onsdag. Ordf\u00f8reren i byen regelrett slakter byr\u00e5et.<br \/>\n        Aktivistgruppe<\/p>\n<p>Myndighetene har hevdet at Good hadde fulgt etter og plaget f\u00f8derale betjenter tidligere samme dag. If\u00f8lge f\u00f8derale kilder skal hun ha arbeidet som aktivist i Minneapolis, tilh\u00f8rende en gruppe som kalles \u00abICE Watch\u00bb.<\/p>\n<p>Kilder i sikkerhetsdepartementet har opplyst til Fox News at gruppen f\u00f8lger med p\u00e5, sporer, blander seg inn og pr\u00f8ver \u00e5 stanse p\u00e5g\u00e5ende aksjoner som det f\u00f8derale innvandringspolitiet gjennomf\u00f8rer. Gruppen er angivelig til stede i flere byer i USA.<\/p>\n<p>Hendelsen er n\u00e5 under etterforskning. P\u00e5talemyndigheten i Minnesota har f\u00e5tt beskjed om at det f\u00f8derale politiet FBI og justisdepartementet ikke vil samarbeide om etterforskning av drapet, noe som betyr at delstatens mulighet for \u00e5 fastsl\u00e5 om det ble beg\u00e5tt en kriminell handling utelukkes.<\/p>\n<p>\u2013 Uten tilgang p\u00e5 beviser, vitner og opplysninger som er samlet inn, har vi ingen mulighet til \u00e5 innfri kravene som Minnesotas lover krever for en etterforskning, sier Drew Evans, som leder Minnesotas spesialenhet for etterforskning av hendelser i politiet.<\/p>\n<p>Drapet skjedde ikke langt fra \u00e5stedet for drapet p\u00e5 George Floyd i 2020, som ga opphav til de store Black Lives Matter-demonstrasjonene som preget USA og en rekke andre land den sommeren.<\/p>\n","protected":false},"excerpt":{"rendered":"Demonstrasjonen var del av flere hundre demonstrasjonstog som var planlagt landet rundt mot Ice denne helgen. Ice innledet&hellip;\n","protected":false},"author":2,"featured_media":134329,"comment_status":"","ping_status":"","sticky":false,"template":"","format":"standard","meta":{"footnotes":""},"categories":[5],"tags":[20,21,24,25,15,19,22,23,17,18,13,30,28,29,14,16,26,27],"class_list":{"0":"post-134328","1":"post","2":"type-post","3":"status-publish","4":"format-standard","5":"has-post-thumbnail","7":"category-overskrifter","8":"tag-breaking-news","9":"tag-breakingnews","10":"tag-featured-news","11":"tag-featurednews","12":"tag-headlines","13":"tag-hovedoppslag","14":"tag-latest-news","15":"tag-latestnews","16":"tag-main-news","17":"tag-mainnews","18":"tag-news","19":"tag-no","20":"tag-norge","21":"tag-norway","22":"tag-nyheter","23":"tag-overskrifter","24":"tag-top-stories","25":"tag-topstories"},"share_on_mastodon":{"url":"https:\/\/pubeurope.com\/@no\/115874684179448608","error":""},"_links":{"self":[{"href":"https:\/\/www.europesays.com\/no\/wp-json\/wp\/v2\/posts\/134328","targetHints":{"allow":["GET"]}}],"collection":[{"href":"https:\/\/www.europesays.com\/no\/wp-json\/wp\/v2\/posts"}],"about":[{"href":"https:\/\/www.europesays.com\/no\/wp-json\/wp\/v2\/types\/post"}],"author":[{"embeddable":true,"href":"https:\/\/www.europesays.com\/no\/wp-json\/wp\/v2\/users\/2"}],"replies":[{"embeddable":true,"href":"https:\/\/www.europesays.com\/no\/wp-json\/wp\/v2\/comments?post=134328"}],"version-history":[{"count":0,"href":"https:\/\/www.europesays.com\/no\/wp-json\/wp\/v2\/posts\/134328\/revisions"}],"wp:featuredmedia":[{"embeddable":true,"href":"https:\/\/www.europesays.com\/no\/wp-json\/wp\/v2\/media\/134329"}],"wp:attachment":[{"href":"https:\/\/www.europesays.com\/no\/wp-json\/wp\/v2\/media?parent=134328"}],"wp:term":[{"taxonomy":"category","embeddable":true,"href":"https:\/\/www.europesays.com\/no\/wp-json\/wp\/v2\/categories?post=134328"},{"taxonomy":"post_tag","embeddable":true,"href":"https:\/\/www.europesays.com\/no\/wp-json\/wp\/v2\/tags?post=134328"}],"curies":[{"name":"wp","href":"https:\/\/api.w.org\/{rel}","templated":true}]}}