{"id":134330,"date":"2026-01-11T05:01:13","date_gmt":"2026-01-11T05:01:13","guid":{"rendered":"https:\/\/www.europesays.com\/no\/134330\/"},"modified":"2026-01-11T05:01:13","modified_gmt":"2026-01-11T05:01:13","slug":"stoppet-bak-scenen","status":"publish","type":"post","link":"https:\/\/www.europesays.com\/no\/134330\/","title":{"rendered":"Stoppet bak scenen"},"content":{"rendered":"<p>DEN st\u00f8rste idrettsfesten ble avbrutt av sorg. Slik m\u00e5tte det bli n\u00e5r norsk idrett er rystet over et d\u00f8dsfall p\u00e5 en som kunne konkurrert i OL om bare noen uker.<\/p>\n<p>Dette var en samlende nasjonal minnestund for en ung, flott skiskytter og for fotballegenden \u00c5ge Hareide, mens alle prisene for 2025 ble delt ut.<\/p>\n<p>Som vanlig skjedde prisutdelingene etter en diskusjon om hvem som skulle ha blitt nominert til hva, og hvem som til slutt burde ha vunnet.<\/p>\n<p>For hvordan er det mulig \u00e5 vrake verdens beste h\u00e5ndballspiller Henny Reistad som \u00ab\u00c5rets kvinnelige ut\u00f8ver\u00bb\u00a0rett etter at hun og Norge sikret<a href=\"https:\/\/www.dagbladet.no\/sport\/handballverden-maper\/83978908\" rel=\"nofollow noopener\" target=\"_blank\">\u00a0VM-gullet<\/a>\u00a0mer suverent enn noen gang?\u00a0<\/p>\n<p>Eller at fotballverdenens suverent giftigste m\u00e5lscorer Erling Braut Haaland m\u00e5tte <a href=\"https:\/\/www.dagbladet.no\/sport\/tv-seerne-reddet-juryen\/78230384\" rel=\"nofollow noopener\" target=\"_blank\">vente<\/a> helt til i g\u00e5r kveld f\u00f8r han endelig ble k\u00e5ret til \u00ab\u00c5rets mannelige ut\u00f8ver\u00bb i norsk idrett?<\/p>\n<p>Det er s\u00e5nn det blir i en norsk toppidrett som \u00e5r etter \u00e5r presterer oppsiktsvekkende sterke internasjonale resultater.<\/p>\n<p>2025 ble ikke noe unntak:<\/p>\n<p class=\"font-weight-bold m-font-weight-bold\" data-lab-font_weight=\"font-weight-bold\">Om noen dager kommer vi i Norge igjen til \u00e5 bli k\u00e5ret til <a href=\"https:\/\/greatestsportingnation.com\/\" rel=\"nofollow noopener\" target=\"_blank\">verdens fremste idrettsfolk<\/a>, etter at slovenerne s\u00e5 vidt slo oss \u00e5ret f\u00f8r.<\/p>\n<p>Disse k\u00e5ringene til det respekterte fagnettstedet <a href=\"https:\/\/greatestsportingnation.com\/\" rel=\"nofollow noopener\" target=\"_blank\">Greatest Sporting Nation<\/a> fra 82 ulike sportsgrener, gir et godt bilde av det idrettslige niv\u00e5et verden rundt.<\/p>\n<p>At Norge har vunnet k\u00e5ringen nesten\u00a0hver eneste gang, forteller om en sterk, samlende norsk idrettskultur. I det med sport er bare andre sm\u00e5, velst\u00e5ende og demokratiske land som Slovenia, Sveits, Nederland, New Zealand og Sverige som er i n\u00e6rheten av oss.<\/p>\n<p>MEN nettopp fordi det er s\u00e5 mange fine felles verdier som bygger den gode toppidretten v\u00e5r, gjelder det \u00e5 ta vare p\u00e5 denne kulturen.\u00a0<\/p>\n<p>Over tid er en \u00e5pen, inkluderende norsk idrettsbevegelse med p\u00e5 \u00e5 binde hverdagene v\u00e5re sammen. Gi oss noe gjenkjennbart og trygt.<\/p>\n<p>Det skjer nettopp i NRKs \u00abIdrettsgalla\u00bb som stadig samler et rekordstort TV-publikum.<\/p>\n<p>Bare s\u00e5 synd at TV-seerne denne gangen aldri fikk se det som utfordrer denne samlende norske idrettskulturen.<\/p>\n<p>    <a itemprop=\"url\" href=\"https:\/\/www.dagbladet.no\/sport\/avslorte-fodsel-pa-direkten\/84081695\" rel=\"nofollow noopener\" target=\"_blank\"><\/p>\n<p>        <img loading=\"lazy\" decoding=\"async\" src=\"https:\/\/www.europesays.com\/no\/wp-content\/uploads\/2026\/01\/84082579.webp.webp\" width=\"980\" height=\"441\" title=\"Avsl\u00f8rte f\u00f8dsel p\u00e5 direkten\" alt=\"\" class=\"lazyload\" style=\"--aspect-ratio-image: 2.22; \"\/><\/p>\n<p>        Avsl\u00f8rte f\u00f8dsel p\u00e5 direkten<\/p>\n<p>    <\/a><\/p>\n<p>EN fest blir jo alltid best n\u00e5r den feirer det som er ekte og sant. Det gjelder absolutt feiringen av idretts\u00e5ret 2025.<\/p>\n<p>Da h\u00f8rer fjor\u00e5rets st\u00f8rste nasjonale idrettsskandale ogs\u00e5 hjemme p\u00e5 scenen.<\/p>\n<p>Alts\u00e5 det som skjedde under Ski-VM i Trondheim.<\/p>\n<p>DER tenker jeg slett ikke p\u00e5 den litt stusslige <a href=\"https:\/\/www.dagbladet.no\/sport\/krisetall-for-ski-vm-kreves-for-134-millioner\/83233918\" rel=\"nofollow noopener\" target=\"_blank\">pengekrangelen<\/a> om overskuddet som forsvant. Under dette verdensmesterskapet var det for mye d\u00e5rlig arrang\u00f8rh\u00e5ndverk, men heller ikke noe mer.<\/p>\n<p>Slike idrettsfester kommer ofte med et overforbruk, men er som regel verdt millionene.\u00a0<\/p>\n<p>Tenk bare p\u00e5 all gleden under sykkelfesten i Bergen fra VM i 2017, eller de nasjonalromantiske TV-bildene fra de to 5-mils-eventyrene i folkehavet rundt langrennsl\u00f8ypene over Trondheim sist vinter da hele byen var sammen ute i skauen.<\/p>\n<p>    <a itemprop=\"url\" href=\"https:\/\/www.dagbladet.no\/sport\/tv-seerne-reddet-juryen\/78230384\" rel=\"nofollow noopener\" target=\"_blank\"><\/p>\n<p>        <img loading=\"lazy\" decoding=\"async\" src=\"https:\/\/www.europesays.com\/no\/wp-content\/uploads\/2026\/01\/78231511.webp.webp\" width=\"980\" height=\"441\" title=\"TV-seerne reddet juryen\" alt=\"\" class=\"lazyload\" style=\"--aspect-ratio-image: 2.22; \"\/><\/p>\n<p>        TV-seerne reddet juryen<\/p>\n<p>    <\/a><\/p>\n<p>S\u00c5NN\u00a0var det ingen revisorer som ble savnet p\u00e5 scenen p\u00e5 Idrettsgallaen:<\/p>\n<p>Men jeg savnet virkelig en av hopperne.<\/p>\n<p>For svindelen over symaskinen med de norske hoppdressene, viste vrangsiden av internasjonal toppidrett. Det jukset som vi i ti\u00e5r har trodd h\u00f8rte tvilsomme konkurrenter til, men som alts\u00e5 denne gangen ble spesialsydd for \u00e5 lure fram norske VM-medaljer p\u00e5 hjemmebane.<\/p>\n<p>Bare for i stedet \u00e5 avsl\u00f8re oss selv.<\/p>\n<p>    <a itemprop=\"url\" href=\"https:\/\/www.dagbladet.no\/sport\/reagerer-bare-trist\/84049627\" rel=\"nofollow noopener\" target=\"_blank\"><\/p>\n<p>        <img loading=\"lazy\" decoding=\"async\" src=\"https:\/\/www.europesays.com\/no\/wp-content\/uploads\/2026\/01\/84049957.webp.webp\" width=\"980\" height=\"441\" title=\"Reagerer: - Bare trist\" alt=\"\" class=\"lazyload\" style=\"--aspect-ratio-image: 2.22; \"\/><\/p>\n<p>        Reagerer: &#8211; Bare trist<\/p>\n<p>    <\/a><\/p>\n<p>NORSK toppidrett trenger slike avsl\u00f8ringer. De hjelper oss til \u00e5 skj\u00f8nne hvordan vi ikke vil vinne. Og hva alle disse medaljene ikke er verdt.<\/p>\n<p>Slik viste den utenlandske <a href=\"https:\/\/www.dagbladet.no\/video\/polske-medier-juks\/ErQWzbVu\" rel=\"nofollow noopener\" target=\"_blank\">videoen<\/a> av norske juksere tatt i nattem\u00f8rket gjennom hotellvinduet i Trondheim, en av de st\u00f8rste skandalene i norsk idrettshistorie.<\/p>\n<p>Den da ganske ferske hoppsjefen Jan Erik Aalbu skj\u00f8nte hvilken grunnleggende feil den norske treneren og hjelperne hans hadde gjort.\u00a0<\/p>\n<p>At norsk skisport midt i skammen, var n\u00f8dt til \u00e5 legge seg flat. At dette var noe mye mer enn et tegn p\u00e5 en internasjonal hoppsport som i ti\u00e5r har slitt med \u00e5 skj\u00f8nne forskjellen p\u00e5 rett og galt.<\/p>\n<p>Alts\u00e5 at denne svindelen truet hele v\u00e5r egen, samlende idrettskultur uansett hva de utenlandske konkurrentene ogs\u00e5 har drevet med over symaskinene sine.<\/p>\n<p>Eller hva som hender videre av <a href=\"https:\/\/www.dagbladet.no\/sport\/nekter-a-tro-det\/84054091\" rel=\"nofollow noopener\" target=\"_blank\">tusk<\/a> i det utstyrskappl\u00f8pet som dessverre fortsetter i internasjonal hoppsport.<\/p>\n<p>    <a itemprop=\"url\" href=\"https:\/\/www.dagbladet.no\/sport\/la-det-onde-komme\/84047134\" rel=\"nofollow noopener\" target=\"_blank\"><\/p>\n<p>        <img loading=\"lazy\" decoding=\"async\" src=\"https:\/\/www.europesays.com\/no\/wp-content\/uploads\/2026\/01\/84047140.webp.webp\" width=\"980\" height=\"441\" title=\"- La det onde komme\" alt=\"\" class=\"lazyload\" style=\"--aspect-ratio-image: 2.22; \"\/><\/p>\n<p>        &#8211; La det onde komme<\/p>\n<p>    <\/a><\/p>\n<p>N\u00c5 ni m\u00e5neder seinere er det lett \u00e5 se at denne helt n\u00f8dvendige virkelighetsforst\u00e5elsen reddet en m\u00f8rbanka norsk hoppsport. Ved \u00e5 vise egen <a href=\"https:\/\/www.dagbladet.no\/sport\/la-det-onde-komme\/84047134\" rel=\"nofollow noopener\" target=\"_blank\">svakhet<\/a>, er dette milj\u00f8et p\u00e5 nytt samlet selv om de internasjonale resultatene forel\u00f8pig ikke er som f\u00f8r.<\/p>\n<p>Nettopp derfor er det synd at denne selverkjennelsen aldri ble fulgt opp p\u00e5 Idrettsgallaen.<\/p>\n<p>Skandalen skulle v\u00e6rt en naturlig del av festen. Rett og slett fordi dette br\u00e5ket preget det norske idretts\u00e5ret 2025 mer enn de fleste VM-medaljene v\u00e5re.<\/p>\n<p>    <a itemprop=\"url\" href=\"https:\/\/www.dagbladet.no\/sport\/preget-for-livet\/73600063\" rel=\"nofollow noopener\" target=\"_blank\"><\/p>\n<p>        <img loading=\"lazy\" decoding=\"async\" src=\"https:\/\/www.europesays.com\/no\/wp-content\/uploads\/2026\/01\/69853739.webp.webp\" width=\"980\" height=\"441\" title=\"Preget for livet\" alt=\"\" class=\"lazyload\" style=\"--aspect-ratio-image: 2.22; \"\/><\/p>\n<p>        Preget for livet<\/p>\n<p>    <\/a><\/p>\n<p>SJANSEN var der. Dobbelt verdensmester Marius Lindvik ble selvsagt nominert av sporten sin til \u00ab\u00c5rets beste mannlige ut\u00f8ver\u00a0\u00bb. To overraskende <a href=\"https:\/\/www.fis-ski.com\/ski-jumping\/news\/2024-25\/lindvik-lifts-norway-to-amazing-mixed-team-large-hill-title\" rel=\"nofollow noopener\" target=\"_blank\">VM-gull p\u00e5 hjemmebane<\/a> i en av de aller st\u00f8rste vinteridrettene, var en mer enn god nok grunn.<\/p>\n<p>Hvorfor Lindvik ble stoppet bak scenen, vet jeg ikke. Men jeg antar det var for \u00e5 slippe diskusjonen om hvorvidt han og kameraten Johann Forfang kjente til at lederne tuklet med hoppdressene deres.<\/p>\n<p>Den mistanken har de levd med gjennom nesten hele fjor\u00e5ret. Den ulmer i det internasjonale hoppmilj\u00f8et fremdeles, men de uavhengige granskernes gjennomgang av den norske hoppskandalen viste noe annet:<\/p>\n<p><a href=\"https:\/\/assets.fis-ski.com\/f\/252177\/x\/b7122cdc19\/fis-ethics-committee-settlement-agreeement.pdf\" rel=\"nofollow noopener\" target=\"_blank\">De to norske stjernene ble aldri anklaget for \u00e5 ha visst om svindelen med dressene<\/a>.<\/p>\n<p>Da m\u00e5 den norske toppidrettsledelsen ogs\u00e5 v\u00e5ge \u00e5 st\u00e5 opp for sine egne, og gi Marius Lindvik den \u00e6ren han fortjener.<\/p>\n<p>HOPPERNE driver med en ekstrem sport. Norske TV-seere ble forleden minnet om det i den r\u00f8rende episoden i\u00a0\u00ab<a href=\"https:\/\/tv.nrk.no\/serie\/mesternes-mester\/sesong\/17\/episode\/KMTE60000126\" rel=\"nofollow noopener\" target=\"_blank\">Mesternes Mester<\/a>\u00bb med Daniel-Andre Tandes historie om det voldsomme fallet i Planica; den <a href=\"https:\/\/www.dagbladet.no\/sport\/preget-for-livet\/73600063\" rel=\"nofollow noopener\" target=\"_blank\">rystende<\/a> opplevelsen som gjorde at han til slutt m\u00e5tte gi seg med toppidrett.<\/p>\n<p>Jeg er fortsatt lei meg fordi jeg ikke fikk skrevet et skikkelig farvel med storhopperen Tande i det han la opp. Han hadde fortjent det.<\/p>\n<p>P\u00e5 samme vis som Marius Lindvik fortjener all ros for det han presterte f\u00f8r de glade hoppdagene i Trondheim snudde til tidenes norske VM-fiasko.<\/p>\n<p>    <a itemprop=\"url\" href=\"https:\/\/www.dagbladet.no\/sport\/ute-av-kontroll\/84028886\" rel=\"nofollow noopener\" target=\"_blank\"><\/p>\n<p>        <img loading=\"lazy\" decoding=\"async\" src=\"https:\/\/www.europesays.com\/no\/wp-content\/uploads\/2026\/01\/1768107673_663_84030025.webp.webp\" width=\"980\" height=\"441\" title=\"Ute av kontroll\" alt=\"\" class=\"lazyload\" style=\"--aspect-ratio-image: 2.22; \"\/><\/p>\n<p>        Ute av kontroll<\/p>\n<p>    <\/a><\/p>\n<p>DEN fartsblinde toppidretten blir s\u00e5nn n\u00e5r vi ikke hjelper hverandre med \u00e5 f\u00f8lge reglene. Eller n\u00e5r vi tenker mer p\u00e5 medaljer enn p\u00e5 rett og galt.<\/p>\n<p>N\u00e5 som norsk toppidrett er midt inne i en adskillig dystrere sak med toppledere som <a href=\"https:\/\/www.dagbladet.no\/sport\/norge-er-advart\/84040548\" rel=\"nofollow noopener\" target=\"_blank\">tilsynelatende<\/a> ikke \u00f8nsker fellesskapets innsyn, er det viktig \u00e5 ikke stoppe alt det ubehagelige bak scenen p\u00e5 Idrettsgallaen.<\/p>\n<p>T\u00e5ler ikke toppidretten v\u00e5r flomlyset p\u00e5 direktesendt TV, er den heller ikke verdt beste sendetid en l\u00f8rdagskveld p\u00e5 NRK.<\/p>\n<p>FOTNOTE: Hedersprisene p\u00e5 Idrettsgallaen ble uansett en fulltreffer. Bedre vinnerene enn Johannes Tingnes B\u00f8 og Therese Johaug er det vrient \u00e5 finne i norsk toppidrett.<\/p>\n<p>    <a itemprop=\"url\" href=\"https:\/\/www.dagbladet.no\/sport\/norge-er-advart\/84040548\" rel=\"nofollow noopener\" target=\"_blank\"><\/p>\n<p>        <img loading=\"lazy\" decoding=\"async\" src=\"https:\/\/www.europesays.com\/no\/wp-content\/uploads\/2026\/01\/1768107673_596_84052499.webp.webp\" width=\"980\" height=\"441\" title=\"Norge er advart\" alt=\"\" class=\"lazyload\" style=\"--aspect-ratio-image: 2.22; \"\/><\/p>\n<p>        Norge er advart<\/p>\n<p>    <\/a><\/p>\n<p>\u00a0<\/p>\n<p>\u00a0<\/p>\n","protected":false},"excerpt":{"rendered":"DEN st\u00f8rste idrettsfesten ble avbrutt av sorg. Slik m\u00e5tte det bli n\u00e5r norsk idrett er rystet over et&hellip;\n","protected":false},"author":2,"featured_media":134331,"comment_status":"","ping_status":"","sticky":false,"template":"","format":"standard","meta":{"footnotes":""},"categories":[5],"tags":[20,21,14833,810,24,25,15,770,1539,19,15469,266,22,23,17,18,899,156,13,30,28,29,14,16,83,26,27],"class_list":{"0":"post-134330","1":"post","2":"type-post","3":"status-publish","4":"format-standard","5":"has-post-thumbnail","7":"category-overskrifter","8":"tag-breaking-news","9":"tag-breakingnews","10":"tag-daniel-andre-tande","11":"tag-erling-braut-haaland","12":"tag-featured-news","13":"tag-featurednews","14":"tag-headlines","15":"tag-hopp","16":"tag-hoppskandalen","17":"tag-hovedoppslag","18":"tag-idrettsgallaen2026","19":"tag-kommentar","20":"tag-latest-news","21":"tag-latestnews","22":"tag-main-news","23":"tag-mainnews","24":"tag-marius-lindvik","25":"tag-meninger","26":"tag-news","27":"tag-no","28":"tag-norge","29":"tag-norway","30":"tag-nyheter","31":"tag-overskrifter","32":"tag-sport","33":"tag-top-stories","34":"tag-topstories"},"share_on_mastodon":{"url":"https:\/\/pubeurope.com\/@no\/115874711678534375","error":""},"_links":{"self":[{"href":"https:\/\/www.europesays.com\/no\/wp-json\/wp\/v2\/posts\/134330","targetHints":{"allow":["GET"]}}],"collection":[{"href":"https:\/\/www.europesays.com\/no\/wp-json\/wp\/v2\/posts"}],"about":[{"href":"https:\/\/www.europesays.com\/no\/wp-json\/wp\/v2\/types\/post"}],"author":[{"embeddable":true,"href":"https:\/\/www.europesays.com\/no\/wp-json\/wp\/v2\/users\/2"}],"replies":[{"embeddable":true,"href":"https:\/\/www.europesays.com\/no\/wp-json\/wp\/v2\/comments?post=134330"}],"version-history":[{"count":0,"href":"https:\/\/www.europesays.com\/no\/wp-json\/wp\/v2\/posts\/134330\/revisions"}],"wp:featuredmedia":[{"embeddable":true,"href":"https:\/\/www.europesays.com\/no\/wp-json\/wp\/v2\/media\/134331"}],"wp:attachment":[{"href":"https:\/\/www.europesays.com\/no\/wp-json\/wp\/v2\/media?parent=134330"}],"wp:term":[{"taxonomy":"category","embeddable":true,"href":"https:\/\/www.europesays.com\/no\/wp-json\/wp\/v2\/categories?post=134330"},{"taxonomy":"post_tag","embeddable":true,"href":"https:\/\/www.europesays.com\/no\/wp-json\/wp\/v2\/tags?post=134330"}],"curies":[{"name":"wp","href":"https:\/\/api.w.org\/{rel}","templated":true}]}}