{"id":134343,"date":"2026-01-11T06:48:11","date_gmt":"2026-01-11T06:48:11","guid":{"rendered":"https:\/\/www.europesays.com\/no\/134343\/"},"modified":"2026-01-11T06:48:11","modified_gmt":"2026-01-11T06:48:11","slug":"skal-dra-akkurat-na","status":"publish","type":"post","link":"https:\/\/www.europesays.com\/no\/134343\/","title":{"rendered":"\u2013 Skal dra akkurat n\u00e5"},"content":{"rendered":"\n<ul class=\"_list_o9xde_3 _list_64s2r_85 _unordered_o9xde_106 text-sans-m\">\n<li class=\"_item_o9xde_30\">En av deltagerne forlater g\u00e5rden allerede f\u00f8r f\u00f8rste tvekamp.<\/li>\n<li class=\"_item_o9xde_30\">TV 2 har klippet bort den egentlige \u00e5rsaken til at vedkommende reiser.<\/li>\n<li class=\"_item_o9xde_30\">Denne artikkelen avsl\u00f8rer deler av innholdet i s\u00f8ndagens episode.<\/li>\n<\/ul>\n<p>Vis mer <\/p>\n<p class=\"_paragraph_o9xde_4 _paragraph_xtcu6_10 layout-component text-serif-m layout-normal text-serif-m layout-padded\"><strong class=\"_strong_o9xde_25\">SPOILERADVARSEL: Hvis du ikke vil vite hva som skjer i s\u00f8ndagens episode, b\u00f8r du komme deg litt brennkvikt ut av artikkelen.<\/strong><\/p>\n<p class=\"_paragraph_o9xde_4 _paragraph_xtcu6_10 layout-component text-serif-m layout-normal text-serif-m layout-padded\">At deltagere trekker seg, er ikke noe nytt. Det h\u00f8rer likevel til sjeldenhetene at det skjer f\u00f8rste uken.<\/p>\n<p class=\"_paragraph_o9xde_4 _paragraph_xtcu6_10 layout-component text-serif-m layout-normal text-serif-m layout-padded\">De andre f\u00e5r solid hakeslipp over den plutselige beskjeden.<\/p>\n<p><img alt=\"De andre rundt bordet m\u00e5per n\u00e5r de f\u00e5r nyheten.\" class=\"_image_qp4xg_65 layout-component layout-normal\" data-fullscreen- data-track-element-type=\"Article image fullscreen\" data-track-name=\"ImageFullscreen\" decoding=\"async\" loading=\"lazy\" height=\"1053\" itemprop=\"image\"  src=\"https:\/\/www.europesays.com\/no\/wp-content\/uploads\/2026\/01\/025faa51-a8ed-453f-b30a-1738d6e28b9d.jpeg\"  style=\"object-position:0% 0%\" width=\"1824\"\/>De andre rundt bordet m\u00e5per n\u00e5r de f\u00e5r nyheten.<\/p>\n<p class=\"_paragraph_o9xde_4 _paragraph_xtcu6_10 layout-component text-serif-m layout-normal text-serif-m layout-padded\">Det er Mari Maurstad (68) som reiser.<\/p>\n<p class=\"_paragraph_o9xde_4 _paragraph_xtcu6_10 layout-component text-serif-m layout-normal text-serif-m layout-padded\"><strong class=\"_strong_o9xde_25\">Men ikke fordi hun er sliten, slik det fremst\u00e5r p\u00e5 TV.<\/strong><\/p>\n<p class=\"_paragraph_o9xde_4 _paragraph_xtcu6_10 layout-component text-serif-m layout-normal text-serif-m layout-padded\">\u2013 Har de klippet bort det jeg sier? sp\u00f8r Maurstad n\u00e5r VG ringer for \u00e5 sp\u00f8rre om hvorfor hun trakk seg s\u00e5 raskt.<\/p>\n<p class=\"_paragraph_o9xde_4 _paragraph_xtcu6_10 layout-component text-serif-m layout-normal text-serif-m layout-padded\">Hun nekter nemlig blankt for at hun trakk seg.<\/p>\n<p class=\"_paragraph_o9xde_4 _paragraph_xtcu6_10 layout-component text-serif-m layout-normal text-serif-m layout-padded\">\u2013 Det ville nesten v\u00e6rt litt feigt. Jeg hadde ikke gitt meg s\u00e5 lett. Hvor sliten kan man bli etter fire-fem dager p\u00e5 g\u00e5rden, liksom? sier Maurstad.<\/p>\n<p class=\"_paragraph_o9xde_4 _paragraph_xtcu6_10 layout-component text-serif-m layout-normal text-serif-m layout-padded\">\u2013 Sannheten er at de ringte fra teateret, forklarer 68-\u00e5ringen, som er ansatt ved Nationaltheatret.<\/p>\n<p class=\"_paragraph_o9xde_4 _paragraph_xtcu6_10 layout-component text-serif-m layout-normal text-serif-m layout-padded\">\u2013 Jeg hadde egentlig ikke f\u00e5tt fri til \u00e5 v\u00e6re med p\u00e5 \u00abFarmen\u00bb.<\/p>\n<p><img alt=\"Mari Maurstad inne p\u00e5 Fredheim g\u00e5rd f\u00f8rste innspillingsdag.  Foto: Anton Soggiu \/ TV 2\" class=\"_image_qp4xg_65 layout-component layout-normal\" data-fullscreen- data-track-element-type=\"Article image fullscreen\" data-track-name=\"ImageFullscreen\" decoding=\"async\" loading=\"lazy\" height=\"3637\" itemprop=\"image\"  src=\"https:\/\/www.europesays.com\/no\/wp-content\/uploads\/2026\/01\/fe2a68c0-63c4-4b21-a2ca-8535d127c2d4.jpeg\"  style=\"object-position:0% 0%\" width=\"4641\"\/>Mari Maurstad inne p\u00e5 Fredheim g\u00e5rd f\u00f8rste innspillingsdag.  Foto: Anton Soggiu \/ TV 2<\/p>\n<p class=\"_paragraph_o9xde_4 _paragraph_xtcu6_10 layout-component text-serif-m layout-normal text-serif-m layout-padded\">Maurstad var nemlig i gang med forberedelsene til \u00abA Little Night Music\u00bb, som hadde premiere et par m\u00e5neder etter innspillingen.<\/p>\n<p class=\"_paragraph_o9xde_4 _paragraph_xtcu6_10 layout-component text-serif-m layout-normal text-serif-m layout-padded\">\u2013 Jeg sa nei til \u00abFarmen\u00bb lenge, men de maste og maste. Til slutt tenkte jeg at \u00abFor svarte f&#8230;, jeg f\u00e5r v\u00e6re med noen dager, da\u00bb.<\/p>\n<p class=\"_paragraph_o9xde_4 _paragraph_xtcu6_10 layout-component text-serif-m layout-normal text-serif-m layout-padded\">Maurstad forklarer at hun fikk Nationaltheatret med p\u00e5 en avtale om at hun kunne dra p\u00e5 g\u00e5rden mot at de kunne ringe n\u00e5r som helst og kalle henne tilbake. <\/p>\n<p class=\"_paragraph_o9xde_4 _paragraph_xtcu6_10 layout-component text-serif-m layout-normal text-serif-m layout-padded\">\u2013 Hvis jeg ikke hadde hatt den avtalen, kunne jeg ikke ha blitt med p\u00e5 \u00abFarmen\u00bb.<\/p>\n<p><img alt=\"Mari Maurstad vinker farvel.  Foto: SKJERMBILDE\/TV 2\" class=\"_image_qp4xg_65 layout-component layout-normal\" data-fullscreen- data-track-element-type=\"Article image fullscreen\" data-track-name=\"ImageFullscreen\" decoding=\"async\" loading=\"lazy\" height=\"1015\" itemprop=\"image\"  src=\"https:\/\/www.europesays.com\/no\/wp-content\/uploads\/2026\/01\/4b2820a0-4331-4e2f-8c1e-33d31e9e820f.jpeg\"  style=\"object-position:0% 0%\" width=\"1611\"\/>Mari Maurstad vinker farvel.  Foto: SKJERMBILDE\/TV 2<\/p>\n<p class=\"_paragraph_o9xde_4 _paragraph_xtcu6_10 layout-component text-serif-m layout-normal text-serif-m layout-padded\">Teateret ringte alts\u00e5 etter f\u00e5 dager.<\/p>\n<p class=\"_paragraph_o9xde_4 _paragraph_xtcu6_10 layout-component text-serif-m layout-normal text-serif-m layout-padded\">\u2013 De kontaktet produksjonen, for vi deltagerne hadde jo ikke mobil.<\/p>\n<p>Var sliten ogs\u00e5<\/p>\n<p class=\"_paragraph_o9xde_4 _paragraph_xtcu6_10 layout-component text-serif-m layout-normal text-serif-m layout-padded\"><strong class=\"_strong_o9xde_25\">\u2013 Hva synes du om at TV 2 fremstiller det som om du trakk deg fordi du var sliten?<\/strong><\/p>\n<p class=\"_paragraph_o9xde_4 _paragraph_xtcu6_10 layout-component text-serif-m layout-normal text-serif-m layout-padded\">\u2013 Det var vel et valg de tok, og det er helt greit. Men det er ogs\u00e5 greit at TV-seerne n\u00e5 f\u00e5r vite sannheten.<\/p>\n<p class=\"_paragraph_o9xde_4 _paragraph_xtcu6_10 layout-component text-serif-m layout-normal text-serif-m layout-padded\">At det i tillegg r\u00f8ynet p\u00e5 for Maurstad p\u00e5 g\u00e5rden, er tydelig. Hun sier til kamera at hun blir \u00abmer sliten enn hun liker\u00bb.<\/p>\n<p><img alt=\"En sliten Mari Maurstad forklarer at noen f\u00e5 dager p\u00e5 g\u00e5rden f\u00f8les som fire uker.  Foto: SKJERMBILDE\/TV 2\" class=\"_image_qp4xg_65 layout-component layout-normal\" data-fullscreen- data-track-element-type=\"Article image fullscreen\" data-track-name=\"ImageFullscreen\" decoding=\"async\" loading=\"lazy\" height=\"960\" itemprop=\"image\"  src=\"https:\/\/www.europesays.com\/no\/wp-content\/uploads\/2026\/01\/f5c97177-2f73-4b64-a33a-6bfdadf52281.jpeg\"  style=\"object-position:0% 0%\" width=\"1444\"\/>En sliten Mari Maurstad forklarer at noen f\u00e5 dager p\u00e5 g\u00e5rden f\u00f8les som fire uker.  Foto: SKJERMBILDE\/TV 2<\/p>\n<p class=\"_paragraph_o9xde_4 _paragraph_xtcu6_10 layout-component text-serif-m layout-normal text-serif-m layout-padded\">Men det kommer alts\u00e5 tilsynelatende br\u00e5tt p\u00e5 n\u00e5r hun tar ordet og sier:<\/p>\n<p class=\"_paragraph_o9xde_4 _paragraph_xtcu6_10 layout-component text-serif-m layout-normal text-serif-m layout-padded\"><strong class=\"_strong_o9xde_25\">\u2013 Min tid er forbi her n\u00e5. Jeg drar i dag.<\/strong><\/p>\n<p class=\"_paragraph_o9xde_4 _paragraph_xtcu6_10 layout-component text-serif-m layout-normal text-serif-m layout-padded\">\u2013 Skal du dra? sp\u00f8r de andre.<\/p>\n<p class=\"_paragraph_o9xde_4 _paragraph_xtcu6_10 layout-component text-serif-m layout-normal text-serif-m layout-padded\">\u2013 Ja, jeg skal dra akkurat n\u00e5, svarer Maurstad.<\/p>\n<p class=\"_paragraph_o9xde_4 _paragraph_xtcu6_10 layout-component text-serif-m layout-normal text-serif-m layout-padded\">\u2013 Jeg har v\u00e6rt s\u00e5 drita tr\u00f8tt og slapp. Kan det v\u00e6re at jeg er gammel? Jeg vet ikke, sier hun til gjengen.<\/p>\n<p class=\"_paragraph_o9xde_4 _paragraph_xtcu6_10 layout-component text-serif-m layout-normal text-serif-m layout-padded\">At hun forklarer at teateret har ringt, er klippet bort. <\/p>\n<p><img decoding=\"async\" alt=\"Bilde av Jan-Petter Dahl\" class=\"_image_ygndg_42\" height=\"27\" itemprop=\"image\" loading=\"lazy\"  src=\"https:\/\/www.europesays.com\/no\/wp-content\/uploads\/2026\/01\/d31679a2-498a-4dd0-a5b8-aeb909841004.jpeg\"  width=\"40\"\/><strong class=\"_name_ygndg_51 title-serif-xs\">Jan-Petter Dahl<\/strong><\/p>\n<p class=\"_paragraph_o9xde_4 text-sans-m _description_ygndg_56\">Pressesjef, TV 2<\/p>\n<p class=\"_paragraph_o9xde_4 _paragraph_xtcu6_10 layout-component text-serif-m layout-normal text-serif-m layout-padded\">Det bekrefter TV 2, som ikke vil utdype hvorfor de gikk med p\u00e5 en slik avtale.<\/p>\n<p class=\"_paragraph_o9xde_4 _paragraph_xtcu6_10 layout-component text-serif-m layout-normal text-serif-m layout-padded\">\u2013 Vi kommenterer aldri rundt innhold i deltagernes kontrakter, men vi kan bekrefte det Mari sier. Dersom teateret kalte henne tilbake, s\u00e5 skulle hun f\u00e5 dra, svarer pressesjef Jan-Petter Dahl i en e-post til VG.<\/p>\n<p class=\"_paragraph_o9xde_4 _paragraph_xtcu6_10 layout-component text-serif-m layout-normal text-serif-m layout-padded\"><strong class=\"_strong_o9xde_25\">\u2013 Hvorfor fremstiller dere det som om hun trekker seg fordi hun er sliten?<\/strong><\/p>\n<p class=\"_paragraph_o9xde_4 _paragraph_xtcu6_10 layout-component text-serif-m layout-normal text-serif-m layout-padded\">\u2013 Det er mange titalls timer med opptak som skal bli til et ferdig program, og derfor er det ikke alt som skjer p\u00e5 g\u00e5rden som blir med i den ferdige episoden, svarer Dahl.<\/p>\n<p><img alt=\"Mari Maurstad slipper \u00abbomben\u00bb. Kristine Arntzen, Stinius Maurstad og de andre ble paffe.  Foto: SKJERMBILDE\/TV 2\" class=\"_image_qp4xg_65 layout-component layout-normal\" data-fullscreen- data-track-element-type=\"Article image fullscreen\" data-track-name=\"ImageFullscreen\" decoding=\"async\" loading=\"lazy\" height=\"922\" itemprop=\"image\"  src=\"https:\/\/www.europesays.com\/no\/wp-content\/uploads\/2026\/01\/98be9bba-fec0-40bc-bdb1-7fa61b33ae20.jpeg\"  style=\"object-position:0% 0%\" width=\"1454\"\/>Mari Maurstad slipper \u00abbomben\u00bb. Kristine Arntzen, Stinius Maurstad og de andre ble paffe.  Foto: SKJERMBILDE\/TV 2<\/p>\n<p class=\"_paragraph_o9xde_4 _paragraph_xtcu6_10 layout-component text-serif-m layout-normal text-serif-m layout-padded\">Ogs\u00e5 Maurstads s\u00f8nn, Stinius Maurstad (31), blir tatt p\u00e5 sengen \u2013 i likhet med da mor og s\u00f8nn m\u00f8ttes p\u00e5 g\u00e5rden f\u00f8rste innspillingsdag.<\/p>\n<p class=\"_paragraph_o9xde_4 _paragraph_xtcu6_10 layout-component text-serif-m layout-normal text-serif-m layout-padded\">Hun visste at han var der, men ikke omvendt.<\/p>\n<p class=\"_paragraph_o9xde_4 _paragraph_xtcu6_10 layout-component text-serif-m layout-normal text-serif-m layout-padded\">\u2013 At hun har klart det igjen uten \u00e5 si noe, sier Stinius til kamera etter morens br\u00e5 exit.<\/p>\n<p class=\"_paragraph_o9xde_4 _paragraph_xtcu6_10 layout-component text-serif-m layout-normal text-serif-m layout-padded\">Mari Maurstad er stolt over \u00e5 ha holdt p\u00e5 hemmelighetene.<\/p>\n<p class=\"_paragraph_o9xde_4 _paragraph_xtcu6_10 layout-component text-serif-m layout-normal text-serif-m layout-padded\">\u2013 For f\u00f8rste gang i mitt liv, sier hun til VG og ler.<\/p>\n<p class=\"_paragraph_o9xde_4 _paragraph_xtcu6_10 layout-component text-serif-m layout-normal text-serif-m layout-padded\">Grunnen til at hun sa ja til \u00abFarmen\u00bb, var nettopp at s\u00f8nnen var med.<\/p>\n<p class=\"_paragraph_o9xde_4 _paragraph_xtcu6_10 layout-component text-serif-m layout-normal text-serif-m layout-padded\">\u2013 Hadde ikke Stinius v\u00e6rt der, s\u00e5 hadde jeg ikke tenkt p\u00e5 det engang, sier hun.<\/p>\n<p class=\"_paragraph_o9xde_4 _paragraph_xtcu6_10 layout-component text-serif-m layout-normal text-serif-m layout-padded\">Maurstad, den eldste av \u00e5rets deltagere, var b\u00e5de lei seg og glad for \u00e5 reise.<\/p>\n<p class=\"_paragraph_o9xde_4 _paragraph_xtcu6_10 layout-component text-serif-m layout-normal text-serif-m layout-padded\">\u2013 Det f\u00f8ltes som jeg hadde v\u00e6rt der i 14 dager. Vi ble vekket klokken 03 og m\u00e5tte jobbe. Jeg har ikke kommet meg enn\u00e5, sier hun og ler.<\/p>\n<p class=\"_paragraph_o9xde_4 _paragraph_xtcu6_10 layout-component text-serif-m layout-normal text-serif-m layout-padded\">\u2013 Jeg hadde sikkert r\u00f8ket ut tidlig likevel, og det hadde v\u00e6rt flauere.<\/p>\n<p class=\"_paragraph_o9xde_4 _paragraph_xtcu6_10 layout-component text-serif-m layout-normal text-serif-m layout-padded\">\u00abFarmen\u00bb er likevel en opplevelse hun aldri vil glemme. <\/p>\n<p class=\"_paragraph_o9xde_4 _paragraph_xtcu6_10 layout-component text-serif-m layout-normal text-serif-m layout-padded\">\u2013 Det var helt fabelaktig. Jeg har bare gode minner, selv om det var litt for langt til utedoen om natten. Vi vannet blomsterbedet i stedet.<\/p>\n<p class=\"_paragraph_o9xde_4 _paragraph_xtcu6_10 layout-component text-serif-m layout-normal text-serif-m layout-padded\">Ikke var hun s\u00e5 flink til \u00e5 melke heller. <\/p>\n<p class=\"_paragraph_o9xde_4 _paragraph_xtcu6_10 layout-component text-serif-m layout-normal text-serif-m layout-padded\">\u2013 Men jeg bar mye ved! Og jeg fikk bidratt sterkt p\u00e5 ukesoppdraget, s\u00e5 oppholdet var ikke helt bortkastet.<\/p>\n<p><img alt=\"Stinius Maurstad p\u00e5 f\u00f8rste innspillingsdag.  Foto: Anton Soggiu\/TV 2\" class=\"_image_qp4xg_65 layout-component layout-normal\" data-fullscreen- data-track-element-type=\"Article image fullscreen\" data-track-name=\"ImageFullscreen\" decoding=\"async\" loading=\"lazy\" height=\"1558\" itemprop=\"image\"  src=\"https:\/\/www.europesays.com\/no\/wp-content\/uploads\/2026\/01\/b2a80dd6-70a0-4633-836d-7d372d9777e6.jpeg\"  style=\"object-position:0% 0%\" width=\"2276\"\/>Stinius Maurstad p\u00e5 f\u00f8rste innspillingsdag.  Foto: Anton Soggiu\/TV 2<\/p>\n<p class=\"_paragraph_o9xde_4 _paragraph_xtcu6_10 layout-component text-serif-m layout-normal text-serif-m layout-padded\">N\u00e5r Stinius Maurstad f\u00e5r sp\u00f8rsm\u00e5l fra de andre om han synes det er trist at moren drar, svarer han:<\/p>\n<p class=\"_paragraph_o9xde_4 _paragraph_xtcu6_10 layout-component text-serif-m layout-normal text-serif-m layout-padded\">\u2013 Nei, jeg ble kjempeglad, faktisk. S\u00e5 deilig! N\u00e5 kan jeg begynne \u00e5 slappe av.<\/p>\n<p class=\"_paragraph_o9xde_4 _paragraph_xtcu6_10 layout-component text-serif-m layout-normal text-serif-m layout-padded\">\u2013 Sa jeg det? sier han til VG.<\/p>\n<p class=\"_paragraph_o9xde_4 _paragraph_xtcu6_10 layout-component text-serif-m layout-normal text-serif-m layout-padded\">\u2013 Hvorfor jeg sa akkurat det, vet nok han som snakker p\u00e5 TV bedre enn jeg husker i dag, legger han til.<\/p>\n<p class=\"_paragraph_o9xde_4 _paragraph_xtcu6_10 layout-component text-serif-m layout-normal text-serif-m layout-padded\">Det Stinius Maurstad imidlertid husker, er at han fikk mer alenetid p\u00e5 kj\u00f8kkenet.<\/p>\n<p class=\"_paragraph_o9xde_4 _paragraph_xtcu6_10 layout-component text-serif-m layout-normal text-serif-m layout-padded\">\u2013 Det ble enda mer mitt domene.<\/p>\n<p class=\"_paragraph_o9xde_4 _paragraph_xtcu6_10 layout-component text-serif-m layout-normal text-serif-m layout-padded\"><strong class=\"_strong_o9xde_25\">\u2013 Du s\u00e5 litt mellomforn\u00f8yd ut da du kom til g\u00e5rden og s\u00e5 at moren din var der?<\/strong><\/p>\n<p class=\"_paragraph_o9xde_4 _paragraph_xtcu6_10 layout-component text-serif-m layout-normal text-serif-m layout-padded\">\u2013 Jeg ser helt sikkert ikke superhappy ut. Det tok litt tid \u00e5 bearbeide at hun hadde klart \u00e5 lure meg. Jeg ble ikke sur, men fy s\u00f8ren, sier 31-\u00e5ringen, som er fiolinist og stemmeskuespiller.<\/p>\n<p class=\"_paragraph_o9xde_4 _paragraph_xtcu6_10 layout-component text-serif-m layout-normal text-serif-m layout-padded\">Han er ogs\u00e5 kjent fra \u00abSofa\u00bb, sammen med resten av familien.<\/p>\n<p class=\"_paragraph_o9xde_4 _paragraph_xtcu6_10 layout-component text-serif-m layout-normal text-serif-m layout-padded\"><strong class=\"_strong_o9xde_25\">\u2013 Var det kanskje greit n\u00e5 \u00e5 f\u00e5 utfolde seg foran kamera uten hele slekten rundt?<\/strong><\/p>\n<p class=\"_paragraph_o9xde_4 _paragraph_xtcu6_10 layout-component text-serif-m layout-normal text-serif-m layout-padded\">\u2013 Det kan hende \u2013 uten at jeg skal si at det er tilfelle. <\/p>\n<p class=\"_paragraph_o9xde_4 _paragraph_xtcu6_10 layout-component text-serif-m layout-normal text-serif-m layout-padded\">Tidligere i uken kunne TV-seerne se mor og s\u00f8nn i disputt over oppvasken, da de var uenige i hvorvidt glass eller bestikk skal f\u00f8rst i vannet.<\/p>\n<p><img alt=\"Stinius Maurstad og Mari Maurstad over oppvasken p\u00e5 g\u00e5rden.  Foto: SKJERMBILDE\/TV 2\" class=\"_image_qp4xg_65 layout-component layout-normal\" data-fullscreen- data-track-element-type=\"Article image fullscreen\" data-track-name=\"ImageFullscreen\" decoding=\"async\" loading=\"lazy\" height=\"1508\" itemprop=\"image\"  src=\"https:\/\/www.europesays.com\/no\/wp-content\/uploads\/2026\/01\/a532d749-509f-465d-afe8-c1796b49b0c2.jpeg\"  style=\"object-position:0% 0%\" width=\"2498\"\/>Stinius Maurstad og Mari Maurstad over oppvasken p\u00e5 g\u00e5rden.  Foto: SKJERMBILDE\/TV 2<\/p>\n<p class=\"_paragraph_o9xde_4 _paragraph_xtcu6_10 layout-component text-serif-m layout-normal text-serif-m layout-padded\">I dag innr\u00f8mmer mamma Maurstad:<\/p>\n<p class=\"_paragraph_o9xde_4 _paragraph_xtcu6_10 layout-component text-serif-m layout-normal text-serif-m layout-padded\">\u2013 Glass m\u00e5 selvsagt vaskes f\u00f8rst.<\/p>\n<p class=\"_paragraph_o9xde_4 _paragraph_xtcu6_10 layout-component text-serif-m layout-normal text-serif-m layout-padded\">Da kjendisgjengen m\u00f8ttes igjen p\u00e5 pressedag denne uken, m\u00e5tte Mari st\u00e5 over p\u00e5 grunn av pr\u00f8ver f\u00f8r \u00abDen stundesl\u00f8se\u00bb. Hun er lei seg for at hun ikke har sett de andre etter g\u00e5rdsoppholdet.<\/p>\n<p class=\"_paragraph_o9xde_4 _paragraph_xtcu6_10 layout-component text-serif-m layout-normal text-serif-m layout-padded\">\u2013 Det har v\u00e6rt s\u00e5 mye jobb, og n\u00e5 julejuleforestillinger frem til det siste.<\/p>\n<p class=\"_paragraph_o9xde_4 _paragraph_xtcu6_10 layout-component text-serif-m layout-normal text-serif-m layout-padded\">Men hun klager ikke.<\/p>\n<p class=\"_paragraph_o9xde_4 _paragraph_xtcu6_10 layout-component text-serif-m layout-normal text-serif-m layout-padded\">\u2013 Det er jo ikke noe g\u00f8y \u00e5 ikke jobbe heller, og jeg blir s\u00e5 godt ivaretatt p\u00e5 teateret.<\/p>\n<p class=\"_paragraph_o9xde_4 _paragraph_xtcu6_10 layout-component text-serif-m layout-normal text-serif-m layout-padded\"><strong class=\"_strong_o9xde_25\">Fikk du med deg dette nakenstuntet? Se VGTV:<\/strong><\/p>\n<p>Les ogs\u00e5<\/p>\n","protected":false},"excerpt":{"rendered":"En av deltagerne forlater g\u00e5rden allerede f\u00f8r f\u00f8rste tvekamp. TV 2 har klippet bort den egentlige \u00e5rsaken til&hellip;\n","protected":false},"author":2,"featured_media":134344,"comment_status":"","ping_status":"","sticky":false,"template":"","format":"standard","meta":{"footnotes":""},"categories":[58],"tags":[71,9467,30,28,29,2177,72],"class_list":{"0":"post-134343","1":"post","2":"type-post","3":"status-publish","4":"format-standard","5":"has-post-thumbnail","7":"category-underholdning","8":"tag-entertainment","9":"tag-farmen-kjendis","10":"tag-no","11":"tag-norge","12":"tag-norway","13":"tag-reality-tv","14":"tag-underholdning"},"share_on_mastodon":{"url":"https:\/\/pubeurope.com\/@no\/115875132466633863","error":""},"_links":{"self":[{"href":"https:\/\/www.europesays.com\/no\/wp-json\/wp\/v2\/posts\/134343","targetHints":{"allow":["GET"]}}],"collection":[{"href":"https:\/\/www.europesays.com\/no\/wp-json\/wp\/v2\/posts"}],"about":[{"href":"https:\/\/www.europesays.com\/no\/wp-json\/wp\/v2\/types\/post"}],"author":[{"embeddable":true,"href":"https:\/\/www.europesays.com\/no\/wp-json\/wp\/v2\/users\/2"}],"replies":[{"embeddable":true,"href":"https:\/\/www.europesays.com\/no\/wp-json\/wp\/v2\/comments?post=134343"}],"version-history":[{"count":0,"href":"https:\/\/www.europesays.com\/no\/wp-json\/wp\/v2\/posts\/134343\/revisions"}],"wp:featuredmedia":[{"embeddable":true,"href":"https:\/\/www.europesays.com\/no\/wp-json\/wp\/v2\/media\/134344"}],"wp:attachment":[{"href":"https:\/\/www.europesays.com\/no\/wp-json\/wp\/v2\/media?parent=134343"}],"wp:term":[{"taxonomy":"category","embeddable":true,"href":"https:\/\/www.europesays.com\/no\/wp-json\/wp\/v2\/categories?post=134343"},{"taxonomy":"post_tag","embeddable":true,"href":"https:\/\/www.europesays.com\/no\/wp-json\/wp\/v2\/tags?post=134343"}],"curies":[{"name":"wp","href":"https:\/\/api.w.org\/{rel}","templated":true}]}}