{"id":134349,"date":"2026-01-11T07:00:13","date_gmt":"2026-01-11T07:00:13","guid":{"rendered":"https:\/\/www.europesays.com\/no\/134349\/"},"modified":"2026-01-11T07:00:13","modified_gmt":"2026-01-11T07:00:13","slug":"donald-trump-har-fatt-veldig-mye-makt-i-venezuela","status":"publish","type":"post","link":"https:\/\/www.europesays.com\/no\/134349\/","title":{"rendered":"\u2013 Donald Trump har f\u00e5tt veldig mye makt i Venezuela"},"content":{"rendered":"<p>    P\u00e5 kort sikt kan Donald Trump vinne mange seire i Latin-Amerika, sier forsker Benedicte Bull. Men hun tror tilbakeslagene vil komme p\u00e5 lengre sikt.\u00a0<\/p>\n<p>\n        Latinamerikaforsker Benedicte Bull har hatt det travelt p\u00e5 jobb etter at Venezuelas president Nicol\u00e1s Maduro ble bortf\u00f8rt og fengslet 3. januar.<br \/>\n        Foto: Kenneth Lia Solberg\n    <\/p>\n<p class=\"kicker tertiary color_mobile_tertiary\" style=\"\">Nyhetsintervjuet<\/p>\n<p class=\"font-weight-black m-font-weight-black\" data-lab-font_weight=\"font-weight-black\">\u2013 USAs president Donald Trump sier han styrer Venezuela n\u00e5.<br \/>\nGj\u00f8r han det?<\/p>\n<p>\u2013 Si det. Trump har i hvert fall f\u00e5tt veldig mye makt i<br \/>\nVenezuela, det er det sv\u00e6rt mye som tyder p\u00e5. Samtidig er det uklart hvordan<br \/>\nsamarbeidet med n\u00e5v\u00e6rende president Delcy Rodr\u00edguez skal utvikle seg. Det er en<br \/>\nmillion kilder til at dette samarbeidet kan bli torpedert: Alt fra intern<br \/>\nopposisjon, til militser og s\u00e5kalte collectivos, til om dette samarbeidet skal<br \/>\nbegynne \u00e5 rokke ved en del av de ulovlige inntektskildene milit\u00e6ret i Venezuela<br \/>\nhar.\u00a0<\/p>\n<p>\u2013 S\u00e5 har du det store sp\u00f8rsm\u00e5let: Hva skal de konkret gj\u00f8re<br \/>\nmed oljen? Oljeblokaden begynte f\u00f8r jul, med \u00e5 beslaglegge oljetankere, og ta<br \/>\noljen. N\u00e5 skal den selges p\u00e5 verdensmarkedet. Hvis USA skal overta den oljen som n\u00e5<br \/>\nhoper seg opp p\u00e5 lagre i Venezuela fordi de ikke f\u00e5r solgt den, og hvis ikke<br \/>\nnoen av disse pengene skal g\u00e5 tilbake til Venezuela, kommer folk til \u00e5 bli<br \/>\nutpinte. Da blir det kaos. Da kommer det ikke til \u00e5 bli mat i butikkene, og hva<br \/>\nskjer da? Hvem skal da holde kontroll? Det er s\u00e5 mange uavklarte sp\u00f8rsm\u00e5l.<\/p>\n","protected":false},"excerpt":{"rendered":"P\u00e5 kort sikt kan Donald Trump vinne mange seire i Latin-Amerika, sier forsker Benedicte Bull. Men hun tror&hellip;\n","protected":false},"author":2,"featured_media":134350,"comment_status":"","ping_status":"","sticky":false,"template":"","format":"standard","meta":{"footnotes":""},"categories":[5],"tags":[20,21,24,25,15,19,22,23,17,18,13,30,28,29,14,16,26,27],"class_list":{"0":"post-134349","1":"post","2":"type-post","3":"status-publish","4":"format-standard","5":"has-post-thumbnail","7":"category-overskrifter","8":"tag-breaking-news","9":"tag-breakingnews","10":"tag-featured-news","11":"tag-featurednews","12":"tag-headlines","13":"tag-hovedoppslag","14":"tag-latest-news","15":"tag-latestnews","16":"tag-main-news","17":"tag-mainnews","18":"tag-news","19":"tag-no","20":"tag-norge","21":"tag-norway","22":"tag-nyheter","23":"tag-overskrifter","24":"tag-top-stories","25":"tag-topstories"},"share_on_mastodon":{"url":"https:\/\/pubeurope.com\/@no\/115875179587022276","error":""},"_links":{"self":[{"href":"https:\/\/www.europesays.com\/no\/wp-json\/wp\/v2\/posts\/134349","targetHints":{"allow":["GET"]}}],"collection":[{"href":"https:\/\/www.europesays.com\/no\/wp-json\/wp\/v2\/posts"}],"about":[{"href":"https:\/\/www.europesays.com\/no\/wp-json\/wp\/v2\/types\/post"}],"author":[{"embeddable":true,"href":"https:\/\/www.europesays.com\/no\/wp-json\/wp\/v2\/users\/2"}],"replies":[{"embeddable":true,"href":"https:\/\/www.europesays.com\/no\/wp-json\/wp\/v2\/comments?post=134349"}],"version-history":[{"count":0,"href":"https:\/\/www.europesays.com\/no\/wp-json\/wp\/v2\/posts\/134349\/revisions"}],"wp:featuredmedia":[{"embeddable":true,"href":"https:\/\/www.europesays.com\/no\/wp-json\/wp\/v2\/media\/134350"}],"wp:attachment":[{"href":"https:\/\/www.europesays.com\/no\/wp-json\/wp\/v2\/media?parent=134349"}],"wp:term":[{"taxonomy":"category","embeddable":true,"href":"https:\/\/www.europesays.com\/no\/wp-json\/wp\/v2\/categories?post=134349"},{"taxonomy":"post_tag","embeddable":true,"href":"https:\/\/www.europesays.com\/no\/wp-json\/wp\/v2\/tags?post=134349"}],"curies":[{"name":"wp","href":"https:\/\/api.w.org\/{rel}","templated":true}]}}