{"id":134360,"date":"2026-01-11T07:14:12","date_gmt":"2026-01-11T07:14:12","guid":{"rendered":"https:\/\/www.europesays.com\/no\/134360\/"},"modified":"2026-01-11T07:14:12","modified_gmt":"2026-01-11T07:14:12","slug":"anmelder-lat-for-lat","status":"publish","type":"post","link":"https:\/\/www.europesays.com\/no\/134360\/","title":{"rendered":"Anmelder l\u00e5t for l\u00e5t"},"content":{"rendered":"<p>P\u00e5 l\u00f8rdag er \u00e5tte av landets st\u00f8rste stjerner samlet for gode samtaler og magiske opptredener n\u00e5r Marit Larsen er hedersgjest.<\/p>\n<p>Det er artistkollegaer Espen Lind (54), Marcus &amp; Martinus (23), Herborg Kr\u00e5kevik (52), Synne Vo (28), Musti (24) og\u00a0Andr\u00e9 Jensen\u00a0(37) som hyller og tolker Larsens hits.<\/p>\n<p>        <img class=\"image__img lazyload\" itemprop=\"image\" title=\"Foto: Ingvill Sunnby \/ TV 2\" alt=\"\u00c5RETS GJENG: Dette er \u00e5rets artister. Foto: Ingvill Sunnby \/ TV 2\" width=\"675\" height=\"453\" bad-src=\"https:\/\/www.europesays.com\/no\/wp-content\/uploads\/2026\/01\/18449417.webp.jpeg\" fetchpriority=\"auto\" \/><\/p>\n<p>      \u00c5RETS GJENG: Dette er \u00e5rets artister.<br \/>\n         Foto: Ingvill Sunnby \/ TV 2<\/p>\n<p> TV 2s anmelder Christoffer Gunnestad trillet terning p\u00e5 kveldens l\u00e5ter. Trykk p\u00e5 \u00abStem n\u00e5!\u00bb og dra pilen for \u00e5 gi din dom. <\/p>\n<p>        <img class=\"image__img lazyload\" itemprop=\"image\" title=\"Foto: H\u00e5kon Dalsb\u00f8 \/ TV 2\" alt=\"TV 2S MUSIKKANMELDER: Christoffer Gunnestad. Foto: H\u00e5kon Dalsb\u00f8 \/ TV 2\" width=\"675\" height=\"540\" bad-src=\"https:\/\/www.europesays.com\/no\/wp-content\/uploads\/2026\/01\/18449415.webp.jpeg\" fetchpriority=\"auto\" \/><\/p>\n<p>      TV 2S MUSIKKANMELDER: Christoffer Gunnestad.<br \/>\n         Foto: H\u00e5kon Dalsb\u00f8 \/ TV 2<\/p>\n<p class=\"bold m-bold\" data-lab-font_weight=\"bold\">Ved \u00e5 trykke p\u00e5 \u00abi\u00bb-symbolet til h\u00f8yre i p\u00e5 hvert av bidragene, kan du se begrunnelsen for hvert terningkast:<\/p>\n","protected":false},"excerpt":{"rendered":"P\u00e5 l\u00f8rdag er \u00e5tte av landets st\u00f8rste stjerner samlet for gode samtaler og magiske opptredener n\u00e5r Marit Larsen&hellip;\n","protected":false},"author":2,"featured_media":134361,"comment_status":"","ping_status":"","sticky":false,"template":"","format":"standard","meta":{"footnotes":""},"categories":[5],"tags":[20,21,24,25,15,19,22,23,17,18,13,30,28,29,14,16,26,27],"class_list":{"0":"post-134360","1":"post","2":"type-post","3":"status-publish","4":"format-standard","5":"has-post-thumbnail","7":"category-overskrifter","8":"tag-breaking-news","9":"tag-breakingnews","10":"tag-featured-news","11":"tag-featurednews","12":"tag-headlines","13":"tag-hovedoppslag","14":"tag-latest-news","15":"tag-latestnews","16":"tag-main-news","17":"tag-mainnews","18":"tag-news","19":"tag-no","20":"tag-norge","21":"tag-norway","22":"tag-nyheter","23":"tag-overskrifter","24":"tag-top-stories","25":"tag-topstories"},"share_on_mastodon":{"url":"https:\/\/pubeurope.com\/@no\/115875234631675473","error":""},"_links":{"self":[{"href":"https:\/\/www.europesays.com\/no\/wp-json\/wp\/v2\/posts\/134360","targetHints":{"allow":["GET"]}}],"collection":[{"href":"https:\/\/www.europesays.com\/no\/wp-json\/wp\/v2\/posts"}],"about":[{"href":"https:\/\/www.europesays.com\/no\/wp-json\/wp\/v2\/types\/post"}],"author":[{"embeddable":true,"href":"https:\/\/www.europesays.com\/no\/wp-json\/wp\/v2\/users\/2"}],"replies":[{"embeddable":true,"href":"https:\/\/www.europesays.com\/no\/wp-json\/wp\/v2\/comments?post=134360"}],"version-history":[{"count":0,"href":"https:\/\/www.europesays.com\/no\/wp-json\/wp\/v2\/posts\/134360\/revisions"}],"wp:featuredmedia":[{"embeddable":true,"href":"https:\/\/www.europesays.com\/no\/wp-json\/wp\/v2\/media\/134361"}],"wp:attachment":[{"href":"https:\/\/www.europesays.com\/no\/wp-json\/wp\/v2\/media?parent=134360"}],"wp:term":[{"taxonomy":"category","embeddable":true,"href":"https:\/\/www.europesays.com\/no\/wp-json\/wp\/v2\/categories?post=134360"},{"taxonomy":"post_tag","embeddable":true,"href":"https:\/\/www.europesays.com\/no\/wp-json\/wp\/v2\/tags?post=134360"}],"curies":[{"name":"wp","href":"https:\/\/api.w.org\/{rel}","templated":true}]}}