{"id":134364,"date":"2026-01-11T07:21:07","date_gmt":"2026-01-11T07:21:07","guid":{"rendered":"https:\/\/www.europesays.com\/no\/134364\/"},"modified":"2026-01-11T07:21:07","modified_gmt":"2026-01-11T07:21:07","slug":"er-bruk-av-snofreser-pa-sondager-brudd-pa-helligdagsfreden-stor-oslo","status":"publish","type":"post","link":"https:\/\/www.europesays.com\/no\/134364\/","title":{"rendered":"Er bruk av sn\u00f8freser p\u00e5 s\u00f8ndager brudd p\u00e5 helligdagsfreden? \u2013 Stor-Oslo"},"content":{"rendered":"<p>For gresset kan vente til mandag. Det kan ikke alltid sn\u00f8en.<\/p>\n<p><strong>Det du imidlertid aldri m\u00e5 gj\u00f8re, er \u00e5 frese sn\u00f8en over p\u00e5 naboens tomt. <\/strong><\/p>\n<p>Det kommer vi tilbake til. F\u00f8rst skal det handle om s\u00f8ndagsfresing.<\/p>\n<p>S\u00f8ndag morgen<\/p>\n<p>Har du irritert deg over naboen som fyrer opp monsteret av en bensindrevet sn\u00f8freser tidlig s\u00f8ndag morgen?<\/p>\n<p>Eller han som kommer hjem fra hytta sent s\u00f8ndag kveld, ser at det har sn\u00f8dd og vekker ungene i nabolaget med freserbr\u00e5k?<\/p>\n<p>\u00abUtilb\u00f8rlig larm\u00bb<\/p>\n<p><strong>Br\u00e5k p\u00e5 s\u00f8ndager og helligdager er kilde til mang en nabokrangel i norske villastr\u00f8k.<\/strong><\/p>\n<p>If\u00f8lge loven skal det v\u00e6re helligdagsfred. Loven lyder slik:<\/p>\n<p>Lov om helligdager og helligdagsfred<\/p>\n<p><strong>\u00a7 3. Helligdagsfred<\/strong><\/p>\n<p>P\u00e5 helligdag fra kl 00 til kl 24 samt p\u00e5ske-, pinse- og julaften etter kl 16 skal det v\u00e6re helligdagsfred som ingen noe sted m\u00e5 forstyrre med utilb\u00f8rlig larm.<\/p>\n<p>Ved kirke eller gudstjenestested er det mens helligdagsfreden varer ikke tillatt \u00e5 forstyrre gudstjenesten med un\u00f8dig larm eller arbeid eller annen forstyrrende virksomhet.<\/p>\n<p>Kilde: Lovdata<\/p>\n<p>Er da motorst\u00f8y fra en sn\u00f8freser \u00abutilb\u00f8rlig larm\u00bb og dermed forbudt?<\/p>\n<p>Advokat Anders Leisner i Huseierne svarer:<\/p>\n<p>\u2013 Det kan det v\u00e6re, men man m\u00e5 nok ta litt hensyn til at hvis det kommer mye sn\u00f8, s\u00e5 har man jo behov for \u00e5 f\u00e5 den sn\u00f8en vekk.<\/p>\n<p><strong>\u2013 Man har ikke noen forpliktelse til \u00e5 la seg sn\u00f8 inne selv om det er s\u00f8ndag, sier han.<\/strong><\/p>\n<p><img decoding=\"async\"   src=\"data:image\/gif;base64,R0lGODlhAQABAIAAAAAAAP\/\/\/yH5BAEAAAAALAAAAAABAAEAAAIBRAA7\" loading=\"eager\" alt=\"en mann som st\u00e5r p\u00e5 fortauet (Bildebeskrivelsen er laget av en KI-tjeneste)\" title=\"Foto: Huseierne\"\/><\/p>\n<p class=\"\">GIR HUSEIERNE R\u00c5D: Anders Leisner er advokat hos interesseorganisasjonen Huseierne.<\/p>\n<p>Foto: Huseierne<\/p>\n<p>\u2013 Kan bruke spaden<\/p>\n<p>Det sentrale begrepet i loven er alts\u00e5 \u00abutilb\u00f8rlig larm\u00bb. Anders Leisner definerer det som upassende, un\u00f8dvendig, uakseptabelt, i strid med vanlige normer.<\/p>\n<p>Derfor er det ikke fritt fram for \u00e5 frese i vilden sky.<\/p>\n<p>\u2013 Man b\u00f8r holde br\u00e5ket eller larmen p\u00e5 et minimum. Man b\u00f8r kanskje ikke ta den store ryddingen av g\u00e5rdsplassen den dagen, men bare gj\u00f8re det som er n\u00f8dvendig.<\/p>\n<p><strong>\u2013 Og kanskje ikke klokka sju om morgenen. Kanskje kan man bruke spaden i stedet hvis det er veldig tidlig.<\/strong><\/p>\n<p>F\u00e5r naboens sn\u00f8freser deg til \u00e5 frese? Vi spurte folk p\u00e5 Grefsen i Oslo.<\/p>\n<p>    \u2190<\/p>\n<ul data-scroll-container=\"\" role=\"list\">\n<li><img alt=\"en mann med hatt og briller (Bildebeskrivelsen er laget av en KI-tjeneste)\"  width=\"3840\" height=\"2160\" loading=\"lazy\"\/>\n<p>\n        Hallgeir Braastad \/ NRK\n      <\/p>\n<p>Fred Halvorsen<\/p>\n<p>Det komme litt an p\u00e5 hvor tidlig morgen det er. Klokka sju er i tidligste laget. Men hvis man venter til litt utp\u00e5 formiddagen, elleve-tolv, s\u00e5 syns jeg det m\u00e5 v\u00e6re helt innafor \u00e5 m\u00e5ke sn\u00f8 ogs\u00e5 p\u00e5 en s\u00f8ndag, selv med sn\u00f8freser.<\/p>\n<p>Vi m\u00e5 forholde oss til det landet vi lever i og de v\u00e6rforholdene som til enhver tid er.<\/p>\n<\/li>\n<li><img alt=\"en person med hatt og frakk (Bildebeskrivelsen er laget av en KI-tjeneste)\"  width=\"3840\" height=\"2160\" loading=\"lazy\"\/>\n<p>\n        Hallgeir Braastad \/ NRK\n      <\/p>\n<p>Anne Karine Hagen<\/p>\n<p>Det syns jeg er \u00e5 forstyrre den helligdagsfreden som er en del av v\u00e5r kultur og som faktisk er lovp\u00e5lagt. <\/p>\n<\/li>\n<li><img alt=\"En kvinne med hvit hatt (Bildebeskrivelsen er laget av en KI-tjeneste)\"  width=\"3840\" height=\"2160\" loading=\"lazy\"\/>\n<p>\n        Hallgeir Braastad \/ NRK\n      <\/p>\n<p>Malin Botolfsen<\/p>\n<p>Da blir jeg glad for \u00e5 vite at vi kommer oss ut med bilen, sier Malin om n\u00e5r hun h\u00f8rer at vaktmesteren i borettslaget er i gang.<\/p>\n<p>S\u00e5 du har ikke noe mot at s\u00f8ndagsfreden blir forstyrret av praktiske \u00e5rsaker?<\/p>\n<p>Absolutt ikke.<\/p>\n<\/li>\n<\/ul>\n<p>\u2192<\/p>\n<p>Gressklipper en gjenganger<\/p>\n<p>Noen ganger blir irritasjonen over at naboen forstyrrer s\u00f8ndagsroen s\u00e5 stor at noen ringer og ber politiet gripe inn.<\/p>\n<p>Hva de ringer om er ganske sesongavhengig, sier Atle Vesttorp. Han er avsnittsleder p\u00e5 operasjonssentralen i \u00d8st politidistrikt.<\/p>\n<p><strong>\u2013 N\u00e5 p\u00e5 vinteren kan det v\u00e6re bruk av sn\u00f8freser. P\u00e5 v\u00e5r og h\u00f8st g\u00e5r det mer i hekksaks og motorsager, mens p\u00e5 sommeren er gressklipper en gjenganger, sier han.<\/strong><\/p>\n<p>Og det er vanskeligere \u00e5 forsvare at plenklippingen ikke kan vente til mandag enn sn\u00f8ryddingen, if\u00f8lge Huseiernes advokat.<\/p>\n<p>\u2013 Du har ikke det samme behovet for \u00e5 ha gresset litt kortere selv om det er s\u00f8ndag. Bruk av motorgressklipper er nok en av de tingene den bestemmelsen er ment \u00e5 omfatte, sier Anders Leisner.<\/p>\n<p><img decoding=\"async\"   src=\"data:image\/gif;base64,R0lGODlhAQABAIAAAAAAAP\/\/\/yH5BAEAAAAALAAAAAABAAEAAAIBRAA7\" loading=\"eager\" alt=\"Christoffer klipper plenen i Skien. Han holder seg til et fast m\u00f8nster der han begynner ytterst og klipper seg innover. \" title=\"Foto: Stian W\u00e5sj\u00f8 Simonsen\"\/><\/p>\n<p class=\"\">KAN VENTE TIL MANDAG: Huseiernes advokat kan vanskelig se for seg at hageeiere er n\u00f8dt til \u00e5 klippe plenen p\u00e5 s\u00f8ndag.<\/p>\n<p>Foto: Stian W\u00e5sj\u00f8 Simonsen<\/p>\n<p>\u2013 Litt bestemt prat<\/p>\n<p>Noe er Huseierne og politiet samstemte om:<\/p>\n<p>Ved brudd p\u00e5 helligdagsfreden b\u00f8r den som er plaget ta en prat med den som forstyrrer.<\/p>\n<p><strong>\u2013 Godt naboskap er ikke en politisak, sier leder for operasjonssentralen i Oslo politidistrikt, Christian Krohn Engeseth.<\/strong><\/p>\n<p>\u2013 I den grad politiet blir tilkalt \u2013 og har ressurser til \u00e5 rykke ut \u2013 blir antakelig slike saker l\u00f8st med en litt bestemt prat mellom patruljen og den som forstyrret uten videre oppf\u00f8lgning fra politiets side.<\/p>\n<p>        Er det greit \u00e5 bruke sn\u00f8freser p\u00e5 s\u00f8ndager?<\/p>\n<p>        Ja, vi bor i et vinterland, og sn\u00f8en m\u00e5 bort.<\/p>\n<p>        Nei, folk m\u00e5 respektere helligdagsfreden. M\u00e5 man fjerne sn\u00f8en, kan man m\u00e5ke for h\u00e5nd.<\/p>\n<p>        Tja, hvis man begrenser sn\u00f8fresingen til et minimum og ikke starter for tidlig.<\/p>\n<p>      Vis resultat<\/p>\n<p class=\"pin-nrkno-poll__disclaimer\">\n    Denne avstemningen viser ikke hva befolkningen mener om sp\u00f8rsm\u00e5let.<br \/>\n    Resultatet viser hva de som selv har valgt \u00e5 stemme mener,<br \/>\n    og avstemningen har ikke et utvalg som gj\u00f8r den representativ for alle som bor i landet.\n  <\/p>\n<p>Engeseth gj\u00f8r det samtidig klart at sn\u00f8freser spesielt ikke er noe politiet vil prioritere \u00e5 rykke ut p\u00e5.<\/p>\n<p>Han p\u00e5peker at det ogs\u00e5 kan sn\u00f8 p\u00e5 s\u00f8ndager, og at det \u00e5 fjerne den blir gjort for \u00e5 bedre framkommeligheten.<\/p>\n<p>Ikke over til naboen<\/p>\n<p>Men om sn\u00f8fresing p\u00e5 s\u00f8ndager i noen tilfeller kan v\u00e6re greit, er det \u00e9n ting du aldri m\u00e5 gj\u00f8re med sn\u00f8en.<\/p>\n<p>Det er \u00e5 skyfle den over p\u00e5 nabotomta.<\/p>\n<p><strong>\u2013 Du m\u00e5 h\u00e5ndtere egen sn\u00f8 p\u00e5 egen eiendom. Du har ingen rettslig mulighet til \u00e5 lempe sn\u00f8en din over til naboen, sier Anders Leisner i Huseierne.<\/strong><\/p>\n<p><img decoding=\"async\"   src=\"data:image\/gif;base64,R0lGODlhAQABAIAAAAAAAP\/\/\/yH5BAEAAAAALAAAAAABAAEAAAIBRAA7\" loading=\"eager\" alt=\"Vinter i Hammerfest.\" title=\"Foto: Allan Klo\"\/><\/p>\n<p class=\"\">IKKE OVER GRENSA: Sn\u00f8en skal lande p\u00e5 egen eiendom.<\/p>\n<p>Foto: Allan Klo<\/p>\n<p>Engasjerer advokat<\/p>\n<p>Forsikringsselskapet If bekrefter at sn\u00f8fresing skaper isfronter i mange nabolag.<\/p>\n<p>If\u00f8lge tall fra Finans Norge dekket norske forsikringsselskaper advokatutgifter til 4573 rettshjelpssaker de ni f\u00f8rste m\u00e5nedene i 2024.<\/p>\n<p><strong>Flertallet handler om nabofeider, if\u00f8lge If.<\/strong><\/p>\n<p>\u2013 V\u00e5r, sommer og h\u00f8st krangler naboer om h\u00f8ye hekker og tr\u00e6r som kaster skygge og tar utsikt, sier skadesjef for eiendom, Benedicte Veum.<\/p>\n<p><img decoding=\"async\"   src=\"data:image\/gif;base64,R0lGODlhAQABAIAAAAAAAP\/\/\/yH5BAEAAAAALAAAAAABAAEAAAIBRAA7\" loading=\"eager\" alt=\"Skadesjef for eiendom i If, Benedicte Veum\" title=\"Foto: If\"\/><\/p>\n<p class=\"\">V\u00c6R HYGGELIG: Benedicte Veum i If oppfordrer naboer til \u00e5 snakke sammen og ordne opp f\u00f8r alt g\u00e5r i l\u00e5s. <\/p>\n<p>Foto: If<\/p>\n<p>\u2013 Ta en kaffekopp<\/p>\n<p>N\u00e5r det blir sn\u00f8 og vinter, dreier konfliktene seg gjerne om sn\u00f8rydding.<\/p>\n<p><strong>\u2013 Br\u00e5k fra sn\u00f8fresing og hvor sn\u00f8hauger skal ligge kan skape d\u00e5rlig stemning mellom naboer som ellers har et \u00e5lreit forhold til hverandre.<\/strong><\/p>\n<p>Hennes beste r\u00e5d mot krangling er \u00e5 etablere et hyggelig forhold til naboene sine.<\/p>\n<p>\u2013 Litt hjelp i hverdagen, noen hyggelig ord over hekken eller invitasjon hjem til nabosuppe eller en kaffekopp er nesten som vaksine mot nabokrangling, sier Benedicte Veum.<\/p>\n<p>Publisert<\/p>\n<p>11.01.2026, kl. 07.49<\/p>\n","protected":false},"excerpt":{"rendered":"For gresset kan vente til mandag. Det kan ikke alltid sn\u00f8en. Det du imidlertid aldri m\u00e5 gj\u00f8re, er&hellip;\n","protected":false},"author":2,"featured_media":134365,"comment_status":"","ping_status":"","sticky":false,"template":"","format":"standard","meta":{"footnotes":""},"categories":[10],"tags":[20,21,24,25,15,22,23,13,30,28,29,14,16,26,27],"class_list":{"0":"post-134364","1":"post","2":"type-post","3":"status-publish","4":"format-standard","5":"has-post-thumbnail","7":"category-norge","8":"tag-breaking-news","9":"tag-breakingnews","10":"tag-featured-news","11":"tag-featurednews","12":"tag-headlines","13":"tag-latest-news","14":"tag-latestnews","15":"tag-news","16":"tag-no","17":"tag-norge","18":"tag-norway","19":"tag-nyheter","20":"tag-overskrifter","21":"tag-top-stories","22":"tag-topstories"},"share_on_mastodon":{"url":"https:\/\/pubeurope.com\/@no\/115875262160140889","error":""},"_links":{"self":[{"href":"https:\/\/www.europesays.com\/no\/wp-json\/wp\/v2\/posts\/134364","targetHints":{"allow":["GET"]}}],"collection":[{"href":"https:\/\/www.europesays.com\/no\/wp-json\/wp\/v2\/posts"}],"about":[{"href":"https:\/\/www.europesays.com\/no\/wp-json\/wp\/v2\/types\/post"}],"author":[{"embeddable":true,"href":"https:\/\/www.europesays.com\/no\/wp-json\/wp\/v2\/users\/2"}],"replies":[{"embeddable":true,"href":"https:\/\/www.europesays.com\/no\/wp-json\/wp\/v2\/comments?post=134364"}],"version-history":[{"count":0,"href":"https:\/\/www.europesays.com\/no\/wp-json\/wp\/v2\/posts\/134364\/revisions"}],"wp:featuredmedia":[{"embeddable":true,"href":"https:\/\/www.europesays.com\/no\/wp-json\/wp\/v2\/media\/134365"}],"wp:attachment":[{"href":"https:\/\/www.europesays.com\/no\/wp-json\/wp\/v2\/media?parent=134364"}],"wp:term":[{"taxonomy":"category","embeddable":true,"href":"https:\/\/www.europesays.com\/no\/wp-json\/wp\/v2\/categories?post=134364"},{"taxonomy":"post_tag","embeddable":true,"href":"https:\/\/www.europesays.com\/no\/wp-json\/wp\/v2\/tags?post=134364"}],"curies":[{"name":"wp","href":"https:\/\/api.w.org\/{rel}","templated":true}]}}