{"id":134370,"date":"2026-01-11T07:28:22","date_gmt":"2026-01-11T07:28:22","guid":{"rendered":"https:\/\/www.europesays.com\/no\/134370\/"},"modified":"2026-01-11T07:28:22","modified_gmt":"2026-01-11T07:28:22","slug":"politilogg-uteliv-tidligere-konflikt-blusset-opp-tenaringer-i-slagsmal-pa-byen","status":"publish","type":"post","link":"https:\/\/www.europesays.com\/no\/134370\/","title":{"rendered":"Politilogg, Uteliv | Tidligere konflikt blusset opp \u2013 ten\u00e5ringer i slagsm\u00e5l p\u00e5 byen"},"content":{"rendered":"\n<p>Troms politidistrikt melder om en relativt rolig natt til l\u00f8rdag. Enkelte hendelser p\u00e5 byen i Troms\u00f8 har de riktignok m\u00e5tte h\u00e5ndtere. <\/p>\n<p>Klokka 02.18 meldte politiet at en patrulje hadde kommet over et slagsm\u00e5l i Storgata i Troms\u00f8. <\/p>\n<p>\u00abTre personer i slutten av ten\u00e5rene involvert, ingen skadet. Skal ha v\u00e6rt en tidligere konflikt som var \u00e5rsaken til uoverensstemmelsen. Alle tre bortvist fra sentrum resten av natten\u00bb, opplyses det fra politiets side. <\/p>\n<p>I arresten<\/p>\n<p>Litt senere p\u00e5 natta holdt det ikke med bortvisning. En mann i slutten av 40-\u00e5rene ble innbrakt til arresten i Troms\u00f8 etter \u00e5 ha satt seg til motverge i m\u00f8te med politiets patrulje. <\/p>\n<p>Utrykningen skyldtes at mannen nektet \u00e5 forlate et utested der han var vurdert som for full. Han var da truende mot en vekter, if\u00f8lge politiets rapport. <\/p>\n<p>Sak opprettes p\u00e5 forholdet. <\/p>\n<p>\u2013 Ufin mot vektere<\/p>\n<p>I fyllearresten hadde han selskap av en mann i 30-\u00e5rene. Tidligere p\u00e5 kvelden ble han innbrakt p\u00e5 grunn av sin oppf\u00f8rsel p\u00e5 byen. <\/p>\n<p>Klokka 01.06 meldte politiet at vedkommende skal ha v\u00e6rt ufin mot vektere p\u00e5 et utested etter at han ble bedt om \u00e5 forlate. <\/p>\n<p>For \u00f8vrig melder politiet om \u00e9n hendelse fra Harstad. <\/p>\n<p>\u00abMann i 50-\u00e5rene er bortvist fra Harstad sentrum resten av natten etter \u00e5 ha v\u00e6rt truende overfor en ansatt p\u00e5 et utested\u00bb, opplyses det fra politiets side. <\/p>\n","protected":false},"excerpt":{"rendered":"Troms politidistrikt melder om en relativt rolig natt til l\u00f8rdag. Enkelte hendelser p\u00e5 byen i Troms\u00f8 har de&hellip;\n","protected":false},"author":2,"featured_media":2176,"comment_status":"","ping_status":"","sticky":false,"template":"","format":"standard","meta":{"footnotes":""},"categories":[10],"tags":[36,20,21,24,25,15,22,23,13,30,28,29,14,16,13702,987,4234,1510,26,27,3119],"class_list":{"0":"post-134370","1":"post","2":"type-post","3":"status-publish","4":"format-standard","5":"has-post-thumbnail","7":"category-norge","8":"tag-art","9":"tag-breaking-news","10":"tag-breakingnews","11":"tag-featured-news","12":"tag-featurednews","13":"tag-headlines","14":"tag-latest-news","15":"tag-latestnews","16":"tag-news","17":"tag-no","18":"tag-norge","19":"tag-norway","20":"tag-nyheter","21":"tag-overskrifter","22":"tag-overstadig-beruset","23":"tag-politilogg","24":"tag-slagsmal","25":"tag-story","26":"tag-top-stories","27":"tag-topstories","28":"tag-uteliv"},"share_on_mastodon":{"url":"https:\/\/pubeurope.com\/@no\/115875289996089664","error":""},"_links":{"self":[{"href":"https:\/\/www.europesays.com\/no\/wp-json\/wp\/v2\/posts\/134370","targetHints":{"allow":["GET"]}}],"collection":[{"href":"https:\/\/www.europesays.com\/no\/wp-json\/wp\/v2\/posts"}],"about":[{"href":"https:\/\/www.europesays.com\/no\/wp-json\/wp\/v2\/types\/post"}],"author":[{"embeddable":true,"href":"https:\/\/www.europesays.com\/no\/wp-json\/wp\/v2\/users\/2"}],"replies":[{"embeddable":true,"href":"https:\/\/www.europesays.com\/no\/wp-json\/wp\/v2\/comments?post=134370"}],"version-history":[{"count":0,"href":"https:\/\/www.europesays.com\/no\/wp-json\/wp\/v2\/posts\/134370\/revisions"}],"wp:featuredmedia":[{"embeddable":true,"href":"https:\/\/www.europesays.com\/no\/wp-json\/wp\/v2\/media\/2176"}],"wp:attachment":[{"href":"https:\/\/www.europesays.com\/no\/wp-json\/wp\/v2\/media?parent=134370"}],"wp:term":[{"taxonomy":"category","embeddable":true,"href":"https:\/\/www.europesays.com\/no\/wp-json\/wp\/v2\/categories?post=134370"},{"taxonomy":"post_tag","embeddable":true,"href":"https:\/\/www.europesays.com\/no\/wp-json\/wp\/v2\/tags?post=134370"}],"curies":[{"name":"wp","href":"https:\/\/api.w.org\/{rel}","templated":true}]}}