{"id":134371,"date":"2026-01-11T07:29:28","date_gmt":"2026-01-11T07:29:28","guid":{"rendered":"https:\/\/www.europesays.com\/no\/134371\/"},"modified":"2026-01-11T07:29:28","modified_gmt":"2026-01-11T07:29:28","slug":"nytt-em-gull","status":"publish","type":"post","link":"https:\/\/www.europesays.com\/no\/134371\/","title":{"rendered":"Nytt EM-gull"},"content":{"rendered":"<p>    Kort fortalt<\/p>\n<ul lang=\"nb-NO\">\n<li>Arkeolog Jan Magne Gjerde oppdaget nylig et nytt felt med hellemalerier i Tingvoll i M\u00f8re og Romsdal.<\/li>\n<li>Funnet ble gjort under en regnv\u00e6rsdag da droneflyging ble umulig, og Gjerde og hans kollega bestemte seg for \u00e5 utforske omr\u00e5det til fots.<\/li>\n<li>De nye maleriene, som antas \u00e5 stamme fra yngre steinalder, viser blant annet en fiskefigur og en geometrisk form.<\/li>\n<li>For \u00e5 beskytte funnstedet mot h\u00e6rverk, er den n\u00f8yaktige lokasjonen holdt hemmelig, og Gjerde oppfordrer til \u00e5 rapportere nye funn til myndighetene.<\/li>\n<\/ul>\n<p class=\"italic ai-disclaimer\" data-lab-italic=\"italic\">Sammendraget er laget av ChatGPT og godkjent av Dagbladet.<\/p>\n<p>      Vis mer<br \/>\n      Vis mindre<\/p>\n<p>Det er bratt, v\u00e5tt og stille i fjellsida over Tingvollfjorden.<\/p>\n<p>Mellom mose, lyng og glinsende granitt skimter Jan Magne Gjerde &#8211; arkeolog og seniorforsker ved Norsk institutt for kulturminneforskning (NIKU) &#8211; et svakt r\u00f8dt drag i steinen.<\/p>\n<p>For et utrent \u00f8ye kan det se ut som naturens egne fargespill som l\u00f8per over den steinharde overflata. Men n\u00e5r Gjerde fisker fram mobilen sin og \u00e5pner en app som forsterker fargene, hersker det ikke lenger noen tvil.<\/p>\n<p class=\"font-weight-bold m-font-weight-bold\" data-lab-font_weight=\"font-weight-bold\">&#8211; Det kribler i hele kroppen, forteller Gjerde entusiastisk p\u00e5 telefon med Dagbladet.<\/p>\n<p>&#8211; Du er den f\u00f8rste som ser det etter at en eller annen har funnet det verdig \u00e5 male det inn i berget for tusenvis av \u00e5r siden.<\/p>\n<p>Funnet ble tidligere omtalt i en pressemelding fra <a href=\"https:\/\/www.niku.no\/2025\/12\/nytt-omrade-med-bergkunst-funnet-i-tingvoll-a-se-avbildninger-i-berget-som-har-vaert-skjult-i-tusenvis-av-ar-er-en-fantastisk-opplevelse-sier-forsker\/\" target=\"_blank\" rel=\"nofollow noopener\">NIKU<\/a>.<\/p>\n<p>    <a itemprop=\"url\" href=\"https:\/\/www.dagbladet.no\/nyheter\/norsk-grottesjokk-supersjelden\/83609464\" rel=\"nofollow noopener\" target=\"_blank\"><\/p>\n<p>        <img loading=\"lazy\" decoding=\"async\" src=\"https:\/\/www.europesays.com\/no\/wp-content\/uploads\/2026\/01\/83610899.webp.webp\" width=\"980\" height=\"441\" title=\"Norsk grottesjokk: - Supersjelden\" alt=\"\" class=\"lazyload\" style=\"--aspect-ratio-image: 2.22; \"\/><\/p>\n<p>        Norsk grottesjokk: &#8211; Supersjelden<\/p>\n<p>    <\/a><\/p>\n<p>Stort potensial  <\/p>\n<p>Tingvoll i M\u00f8re og Romsdal er kjent som et av Nord-Europas st\u00f8rste omr\u00e5der med hellemalerier. Fra f\u00f8r visste forskerne om 25 felt fordelt p\u00e5 to steder.<\/p>\n<p>De siste \u00e5rene har NIKU og NTNU Vitenskapsmuseet funnet fem nye berg med malerier &#8211; og n\u00e5 alts\u00e5 enda ett.<\/p>\n<p>        <img loading=\"lazy\" decoding=\"async\" src=\"https:\/\/www.europesays.com\/no\/wp-content\/uploads\/2026\/01\/84068081.webp.webp\" width=\"980\" height=\"559\" title=\"F\u00d8R: Her ser man berg med hellemalerier som hittil har v\u00e6rt ukjent. De er ikke lett \u00e5 se uten digital redigering. Foto: Jan Magne Gjerde \/ NIKU\" alt=\"\" class=\"\" style=\"--aspect-ratio-image: 1.75; \"\/><\/p>\n<p>\n        F\u00d8R: Her ser man berg med hellemalerier som hittil har v\u00e6rt ukjent. De er ikke lett \u00e5 se uten digital redigering. Foto: Jan Magne Gjerde \/ NIKU\n    <\/p>\n<p class=\"font-weight-bold m-font-weight-bold\" data-lab-font_weight=\"font-weight-bold\">&#8211; Hvis du ser p\u00e5 dette enkeltfunnet, s\u00e5 er ikke dette ekstremt sensasjonelt. Det som er artig, er at vi finner nytt i omr\u00e5der der det ikke har v\u00e6rt leita f\u00f8r. Det gj\u00f8r at lokaliteten blir st\u00f8rre, og potensialet for \u00e5 finne mer er veldig stort, sier Gjerde.<\/p>\n<p>Bergkunstforskeren forteller at det som gj\u00f8r oppdagelsen spesiell, er at man finner bergkunst i et omr\u00e5de der det ikke har v\u00e6rt funnet f\u00f8r.<\/p>\n<p>Han beskriver f\u00f8lelsen av \u00e5 st\u00e5 foran et hellemaleri som \u00abunik\u00bb.<\/p>\n<p>        <img loading=\"lazy\" decoding=\"async\" src=\"https:\/\/www.europesays.com\/no\/wp-content\/uploads\/2026\/01\/84068078.webp.webp\" width=\"980\" height=\"559\" title=\"ETTER: De nyoppdagede maleriene blir bedre synlig med ulike former for bildebehandling. Her kan man tydelig se en fiskefigur og en geometrisk figur som kan v\u00e6re en b\u00e5t. Foto: Jan Magne Gjerde \/ NIKU\" alt=\"\" class=\"\" style=\"--aspect-ratio-image: 1.75; \"\/><\/p>\n<p>\n        ETTER: De nyoppdagede maleriene blir bedre synlig med ulike former for bildebehandling. Her kan man tydelig se en fiskefigur og en geometrisk figur som kan v\u00e6re en b\u00e5t. Foto: Jan Magne Gjerde \/ NIKU\n    <\/p>\n<p class=\"font-weight-bold m-font-weight-bold\" data-lab-font_weight=\"font-weight-bold\">&#8211; Du ser noe som ingen har sett p\u00e5 mange tusen \u00e5r. Og s\u00e5 gir det inspirasjon \u00e5 fortsette \u00e5 leite, sier den erfarne eksperten f\u00f8r han fortsetter:<\/p>\n<p>&#8211; Kanskje vi neste gang finner en st\u00f8rre puslebit til det store puslespillet som handler om \u00e5 forst\u00e5 bergkunsten og hvorfor de malte disse figurene.<\/p>\n<p>    Hellemalerier<\/p>\n<p>I motsetning til helleristninger, som er risset eller hugget inn i berget, er hellemalerier malt p\u00e5 bergflaten med for eksempel oker. De opptrer vanligsvis ved kysten, men finnes ogs\u00e5 i innlandet.<\/p>\n<p>Hellemalingene er vanskelig \u00e5 datere, men man regner med at de fleste er laget mellom 3000 og 7000 \u00e5r siden.<\/p>\n<p class=\"italic m-italic\" data-lab-italic=\"italic\">Kilde: NIKU<\/p>\n<p>      Vis mer<br \/>\n      Vis mindre<\/p>\n<p>Dronestopp ga nytt funn  <\/p>\n<p>Sammen med kollega Dag-\u00d8yvind Engtr\u00f8 Solem var Gjerde p\u00e5 arbeid i omr\u00e5det for \u00e5 dokumentere, sikre og formidle de fra f\u00f8r av kjente hellemaleriene p\u00e5 Hunnhammar.<\/p>\n<p>Da regnet satte en stopper for droneflyging, tok duoen beina fatt.<\/p>\n<p class=\"font-weight-bold m-font-weight-bold\" data-lab-font_weight=\"font-weight-bold\">&#8211; Vi hadde p\u00e5 forh\u00e5nd studert kart og sett p\u00e5 potensielle plasser der det kunne v\u00e6re hellemalerier. Et av omr\u00e5dene vi hadde pekt oss ut, var nettopp der vi endte opp, forteller han.<\/p>\n<p>        <img loading=\"lazy\" decoding=\"async\" src=\"https:\/\/www.europesays.com\/no\/wp-content\/uploads\/2026\/01\/84068077.webp.webp\" width=\"667\" height=\"768\" title=\"RINGREV: Bergkunstforsker Jan Magne Gjerde i felt p\u00e5 Tingvoll. Foto: Anne Braun \/ NIKU\" alt=\"\" class=\"\" style=\"--aspect-ratio-image: 0.87; \"\/><\/p>\n<p>\n        RINGREV: Bergkunstforsker Jan Magne Gjerde i felt p\u00e5 Tingvoll. Foto: Anne Braun \/ NIKU\n    <\/p>\n<p>Terrenget er tungt og bratt. Men bak en skrent, i et berg som s\u00e5 \u00ablovende ut\u00bb, skimtet de alts\u00e5 den r\u00f8de fargen.<\/p>\n<p>&#8211; Vi s\u00e5 antydning til noe r\u00f8dt i kontrast til granitten. Da vi brukte de digitale hjelpemidlene v\u00e5re, s\u00e5 vi med en gang at det var en fiskefigur. I tillegg var det en geometrisk figur rett nedenfor, sier Gjerde.<\/p>\n<p>Scene fra steinalderen<\/p>\n<p>Motivet viser en fisk &#8211; kanskje en kveite, eller kanskje en laks. Under den er det malt inn en avlang form som kan v\u00e6re en b\u00e5t, eller kanskje et fiskegarn.<\/p>\n<p>&#8211; Det er litt vanskelig \u00e5 si akkurat n\u00e5. Det kan v\u00e6re en scene med en fisk og et nett, men det blir litt tolkning. Vi skal tilbake igjen seinere i \u00e5r og studere n\u00e6rmere, sier Gjerde.<\/p>\n<p>        <img loading=\"lazy\" decoding=\"async\" src=\"https:\/\/www.europesays.com\/no\/wp-content\/uploads\/2026\/01\/84068079.webp.webp\" width=\"667\" height=\"868\" title=\"JOMFRUTUR: Arkeolog Dag-\u00d8yvind Engtr\u00f8 Solem jobber med digital dokumentasjon. For han var det stort \u00e5 finne bergkunst for f\u00f8rste gang. Foto: Jan Magne Gjerde \/ NIKU\" alt=\"\" class=\"\" style=\"--aspect-ratio-image: 0.77; \"\/><\/p>\n<p>\n        JOMFRUTUR: Arkeolog Dag-\u00d8yvind Engtr\u00f8 Solem jobber med digital dokumentasjon. For han var det stort \u00e5 finne bergkunst for f\u00f8rste gang. Foto: Jan Magne Gjerde \/ NIKU\n    <\/p>\n<p class=\"font-weight-bold m-font-weight-bold\" data-lab-font_weight=\"font-weight-bold\">Basert p\u00e5 tidligere funn i omr\u00e5det antar forskerne at maleriene stammer fra yngre steinalder \u2013 som gj\u00f8r dem mellom 6500 og 4000 \u00e5r gamle.<\/p>\n<p>I dag ligger hellemaleriene h\u00f8yt og bratt til, men landskapet s\u00e5 helt annerledes ut da de ble malt p\u00e5 berget.<\/p>\n<p>&#8211; P\u00e5 grunn av landhevingen sto havet mye h\u00f8yere enn i dag. Mest sannsynlig kunne de legge b\u00e5tene rett nedenfor feltene og spasere bort til avsatsen der figurene er malt, forklarer Gjerde.<\/p>\n<p>    Digital dokumentasjon av bergkunst<\/p>\n<ul>\n<li class=\"lab-bodytext-line\">Selv om Gjerde er dreven i \u00e5 skille mellom bergkunst og linjer i stein skapt av naturen selv, er det nyttig \u00e5 kunne bruke digitale hjelpemidler for \u00e5 dobbeltsjekke funnet.<\/li>\n<li class=\"lab-bodytext-line\"> Noen figurer ser man tydelig da de er godt bevart, men ved \u00e5 bruke fargeforsterkningsprogrammer som for eksempel Dstretch kan forskerne se bergkunst som ikke er synlig med det blotte \u00f8ye.<\/li>\n<li class=\"lab-bodytext-line\">FoU-prosjektet<br \/>\n\u00abTingvoll -past, present, future\u00bb er et<br \/>\ntre\u00e5rig forskningsprosjekt fra 2025 til 2027 finansiert av NIKU.<\/li>\n<li class=\"lab-bodytext-line\">I tillegg<br \/>\nbidrar <a href=\"https:\/\/eur04.safelinks.protection.outlook.com\/?url=https%3A%2F%2Friksantikvaren.no%2F&amp;data=05%7C02%7Cjan.magne.gjerde%40niku.no%7Cd2fe9faa8d3043a5c43808de4e99c7f1%7C9e9b326a6d3742909b216f5094ff6f8a%7C0%7C0%7C639034619596851168%7CUnknown%7CTWFpbGZsb3d8eyJFbXB0eU1hcGkiOnRydWUsIlYiOiIwLjAuMDAwMCIsIlAiOiJXaW4zMiIsIkFOIjoiTWFpbCIsIldUIjoyfQ%3D%3D%7C0%7C%7C%7C&amp;sdata=%2F86AO%2FEVqrmz3AToM8jOzzzsu09lMrU%2BApUM8XP2%2FdE%3D&amp;reserved=0\" target=\"_blank\" rel=\"nofollow noopener\">Riksantikvaren<\/a> med midler i samband med Nasjonale Oppgaver<br \/>\nsom NIKU utf\u00f8rer p\u00e5 vegne av Riksantikvaren som fokuserer mer p\u00e5<br \/>\nbevaringsaspektet av hellemaleriene. <\/li>\n<li class=\"lab-bodytext-line\"> Riksantikvaren<br \/>\nhar ogs\u00e5 bidradd med midler gjennom \u00abBevaringsprogrammet for Bergkunst BERG\u00bb slik<br \/>\nat forvaltningen ved\u00a0<a href=\"https:\/\/eur04.safelinks.protection.outlook.com\/?url=https%3A%2F%2Fwww.ntnu.no%2Fmuseum%2F&amp;data=05%7C02%7Cjan.magne.gjerde%40niku.no%7Cd2fe9faa8d3043a5c43808de4e99c7f1%7C9e9b326a6d3742909b216f5094ff6f8a%7C0%7C0%7C639034619596812951%7CUnknown%7CTWFpbGZsb3d8eyJFbXB0eU1hcGkiOnRydWUsIlYiOiIwLjAuMDAwMCIsIlAiOiJXaW4zMiIsIkFOIjoiTWFpbCIsIldUIjoyfQ%3D%3D%7C0%7C%7C%7C&amp;sdata=yrqFspuXCYNA9LNZUT7Ol7TSu9rxOvjse9xboZsCuPA%3D&amp;reserved=0\" target=\"_blank\" rel=\"nofollow noopener\">NTNU Vitenskapsmuseet<\/a>\u00a0og\u00a0<a href=\"https:\/\/eur04.safelinks.protection.outlook.com\/?url=https%3A%2F%2Fmrfylke.no%2F&amp;data=05%7C02%7Cjan.magne.gjerde%40niku.no%7Cd2fe9faa8d3043a5c43808de4e99c7f1%7C9e9b326a6d3742909b216f5094ff6f8a%7C0%7C0%7C639034619596831161%7CUnknown%7CTWFpbGZsb3d8eyJFbXB0eU1hcGkiOnRydWUsIlYiOiIwLjAuMDAwMCIsIlAiOiJXaW4zMiIsIkFOIjoiTWFpbCIsIldUIjoyfQ%3D%3D%7C0%7C%7C%7C&amp;sdata=YxV7g3NmgXrnXcjxFLAfGtqO%2FPIE4oX2vGo9R7GgWdw%3D&amp;reserved=0\" target=\"_blank\" rel=\"nofollow noopener\">M\u00f8re og Romsdal fylkeskommune\u00a0har kunnet samarbeide med<br \/>\nNIKU i deler av prosjektet.<br \/><\/a><\/li>\n<\/ul>\n<p>      Vis mer<br \/>\n      Vis mindre<\/p>\n<p>\u00abOvernaturlig\u00bb kobling<\/p>\n<p>De fleste hellemaleriene i Nord-Europa ligger ved vann &#8211; innsj\u00f8er, elver eller tidligere strandlinjer. Flere av figurene i Tingvoll er s\u00e5 store at de m\u00e5 ha v\u00e6rt synlige fra sj\u00f8en.<\/p>\n<p>&#8211; Noen av fiskefigurene er over en meter lange. N\u00e5r de ble malt, har du kunnet se dem fra b\u00e5ten. Det gjelder ogs\u00e5 et par av de andre feltene i Tingvoll hvor det er avbildet veldig store figurer av elg, rein og hjort, forteller Gjerde.<\/p>\n<p>        <img loading=\"lazy\" decoding=\"async\" src=\"https:\/\/www.europesays.com\/no\/wp-content\/uploads\/2026\/01\/84072944.webp.webp\" width=\"667\" height=\"334\" title=\"F\u00d8R: P\u00e5 denne bergveggen - trygg for v\u00e6r og vind under et overheng - kan man skimte r\u00f8dfarge. Men for et utrent \u00f8ye er det ikke lett \u00e5 se hva som faktisk er avbildet. Foto: Jan Magne Gjerde\/NIKU\" alt=\"\" class=\"\" style=\"--aspect-ratio-image: 2.00; \"\/><\/p>\n<p>\n        F\u00d8R: P\u00e5 denne bergveggen &#8211; trygg for v\u00e6r og vind under et overheng &#8211; kan man skimte r\u00f8dfarge. Men for et utrent \u00f8ye er det ikke lett \u00e5 se hva som faktisk er avbildet. Foto: Jan Magne Gjerde\/NIKU\n    <\/p>\n<p class=\"font-weight-bold m-font-weight-bold\" data-lab-font_weight=\"font-weight-bold\">&#8211; De har nok fungert som tegn i landskapet, der den kraftige r\u00f8dfargen har st\u00e5tt i sterk kontrast med omgivelsene og v\u00e6rt synlige p\u00e5 lang avstand.<\/p>\n<p>Tingvoll er spesielt rikt p\u00e5 fiskemotiver, s\u00e6rlig laks. Det tyder p\u00e5 at stedet var et godt fiskeomr\u00e5de.<\/p>\n<p class=\"font-weight-bold m-font-weight-bold\" data-lab-font_weight=\"font-weight-bold\">&#8211; Jeg skal ikke si at det er hele forklaringen. Men at figurene er knyttet til en eller annen form for kommunikasjon mellom mennesket og det vi vil kalle \u00abovernaturlige makter\u00bb, er vi ganske sikre p\u00e5.<\/p>\n<p>        <img loading=\"lazy\" decoding=\"async\" src=\"https:\/\/www.europesays.com\/no\/wp-content\/uploads\/2026\/01\/84072943.webp.webp\" width=\"667\" height=\"387\" title=\"ETTER: Med moderne teknikk kommer fortida til syne - for mellom 5000 og 8000 \u00e5r siden malte et menneske et stort bilde av elg og hjortedyr. Foto: Jan Magne Gjerde\/NIKU\" alt=\"\" class=\"\" style=\"--aspect-ratio-image: 1.72; \"\/><\/p>\n<p>\n        ETTER: Med moderne teknikk kommer fortida til syne &#8211; for mellom 5000 og 8000 \u00e5r siden malte et menneske et stort bilde av elg og hjortedyr. Foto: Jan Magne Gjerde\/NIKU\n    <\/p>\n<p>Basert p\u00e5 funn ved andre hellemalingslokaliteter &#8211; spesielt i Finland &#8211; er det ogs\u00e5 trolig at det har blitt utf\u00f8rt ritualer.<\/p>\n<p>&#8211; Det er ogs\u00e5 sannsynlig at folk reiste til disse stedene for \u00e5 utf\u00f8re ritualer eller kommunisere med o\u00abvernaturlige makter\u00bb.<\/p>\n<p>Kampen mot naturen<\/p>\n<p>Noen av feltene ligger under overheng eller bergheller og har v\u00e6rt beskyttet mot v\u00e6r og vind. Andre har overlevd fordi fuktigheten i berget har dannet en tynn hinne som p\u00e5 norsk kalles bergferniss.<\/p>\n<p>Bergfernissen dannes ved at vann p\u00e5 en m\u00e5te l\u00f8ser opp silikatholdige mineraler og etterlater en tynn hinne &#8211; n\u00e6rmest som en slags naturlig lakk som beskytter malinga under.<\/p>\n<p>Men naturen jobber imot.<\/p>\n<p class=\"font-weight-bold m-font-weight-bold\" data-lab-font_weight=\"font-weight-bold\">Berget forvitrer over tid, og en viktig \u00e5rsak til nedbrytingen er frostsprengning. N\u00e5r temperaturen svinger rundt frysepunktet, utvider og sprenger vannet i bergsprekker og hulrom under maleriene.<\/p>\n<p>        <img loading=\"lazy\" decoding=\"async\" src=\"https:\/\/www.europesays.com\/no\/wp-content\/uploads\/2026\/01\/84068080.webp.webp\" width=\"667\" height=\"814\" title=\"STUPBRATT: Det er ikke vanskelig \u00e5 forst\u00e5 at arbeidsforholdene ikke alltid er lette n\u00e5r man jobber med bergkunst. Foto: Dag-\u00d8yvind Engtr\u00f8 Solem \/ NIKU\" alt=\"\" class=\"\" style=\"--aspect-ratio-image: 0.82; \"\/><\/p>\n<p>\n        STUPBRATT: Det er ikke vanskelig \u00e5 forst\u00e5 at arbeidsforholdene ikke alltid er lette n\u00e5r man jobber med bergkunst. Foto: Dag-\u00d8yvind Engtr\u00f8 Solem \/ NIKU\n    <\/p>\n<p>&#8211; Vi ser en tendens til at klimaendringene gir mange flere frost- og tinehendelser i l\u00f8pet av \u00e5ret. Der du f\u00f8r hadde \u00e9n eller to slike hendelser i l\u00f8pet av vinteren, f\u00e5r vi n\u00e5 kanskje femti. Det akselererer forvitringen, sier Gjerde.<\/p>\n<p>For \u00e5 bremse tapet av hellemalerier, samarbeider NIKU i deler av prosjektet med eksperter fra Potsdam i Tyskland, samt NTNU og M\u00f8re og Romsdal fylkeskommune.<\/p>\n<p>&#8211; En av de viktigste tingene vi kan gj\u00f8re i dag for \u00e5 bevare maleriene, er \u00e5 dokumentere dem veldig godt. Da har vi i det minste en registrering av hva som faktisk var der.<\/p>\n<p>    <a itemprop=\"url\" href=\"https:\/\/www.dagbladet.no\/nyheter\/norsk-sensasjon-utrolig\/83653536\" rel=\"nofollow noopener\" target=\"_blank\"><\/p>\n<p>        <img loading=\"lazy\" decoding=\"async\" src=\"https:\/\/www.europesays.com\/no\/wp-content\/uploads\/2026\/01\/83653662.webp.webp\" width=\"980\" height=\"441\" title=\"Norsk sensasjon: - Utrolig\" alt=\"\" class=\"lazyload\" style=\"--aspect-ratio-image: 2.22; \"\/><\/p>\n<p>        Norsk sensasjon: &#8211; Utrolig<\/p>\n<p>    <\/a><\/p>\n<p>Hemmelig funnsted<\/p>\n<p>En ting er den naturlige faktoren n\u00e5r det kommer til trusler mot hellemalerier og helleristninger. Noe ganske annet &#8211; og ofte mer alvorlig &#8211; er den menneskelige faktoren.<\/p>\n<p>Gjerde vil ikke avsl\u00f8re hvor det nye feltet befinner seg fordi folk ofte vil ut og lete selv. Han har sett mange eksempler p\u00e5 at nysgjerrige bes\u00f8kende gj\u00f8r mer skade enn de aner.<\/p>\n<p class=\"font-weight-bold m-font-weight-bold\" data-lab-font_weight=\"font-weight-bold\">&#8211; Folk vil gjerne ha det beste bildet. S\u00e5 begynner de \u00e5 rive bort mose eller lav, og det kan gj\u00f8re stor skade. Ofte ser vi at folk har klatret opp p\u00e5 berget for \u00e5 f\u00e5 et bedre bilde, tar p\u00e5 det og fjerner ting.<\/p>\n<p>        <img loading=\"lazy\" decoding=\"async\" src=\"https:\/\/www.europesays.com\/no\/wp-content\/uploads\/2026\/01\/84072987.webp.webp\" width=\"667\" height=\"381\" title=\"H\u00c6RVERK: Her er det rissa kraftig inn i berget til venstre for en av menneskefigurene i dette hellemaleriet fra Porsanger i Finnmark. Under den kraftige, hvite innrissinga kan du se r\u00f8d farge. Partiet med det omtrent \u00abusynlige\u00bb hellemalinga er \u00f8delagt. Foto: Jan Magne Gjerde \/ NIKU\" alt=\"\" class=\"\" style=\"--aspect-ratio-image: 1.75; \"\/><\/p>\n<p>\n        H\u00c6RVERK: Her er det rissa kraftig inn i berget til venstre for en av menneskefigurene i dette hellemaleriet fra Porsanger i Finnmark. Under den kraftige, hvite innrissinga kan du se r\u00f8d farge. Partiet med det omtrent \u00abusynlige\u00bb hellemalinga er \u00f8delagt. Foto: Jan Magne Gjerde \/ NIKU\n    <\/p>\n<p>Andre utf\u00f8rer det Gjerde omtaler som h\u00e6rverk.<\/p>\n<p>&#8211; De risser inn egne initialer, datoer for n\u00e5r de var der og kanskje hjerter i selve figurene.<\/p>\n<p>&#8211; \u00d8delagt for alltid<\/p>\n<p>Han forteller at enkelte har g\u00e5tt s\u00e5 langt at de har pr\u00f8vd \u00e5 ta med seg ting fra hellemaleriet.<\/p>\n<p>&#8211; Det er veldig trist, og det er et stort problem b\u00e5de i Norge og globalt. En liten innrissing, s\u00e5 er det \u00f8delagt for alltid.<\/p>\n<p>        <img loading=\"lazy\" decoding=\"async\" src=\"https:\/\/www.europesays.com\/no\/wp-content\/uploads\/2026\/01\/84072988.webp.webp\" width=\"667\" height=\"694\" title=\"\u00d8DELAGT: Ved et av de mest unike bergkunstfeltene i Nord-Europa er \u00abHakke Hakkespett\u00bb rissa kraftig inn i berget i Tysfjord i Nordland. Foto: Jan Magne Gjerde \/ NIKU\" alt=\"\" class=\"\" style=\"--aspect-ratio-image: 0.96; \"\/><\/p>\n<p>\n        \u00d8DELAGT: Ved et av de mest unike bergkunstfeltene i Nord-Europa er \u00abHakke Hakkespett\u00bb rissa kraftig inn i berget i Tysfjord i Nordland. Foto: Jan Magne Gjerde \/ NIKU\n    <\/p>\n<p>Selv om h\u00e6rverk p\u00e5 bergkunst er straffbart i henhold til kulturminneloven, blir sakene sjelden fulgt opp.<\/p>\n<p class=\"font-weight-bold m-font-weight-bold\" data-lab-font_weight=\"font-weight-bold\">&#8211; Det anmeldes flere tilfeller i \u00e5ret, men de fleste blir henlagt. Selv n\u00e5r folk har innr\u00f8mmet det. Det er synd, sier Gjerde.<\/p>\n<p>Han har en klar oppfordring til alle som vil se bergkunst p\u00e5 n\u00e6rt hold:<\/p>\n<p>&#8211; Bruk \u00f8ynene, og ikke ta p\u00e5. Det er s\u00e5 enkelt som det: Ikke r\u00f8re, bare se.<\/p>\n<p>Skjulte skatter<\/p>\n<p>N\u00e5 skal de nye feltene dokumenteres grundig, og s\u00e5 skal fylkeskommunen vurdere om det skal gj\u00f8res kjent hvor de befinner seg.<\/p>\n<p>Gjerde h\u00e5per at NIKU kan f\u00e5 finansiering i \u00e5rene framover til \u00e5 fortsette arbeidet ved Tingvoll for \u00e5 avdekke mer av fortidas unike kunst og dokumentere den, slik at den kan bevares for framtidige generasjoner.<\/p>\n<p>    <a itemprop=\"url\" href=\"https:\/\/www.dagbladet.no\/nyheter\/skjult-i-flere-hundre-ar\/83754118\" rel=\"nofollow noopener\" target=\"_blank\"><\/p>\n<p>        <img loading=\"lazy\" decoding=\"async\" src=\"https:\/\/www.europesays.com\/no\/wp-content\/uploads\/2026\/01\/83754282.webp.webp\" width=\"980\" height=\"441\" title=\"Skjult i flere hundre \u00e5r\" alt=\"\" class=\"lazyload\" style=\"--aspect-ratio-image: 2.22; \"\/><\/p>\n<p>        Skjult i flere hundre \u00e5r<\/p>\n<p>    <\/a><\/p>\n<p class=\"font-weight-bold m-font-weight-bold\" data-lab-font_weight=\"font-weight-bold\">Og skulle du oppdage noe du tror kan v\u00e6re et ukjent hellemaleri, ber han deg melde fra til NIKU, Sametinget, landsdelsmuseum eller fylkeskommunen.<\/p>\n<p>For selv om en del allerede er funnet, er det fortsatt mye som ligger skjult under mose og lav.<\/p>\n<p>&#8211; Vi har ikke engang sett toppen av isfjellet.<\/p>\n","protected":false},"excerpt":{"rendered":"Kort fortalt Arkeolog Jan Magne Gjerde oppdaget nylig et nytt felt med hellemalerier i Tingvoll i M\u00f8re og&hellip;\n","protected":false},"author":2,"featured_media":134372,"comment_status":"","ping_status":"","sticky":false,"template":"","format":"standard","meta":{"footnotes":""},"categories":[5],"tags":[20,21,24,25,15,19,22,23,17,18,13,30,28,29,14,16,5488,5487,83,26,27],"class_list":{"0":"post-134371","1":"post","2":"type-post","3":"status-publish","4":"format-standard","5":"has-post-thumbnail","7":"category-overskrifter","8":"tag-breaking-news","9":"tag-breakingnews","10":"tag-featured-news","11":"tag-featurednews","12":"tag-headlines","13":"tag-hovedoppslag","14":"tag-latest-news","15":"tag-latestnews","16":"tag-main-news","17":"tag-mainnews","18":"tag-news","19":"tag-no","20":"tag-norge","21":"tag-norway","22":"tag-nyheter","23":"tag-overskrifter","24":"tag-ragne-wiklund","25":"tag-skoyter","26":"tag-sport","27":"tag-top-stories","28":"tag-topstories"},"share_on_mastodon":{"url":"https:\/\/pubeurope.com\/@no\/115875293695868058","error":""},"_links":{"self":[{"href":"https:\/\/www.europesays.com\/no\/wp-json\/wp\/v2\/posts\/134371","targetHints":{"allow":["GET"]}}],"collection":[{"href":"https:\/\/www.europesays.com\/no\/wp-json\/wp\/v2\/posts"}],"about":[{"href":"https:\/\/www.europesays.com\/no\/wp-json\/wp\/v2\/types\/post"}],"author":[{"embeddable":true,"href":"https:\/\/www.europesays.com\/no\/wp-json\/wp\/v2\/users\/2"}],"replies":[{"embeddable":true,"href":"https:\/\/www.europesays.com\/no\/wp-json\/wp\/v2\/comments?post=134371"}],"version-history":[{"count":0,"href":"https:\/\/www.europesays.com\/no\/wp-json\/wp\/v2\/posts\/134371\/revisions"}],"wp:featuredmedia":[{"embeddable":true,"href":"https:\/\/www.europesays.com\/no\/wp-json\/wp\/v2\/media\/134372"}],"wp:attachment":[{"href":"https:\/\/www.europesays.com\/no\/wp-json\/wp\/v2\/media?parent=134371"}],"wp:term":[{"taxonomy":"category","embeddable":true,"href":"https:\/\/www.europesays.com\/no\/wp-json\/wp\/v2\/categories?post=134371"},{"taxonomy":"post_tag","embeddable":true,"href":"https:\/\/www.europesays.com\/no\/wp-json\/wp\/v2\/tags?post=134371"}],"curies":[{"name":"wp","href":"https:\/\/api.w.org\/{rel}","templated":true}]}}