{"id":134373,"date":"2026-01-11T07:37:19","date_gmt":"2026-01-11T07:37:19","guid":{"rendered":"https:\/\/www.europesays.com\/no\/134373\/"},"modified":"2026-01-11T07:37:19","modified_gmt":"2026-01-11T07:37:19","slug":"vi-er-langt-unna-noe-slikt","status":"publish","type":"post","link":"https:\/\/www.europesays.com\/no\/134373\/","title":{"rendered":"\u2013 Vi er langt unna noe slikt"},"content":{"rendered":"<p>    USA kommer fortsatt til \u00e5 \u00abforsvare hver tomme\u00bb av alliansens territorium, sier amerikanernes n\u00f8kkelspiller i Nato.<\/p>\n<p>\n        Amerikanske Alexus Grynkewich er Natos \u00f8verste milit\u00e6re sjef i Europa.<br \/>\n        Foto: Simon Wohlfahrt \/ AFP \/ NTB\n    <\/p>\n<p class=\"kicker tertiary color_mobile_tertiary\" style=\"\">Verden<\/p>\n<p>Mange diskuterer Natos framtid etter Donald Trumps ferske<br \/>\ntrusler om \u00e5 \u00abta\u00bb Gr\u00f8nland.<\/p>\n<p>\u2013 Jeg kommenterer ikke politikk eller diplomatiet som p\u00e5g\u00e5r<br \/>\nmellom ulike medlemmer av alliansen, sa Alexus Grynkewich under et bes\u00f8k i<br \/>\nFinland, if\u00f8lge den finske kringkasteren <a href=\"https:\/\/yle.fi\/a\/7-10091048\" target=\"_blank\" rel=\"nofollow noopener\">Yle<\/a>.<\/p>\n<p>Saceur i Europa<\/p>\n<p>I fjor fikk den amerikanske generall\u00f8ytnanten Grynkewich<br \/>\nrollen som Natos \u00f8verste milit\u00e6re sjef i Europa (Saceur, eller Supreme Allied<br \/>\nCommander Europe).<\/p>\n<p>\u2013 President Trump har sagt at USA alltid kommer til \u00e5 v\u00e6re<br \/>\nmed Nato, og jeg har ikke noe mer \u00e5 tillegge. Vi er fortsatt klare for \u00e5<br \/>\nforsvare hver tomme av alliansens territorium, la han til.<\/p>\n<p>Stillingen som \u00f8verste sjef for Natos operasjoner i Europa<br \/>\nhar v\u00e6rt besatt av en amerikansk general helt siden opprettelsen av<br \/>\nforsvarsalliansen etter andre verdenskrig, skriver NTB. USAs tidligere<br \/>\npresident Dwight D.\u00a0Eisenhower var Natos f\u00f8rste Saceur.<\/p>\n<p>                <img decoding=\"async\" src=\"https:\/\/www.europesays.com\/no\/wp-content\/uploads\/2026\/01\/10142918.webp.jpeg\" width=\"480\" height=\"274\" title=\"Saceur Alexus Grynkewich (midten), her med Nato-sjef Mark Rutte (t.v.) og USAs forsvarsminister Pete Hegseth (t.h.).\" alt=\"\" loading=\"lazy\" style=\"\"\/><\/p>\n<p>\n            Saceur Alexus Grynkewich (midten), her med Nato-sjef Mark Rutte (t.v.) og USAs forsvarsminister Pete Hegseth (t.h.).<br \/>\n            Foto: Omar Havana \/ AP \/ NTB\n        <\/p>\n<p>\u2013 Saceur er veldig innflytelsesrik. Han har i sitt mandat at<br \/>\nhan kan ha direkte kontakt med medlemslandene, og har i det hele tatt stor<br \/>\nfrihet. Det er en av grunnene til at Frankrike tradisjonelt har v\u00e6rt litt<br \/>\nmisforn\u00f8yd med Nato, fordi de mener USA har s\u00e5pass stor makt gjennom den<br \/>\nstillingen. S\u00e5 at USA skulle ha gitt opp den, ville v\u00e6rt helt tullete for<br \/>\nlandets egen del, <a href=\"https:\/\/www.dagsavisen.no\/nyheter\/han-er-usas-nye-nokkelspiller-i-nato-ingen-gal-trumpist\/9819903\" target=\"_blank\" rel=\"nofollow noopener\">har professor og Nato-ekspert Paal Sigurd Hilde uttalt til Dagsavisen<\/a>.<\/p>\n<p>Ble presset om Gr\u00f8nland og Trump<\/p>\n<p>Det var et godt tegn for Nato at USAs president Trump pekte<br \/>\np\u00e5 det som ser ut til \u00e5 v\u00e6re en helt \u00abvanlig\u00bb, ukontroversiell offiser til<br \/>\nrollen, sa Hilde.<\/p>\n<p>\u2013 Man kunne jo ha tenkt seg at han nominerte en eller annen<br \/>\ngal trumpist. Men jeg har ikke sett noen motforestillinger mot Grynkewich, sa<br \/>\nNato-eksperten.<\/p>\n<p>                <img decoding=\"async\" src=\"https:\/\/www.europesays.com\/no\/wp-content\/uploads\/2026\/01\/10142936.webp.jpeg\" width=\"480\" height=\"274\" title=\"USAs president Donald Trump.\" alt=\"\" loading=\"lazy\" style=\"\"\/><\/p>\n<p>\n            USAs president Donald Trump.<br \/>\n            Foto: Mandel Ngan \/ AFP \/ NTB\n        <\/p>\n<p>Grynkewich fikk sp\u00f8rsm\u00e5l av Yle om hvordan Nato kommer til \u00e5<br \/>\nreagere dersom Trump og USA angriper Gr\u00f8nland milit\u00e6rt, noe Trump har truet med<br \/>\nden siste tiden.<\/p>\n<p>\u2013 Jeg g\u00e5r ikke inn p\u00e5 hypotetiske ting som det. Vi er langt<br \/>\nunna at noe slikt skulle skje, sa Grynkewich.<\/p>\n<p>        <a itemprop=\"url\" class=\"\" href=\"https:\/\/www.dagsavisen.no\/nyheter\/et-mini-nato-uten-usa-hvis-det-verste-skulle-skje\/10139690\" data-k5a-url=\"https:\/\/www.dagsavisen.no\/a\/10139690\" rel=\"nofollow noopener\" target=\"_blank\"><\/p>\n<p>            Et \u00abmini-Nato\u00bb uten USA: \u2013 Hvis det verste skulle skje<\/p>\n<p>        <\/a><\/p>\n<p class=\"italic m-italic\" data-lab-italic=\"italic\">F\u00e5 nyhetsbrev fra Dagsavisen. Meld deg p\u00e5\u00a0<a href=\"https:\/\/www.dagsavisen.no\/om-dagsavisen\/2023\/12\/20\/fa-daglig-nyhetsbrev\/\" rel=\"nofollow noopener\" target=\"_blank\">her<\/a>!<\/p>\n","protected":false},"excerpt":{"rendered":"USA kommer fortsatt til \u00e5 \u00abforsvare hver tomme\u00bb av alliansens territorium, sier amerikanernes n\u00f8kkelspiller i Nato. Amerikanske Alexus&hellip;\n","protected":false},"author":2,"featured_media":134374,"comment_status":"","ping_status":"","sticky":false,"template":"","format":"standard","meta":{"footnotes":""},"categories":[12],"tags":[20,21,24,25,15,22,23,13,30,28,29,14,16,26,27,42,43,44,45],"class_list":{"0":"post-134373","1":"post","2":"type-post","3":"status-publish","4":"format-standard","5":"has-post-thumbnail","7":"category-verden","8":"tag-breaking-news","9":"tag-breakingnews","10":"tag-featured-news","11":"tag-featurednews","12":"tag-headlines","13":"tag-latest-news","14":"tag-latestnews","15":"tag-news","16":"tag-no","17":"tag-norge","18":"tag-norway","19":"tag-nyheter","20":"tag-overskrifter","21":"tag-top-stories","22":"tag-topstories","23":"tag-verden","24":"tag-world","25":"tag-world-news","26":"tag-worldnews"},"share_on_mastodon":{"url":"https:\/\/pubeurope.com\/@no\/115875325051566122","error":""},"_links":{"self":[{"href":"https:\/\/www.europesays.com\/no\/wp-json\/wp\/v2\/posts\/134373","targetHints":{"allow":["GET"]}}],"collection":[{"href":"https:\/\/www.europesays.com\/no\/wp-json\/wp\/v2\/posts"}],"about":[{"href":"https:\/\/www.europesays.com\/no\/wp-json\/wp\/v2\/types\/post"}],"author":[{"embeddable":true,"href":"https:\/\/www.europesays.com\/no\/wp-json\/wp\/v2\/users\/2"}],"replies":[{"embeddable":true,"href":"https:\/\/www.europesays.com\/no\/wp-json\/wp\/v2\/comments?post=134373"}],"version-history":[{"count":0,"href":"https:\/\/www.europesays.com\/no\/wp-json\/wp\/v2\/posts\/134373\/revisions"}],"wp:featuredmedia":[{"embeddable":true,"href":"https:\/\/www.europesays.com\/no\/wp-json\/wp\/v2\/media\/134374"}],"wp:attachment":[{"href":"https:\/\/www.europesays.com\/no\/wp-json\/wp\/v2\/media?parent=134373"}],"wp:term":[{"taxonomy":"category","embeddable":true,"href":"https:\/\/www.europesays.com\/no\/wp-json\/wp\/v2\/categories?post=134373"},{"taxonomy":"post_tag","embeddable":true,"href":"https:\/\/www.europesays.com\/no\/wp-json\/wp\/v2\/tags?post=134373"}],"curies":[{"name":"wp","href":"https:\/\/api.w.org\/{rel}","templated":true}]}}