{"id":134387,"date":"2026-01-11T08:05:34","date_gmt":"2026-01-11T08:05:34","guid":{"rendered":"https:\/\/www.europesays.com\/no\/134387\/"},"modified":"2026-01-11T08:05:34","modified_gmt":"2026-01-11T08:05:34","slug":"ski-sor-sommeren-2026-hvor-gar-turen","status":"publish","type":"post","link":"https:\/\/www.europesays.com\/no\/134387\/","title":{"rendered":"Ski, S\u00f8r | Sommeren 2026 \u2013 hvor g\u00e5r turen?"},"content":{"rendered":"\n<p>2026 har s\u00e5 vidt begynt, men for mange er sommerferien allerede i full planlegging.<\/p>\n<p>Hos Ticket p\u00e5 Ski Storsenter har p\u00e5gangen v\u00e6rt stor rett etter nytt\u00e5r, og spesielt helgen som var merket de mange kunder som \u00f8nsket hjelp til \u00e5 booke sommerferien.<\/p>\n<p>\u2013 Det er mye aktivitet b\u00e5de i butikk og p\u00e5 telefon, sier salgsleder Linda Mari Ulvan hos Ticket.<\/p>\n<p>If\u00f8lge Ulvan er januar og februar \u00e5rets travleste m\u00e5neder.<\/p>\n<p>\u2013 De smarteste booker ferien allerede n\u00e5, sier hun med et lurt smil.<\/p>\n<p>   <img decoding=\"async\" width=\"2603\" height=\"3254\" fetchpriority=\"low\"  loading=\"lazy\"  src=\"https:\/\/www.europesays.com\/no\/wp-content\/uploads\/2026\/01\/image_8108D4B3-A406-4244-99E8-3E0B937E13DD_1767624337.jpeg\" alt=\"\" class=\"brick-c-cFOWSL\" style=\"--brick-image-ratio: 2603 \/ 3254;\"\/><\/p>\n<p>      TR\u00d8KK: Salgslederen p\u00e5 Ticket forteller at mange kunder er forberedt.<br \/>\n      Foto: Live Kummernes\n    <\/p>\n<p>  Logistikkhjelp<\/p>\n<p>Hun forteller at mange kunder kommer godt forberedt, med klare \u00f8nsker for sommerferien.<\/p>\n<p>Det er ofte eldre kunder som benytter seg av tilbudene og personlig bookinghjelp, men ogs\u00e5 st\u00f8rre grupper \u2013 som storfamilier \u2013 som trenger hjelp til \u00e5 f\u00e5 logistikken til \u00e5 g\u00e5 opp.<\/p>\n<p>\u2013 De som \u00f8nsker mer eksotiske reisem\u00e5l eller opplevelsesrike ferier, tar ofte kontakt med oss, sier Ulvan.<\/p>\n<p>Jo tidligere man er ute, desto st\u00f8rre er sjansen for b\u00e5de lavere pris og \u00e5 f\u00e5 akkurat den reisen man \u00f8nsker, forklarer hun.<\/p>\n<p>   <img decoding=\"async\" width=\"5472\" height=\"3648\" fetchpriority=\"low\"  loading=\"lazy\"  src=\"https:\/\/www.europesays.com\/no\/wp-content\/uploads\/2026\/01\/5_68_1498840+Sommerferie+Syden.bin.jpeg\" alt=\"\" class=\"brick-c-cFOWSL\" style=\"--brick-image-ratio: 5472 \/ 3648;\"\/><\/p>\n<p>      Det er forskjellige ferieplaner hos innbyggerne i kommunen.<br \/>\n      Foto: Halvard Alvik\n    <\/p>\n<p>  Fellesferien byr p\u00e5 utfordringer<\/p>\n<p>Prispresset p\u00e5 sommerferier merkes likevel godt blant barnefamilier.<\/p>\n<p>Dinors Daci Aidari og Vlora Vocai, begge sm\u00e5barnsm\u00f8dre, forteller at de har kjent p\u00e5 de \u00f8kte kostnadene de siste \u00e5rene.<\/p>\n<p>I sommer skal de reise hjem til Nord-Makedonia, men fellesferien byr p\u00e5 utfordringer.<\/p>\n<p>\u2013 Billettene er latterlig dyre i fellesferien, og det er kun Norwegian som flyr til Kosovo, sier de.<\/p>\n<p>L\u00f8sningen ble \u00e5 ta ferien p\u00e5 forskudd. Familien reiser allerede n\u00e5 i vinter.<\/p>\n<p>   <img decoding=\"async\" width=\"3024\" height=\"3024\" fetchpriority=\"low\"  loading=\"lazy\"  src=\"https:\/\/www.europesays.com\/no\/wp-content\/uploads\/2026\/01\/image_0EB9B4E0-6C28-4769-8DE5-1EF48371BA34_1767624337.jpeg\" alt=\"\" class=\"brick-c-cFOWSL\" style=\"--brick-image-ratio: 3024 \/ 3024;\"\/><\/p>\n<p>  Norgesferie er en mulighet<\/p>\n<p>Ogs\u00e5 86 \u00e5r gamle Ellinor Steine har valgt \u00e5 legge deler av ferien utenom h\u00f8ysesongen.<\/p>\n<p>Til p\u00e5sken g\u00e5r turen til Gran Canaria sammen med datteren.<\/p>\n<p>Sommerferien er ogs\u00e5 allerede planlagt \u2013 da reiser de til Hardanger.<\/p>\n<p>\u2013 Jeg skal vise datteren barndomshjemmet mitt. Det er viktig for meg \u00e5 dele historien min, sier Steine.<\/p>\n<p>Til vanlig tilbringer hun mye tid hjemme i hagen, men i \u00e5r \u00f8nsker hun mer enn bare rolige dager.<\/p>\n<p>\u2013 Vanligvis sitter jeg hjemme i min fantastiske hage, men i \u00e5r vil jeg oppleve mer, sier hun.<\/p>\n<p>   <img decoding=\"async\" width=\"4032\" height=\"3024\" fetchpriority=\"low\"  loading=\"lazy\"  src=\"https:\/\/www.europesays.com\/no\/wp-content\/uploads\/2026\/01\/IMG_4407.JPG\" alt=\"\" class=\"brick-c-cFOWSL\" style=\"--brick-image-ratio: 4032 \/ 3024;\"\/><\/p>\n<p>      UTENOM: For mange er det en l\u00f8sning \u00e5 legge utenlandsferien utenom h\u00f8ysesong.<br \/>\n      Foto: Birgitte Henriksen\n    <\/p>\n","protected":false},"excerpt":{"rendered":"2026 har s\u00e5 vidt begynt, men for mange er sommerferien allerede i full planlegging. Hos Ticket p\u00e5 Ski&hellip;\n","protected":false},"author":2,"featured_media":134388,"comment_status":"","ping_status":"","sticky":false,"template":"","format":"standard","meta":{"footnotes":""},"categories":[12],"tags":[36,20,21,24,25,1991,15,22,23,13,30,840,28,29,14,16,572,3650,15471,6664,1510,26,27,42,43,44,45],"class_list":{"0":"post-134387","1":"post","2":"type-post","3":"status-publish","4":"format-standard","5":"has-post-thumbnail","7":"category-verden","8":"tag-art","9":"tag-breaking-news","10":"tag-breakingnews","11":"tag-featured-news","12":"tag-featurednews","13":"tag-ferie","14":"tag-headlines","15":"tag-latest-news","16":"tag-latestnews","17":"tag-news","18":"tag-no","19":"tag-nordre-follo","20":"tag-norge","21":"tag-norway","22":"tag-nyheter","23":"tag-overskrifter","24":"tag-okonomi","25":"tag-ski","26":"tag-ski-storsenter","27":"tag-sor","28":"tag-story","29":"tag-top-stories","30":"tag-topstories","31":"tag-verden","32":"tag-world","33":"tag-world-news","34":"tag-worldnews"},"share_on_mastodon":{"url":"https:\/\/pubeurope.com\/@no\/115875435159366105","error":""},"_links":{"self":[{"href":"https:\/\/www.europesays.com\/no\/wp-json\/wp\/v2\/posts\/134387","targetHints":{"allow":["GET"]}}],"collection":[{"href":"https:\/\/www.europesays.com\/no\/wp-json\/wp\/v2\/posts"}],"about":[{"href":"https:\/\/www.europesays.com\/no\/wp-json\/wp\/v2\/types\/post"}],"author":[{"embeddable":true,"href":"https:\/\/www.europesays.com\/no\/wp-json\/wp\/v2\/users\/2"}],"replies":[{"embeddable":true,"href":"https:\/\/www.europesays.com\/no\/wp-json\/wp\/v2\/comments?post=134387"}],"version-history":[{"count":0,"href":"https:\/\/www.europesays.com\/no\/wp-json\/wp\/v2\/posts\/134387\/revisions"}],"wp:featuredmedia":[{"embeddable":true,"href":"https:\/\/www.europesays.com\/no\/wp-json\/wp\/v2\/media\/134388"}],"wp:attachment":[{"href":"https:\/\/www.europesays.com\/no\/wp-json\/wp\/v2\/media?parent=134387"}],"wp:term":[{"taxonomy":"category","embeddable":true,"href":"https:\/\/www.europesays.com\/no\/wp-json\/wp\/v2\/categories?post=134387"},{"taxonomy":"post_tag","embeddable":true,"href":"https:\/\/www.europesays.com\/no\/wp-json\/wp\/v2\/tags?post=134387"}],"curies":[{"name":"wp","href":"https:\/\/api.w.org\/{rel}","templated":true}]}}