{"id":134413,"date":"2026-01-11T09:07:15","date_gmt":"2026-01-11T09:07:15","guid":{"rendered":"https:\/\/www.europesays.com\/no\/134413\/"},"modified":"2026-01-11T09:07:15","modified_gmt":"2026-01-11T09:07:15","slug":"haakon-og-mette-marit-vekker-oppsikt-i-spania","status":"publish","type":"post","link":"https:\/\/www.europesays.com\/no\/134413\/","title":{"rendered":"Haakon og Mette-Marit vekker oppsikt i Spania:"},"content":{"rendered":"<p class=\"kicker \" style=\"\">Mette-Marit og Haakon<\/p>\n<p>    Spansk presse er imponert over at kronprinsparet tar p\u00e5 hverandre offentlig.<\/p>\n<p>\n    KYSSET P\u00c5 TRAPPEN: Kronprins Haakon og kronprinsesse Mette-Marit viser ofte sin kj\u00e6rlighet &#8211; b\u00e5de under offentlige tilstelninger og i private settinger. Her fra et representasjonsoppdrag p\u00e5 Litteraturhuset i 2016. Foto: Andreas Fadum \/ Se og H\u00f8r\n  <\/p>\n<p><a href=\"https:\/\/www.seher.no\/kjendis\/skal-ha-voldtatt-pa-guttetur-med-haakon\/83480397\" class=\"\" rel=\"nofollow noopener\" target=\"_blank\">Kronprins Haakon (52) <\/a>og<a href=\"https:\/\/www.seher.no\/kongelig\/skjult-hyllest-til-venninnene\/83817231\" class=\"\" rel=\"nofollow noopener\" target=\"_blank\"> kronprinsesse Mette-Marit (52) <\/a>har v\u00e6rt gift i nesten et kvart \u00e5rhundre, og ekteskapet deres er bygget p\u00e5 en urokkelig kj\u00e6rlighet, skriver <a href=\"https:\/\/www.hola.com\/realeza\/casa_noruega\/20251214872285\/mette-marit-de-noruega-haakon-noruega-enamorados-juicio-marius-borg-polemica-enfermedad\/\" rel=\"nofollow noopener\" target=\"_blank\">Hola<\/a>.<\/p>\n<p>        <img loading=\"lazy\" decoding=\"async\" src=\"https:\/\/www.europesays.com\/no\/wp-content\/uploads\/2026\/01\/83986232.webp.webp\" width=\"686\" height=\"686\" title=\"BRASIL: Mette-Marit og Haakon viste ogs\u00e5 f\u00f8lelser for hverandre under en ferietur til Brasil like f\u00f8r bryllupet. Foto: All Over\" alt=\"\" class=\"\" style=\"--aspect-ratio-image: 1.00; \"\/><\/p>\n<p>\n        BRASIL: Mette-Marit og Haakon viste ogs\u00e5 f\u00f8lelser for hverandre under en ferietur til Brasil like f\u00f8r bryllupet. Foto: All Over\n    <\/p>\n<p class=\"font-weight-bold m-font-weight-bold\" data-lab-font_weight=\"font-weight-bold\">Det spanske magasinet er imponert over hvordan det norske kronprinsparet viser sin n\u00e6rhet offentlig, noe som er mindre vanlig i kongelige sammenhenger i utlandet.<\/p>\n<p>Helt siden forholdet startet har kronprinsparet m\u00f8tt kritikk, men gjennom flere ti\u00e5r har de vist at kjemien deres er like sterk som alltid.<\/p>\n<p>        OVERRASKET: Da kongefamilien inviterte til biskopmiddag p\u00e5 Slottet, var det \u00e9n detalj som skilte seg ut. Reporter: Caroline Vagle. Video: Kine Falch<\/p>\n<p>If\u00f8lge Hola har Mette-Marit og Haakon vist seg som en stor st\u00f8tte for hverandre i denne utfordrende tiden.<\/p>\n<p>Til tross for stormen rundt kronprinsesse Mette-Marits s\u00f8nn, Marius Borg H\u00f8iby (28), har kronprinsparets kj\u00e6rlighet motst\u00e5tt alle hindringer, skriver Hola.<\/p>\n<p>    <a itemprop=\"url\" href=\"https:\/\/www.seher.no\/kongelig\/mette-marit-video-gar-viralt\/84060916\" rel=\"nofollow noopener\" target=\"_blank\"><\/p>\n<p>        <img loading=\"lazy\" decoding=\"async\" src=\"https:\/\/www.europesays.com\/no\/wp-content\/uploads\/2026\/01\/1768122429_744_84064863.webp.webp\" width=\"980\" height=\"441\" title=\"Mette-Marit-video g\u00e5r viralt\" alt=\"\" class=\"lazyload\" style=\"--aspect-ratio-image: 2.22; \"\/><\/p>\n<p>        Mette-Marit-video g\u00e5r viralt<\/p>\n<p>    <\/a><\/p>\n<p>Uvanlige gester\u00a0\t<\/p>\n<p>Under fredsprisutdelingen i Oslo r\u00e5dhus viste kronprinsen og hans kone offentlig sitt n\u00e6re b\u00e5nd og sin hengivenhet p\u00e5 en m\u00e5te som ikke er vanlig blant kongelige, skriver Hola.\u00a0<\/p>\n<p>        <img loading=\"lazy\" decoding=\"async\" src=\"https:\/\/www.europesays.com\/no\/wp-content\/uploads\/2026\/01\/83986230.webp.webp\" width=\"686\" height=\"714\" title=\"KLEDD I HVITT: Kronprins Haakon holdt galant Mette-Marits arm ved ankomst til Oslo r\u00e5dhus. Foto: Andreas Fadum \/ Se og H\u00f8r\" alt=\"\" class=\"\" style=\"--aspect-ratio-image: 0.96; \"\/><\/p>\n<p>\n        KLEDD I HVITT: Kronprins Haakon holdt galant Mette-Marits arm ved ankomst til Oslo r\u00e5dhus. Foto: Andreas Fadum \/ Se og H\u00f8r\n    <\/p>\n<p>Prinsesse Mette-Marit ber\u00f8rte Haakons rygg og holdt ham i armen &#8211; sjenerte og tilbakeholdne hengivenhetsgester.\u00a0Slike offentlige kj\u00e6rtegn er sjeldne i kongelige sammenhenger, hvor det forventes en mer formell og distansert opptreden, p\u00e5peker det spanske magasinet.\u00a0<\/p>\n<p>        DYPT PERSONLIG: Prinsesse Catherine av Wales deler r\u00f8rende bursdagshilsen etter kampen mot kreften. Video: Instagram \/ @princeandprincessofwales \/\/ Reporter: H\u00e5vard Bj\u00f8rnerem<\/p>\n<p>Kronprinsparet giftet seg 25. august i 2001, men gnisten ble tent noen \u00e5r tidligere i 1999, da Haakon m\u00f8tte sitt livs kvinne p\u00e5 Quart-festivalen i Kristiansand.\u00a0<\/p>\n<p>&#8211; Du merker det n\u00e5r Mette kommer inn i et rom. Hun virket veldig jordn\u00e6r. Jeg likte \u00e5 snakke med henne og f\u00f8lte meg trygg da vi var sammen, sa Haakon til NRK i anledning 20-\u00e5rsmarkeringen av kronprinsbryllupet.<\/p>\n<p>        <img loading=\"lazy\" decoding=\"async\" src=\"https:\/\/www.europesays.com\/no\/wp-content\/uploads\/2026\/01\/83986229.webp.webp\" width=\"686\" height=\"721\" title=\"FORSEGLET: Kronprins Haakon og kronprinsesse Mette-Marits Askepott-historie har g\u00e5tt verden rundt. Foto: Tom Hansen\" alt=\"\" class=\"\" style=\"--aspect-ratio-image: 0.95; \"\/><\/p>\n<p>\n        FORSEGLET: Kronprins Haakon og kronprinsesse Mette-Marits Askepott-historie har g\u00e5tt verden rundt. Foto: Tom Hansen\n    <\/p>\n<p>M\u00f8tt med skepsis &#8211; kj\u00e6rligheten overvant alt\t<\/p>\n<p>Hola skriver ogs\u00e5 at forholdet mellom Haakon og Mette-Marit ble m\u00f8tt med stor skepsis i Norge. Hola trekker frem rollen som alenemor og Mette-Marits oppr\u00f8rske fortid som grobunn for debatt.<\/p>\n<p>    <a itemprop=\"url\" href=\"https:\/\/www.seher.no\/kongelig\/deler-nye-bilder\/84069758\" rel=\"nofollow noopener\" target=\"_blank\"><\/p>\n<p>        <img loading=\"lazy\" decoding=\"async\" src=\"https:\/\/www.europesays.com\/no\/wp-content\/uploads\/2026\/01\/1768122432_161_84069866.webp.webp\" width=\"147\" height=\"98\" title=\"Deler nye bilder\" alt=\"\" class=\"lazyload\" style=\"--aspect-ratio-image: 1.50; \"\/><\/p>\n<p>        Deler nye bilder<\/p>\n<p>    <\/a><\/p>\n<p>Etter \u00e5 ha overvunnet alle kontroversene rundt starten av forholdet deres, har Haakon st\u00e5tt ved sin kone gjennom hennes kroniske sykdom lungefibrose.<\/p>\n<p>        FEIRING: De forskjellige kongehusene har mye p\u00e5 tapeten i 2026, men det er ikke sikkert at alt g\u00e5r som planlagt for kronprinsesse Mette-Marit og kronprins Haakon. Video: Swedish Press Agency \/ H\u00e5vard Bj\u00f8rnerem &#8211; Se og H\u00f8r \/\/ Foto: NTB<\/p>\n<p>Det siste \u00e5ret har det st\u00f8rste problemet paret har st\u00e5tt overfor v\u00e6rt den kommende rettssaken mot Marius Borg H\u00f8iby, som har overskygget det meste rundt Norges kongefamilie.<\/p>\n<p>Hola skriver at Marius-skandalen har skadet kong Haralds \u00abeksemplariske og moderne monarki\u00bb, men at den har ogs\u00e5 brakt Haakon og Mette-Marit enda n\u00e6rmere hverandre.<\/p>\n<p>    <a itemprop=\"url\" href=\"https:\/\/www.seher.no\/kongelig\/pa-vei-mot-skilsmisse\/84060444\" rel=\"nofollow noopener\" target=\"_blank\"><\/p>\n<p>        <img loading=\"lazy\" decoding=\"async\" src=\"https:\/\/www.europesays.com\/no\/wp-content\/uploads\/2026\/01\/1768122433_882_84060896.webp.webp\" width=\"147\" height=\"98\" title=\"- Skilsmisse p\u00e5 ny\u00e5ret\" alt=\"\" class=\"lazyload\" style=\"--aspect-ratio-image: 1.50; \"\/><\/p>\n<p>        &#8211; Skilsmisse p\u00e5 ny\u00e5ret<\/p>\n<p>    <\/a><\/p>\n<p>&#8211; I gode og gonde dager\t<\/p>\n<p>Caroline Vagle har fulgt kronprinsparet siden de giftet seg, og p\u00e5 n\u00e6rt hold sett det tette b\u00e5ndet mellom Mette-Marit og Haakon.\u00a0<\/p>\n<p class=\"font-weight-bold m-font-weight-bold\" data-lab-font_weight=\"font-weight-bold\">&#8211; Det er jo ikke noe nytt for oss at kronprinsparet v\u00e5rt viser sin kj\u00e6rlighet for hverandre i offentlige sammenhenger. De har alltid holdt hender, sendt hverandre varme blikk, klemt og kysset ute p\u00e5 oppdrag. Og det er fint \u00e5 se, synes jeg, sier Vagle, og fortsetter:<\/p>\n<p>        <img loading=\"lazy\" decoding=\"async\" src=\"https:\/\/www.europesays.com\/no\/wp-content\/uploads\/2026\/01\/83986233.webp.webp\" width=\"686\" height=\"611\" title=\"FORMELT: Den avd\u00f8de kunstneren Ari Behn kysset ofte svigermor Sonjas h\u00e5nd. Bak ser vi kong Harald gir datteren et kyss p\u00e5 kinnet. Foto: Andreas Fadum \/ Se og H\u00f8r\" alt=\"\" class=\"\" style=\"--aspect-ratio-image: 1.12; \"\/><\/p>\n<p>\n        FORMELT: Den avd\u00f8de kunstneren Ari Behn kysset ofte svigermor Sonjas h\u00e5nd. Bak ser vi kong Harald gir datteren et kyss p\u00e5 kinnet. Foto: Andreas Fadum \/ Se og H\u00f8r\n    <\/p>\n<p>&#8211; Jeg har egentlig aldri skj\u00f8nt poenget med at de kongelige ikke skal vise frem den slags. Ingenting er jo vakrere enn sterk kj\u00e6rlighet. Med alt de to har st\u00e5tt i, m\u00e5 det v\u00e6re godt \u00e5 ha hverandre. De st\u00e5r rett og slett st\u00f8dig sammen i gode og onder dager.\u00a0<\/p>\n<p>        <img loading=\"lazy\" decoding=\"async\" src=\"https:\/\/www.europesays.com\/no\/wp-content\/uploads\/2026\/01\/83685951.webp.webp\" width=\"579\" height=\"620\" title=\"HELT VANLIG: Se og H\u00f8rs kongehusekspert Caroline Vagle synes ikke det er uvanlig at Mette-Marit og Haakon tar p\u00e5 hverandre. Foto: Se og H\u00f8r\" alt=\"\" class=\"\" style=\"--aspect-ratio-image: 0.93; \"\/><\/p>\n<p>\n        HELT VANLIG: Se og H\u00f8rs kongehusekspert Caroline Vagle synes ikke det er uvanlig at Mette-Marit og Haakon tar p\u00e5 hverandre. Foto: Se og H\u00f8r\n    <\/p>\n","protected":false},"excerpt":{"rendered":"Mette-Marit og Haakon Spansk presse er imponert over at kronprinsparet tar p\u00e5 hverandre offentlig. KYSSET P\u00c5 TRAPPEN: Kronprins&hellip;\n","protected":false},"author":2,"featured_media":134414,"comment_status":"","ping_status":"","sticky":false,"template":"","format":"standard","meta":{"footnotes":""},"categories":[58],"tags":[2592,3990,4104,71,76,1764,2293,400,30,28,29,72],"class_list":{"0":"post-134413","1":"post","2":"type-post","3":"status-publish","4":"format-standard","5":"has-post-thumbnail","7":"category-underholdning","8":"tag-den-norske-kongefamilien","9":"tag-det-norske-kongehuset","10":"tag-eksklusivt","11":"tag-entertainment","12":"tag-kongelig","13":"tag-kronprins-haakon","14":"tag-kronprinsesse-mette-marit","15":"tag-marius-borg-hoiby","16":"tag-no","17":"tag-norge","18":"tag-norway","19":"tag-underholdning"},"share_on_mastodon":{"url":"https:\/\/pubeurope.com\/@no\/115875679018256938","error":""},"_links":{"self":[{"href":"https:\/\/www.europesays.com\/no\/wp-json\/wp\/v2\/posts\/134413","targetHints":{"allow":["GET"]}}],"collection":[{"href":"https:\/\/www.europesays.com\/no\/wp-json\/wp\/v2\/posts"}],"about":[{"href":"https:\/\/www.europesays.com\/no\/wp-json\/wp\/v2\/types\/post"}],"author":[{"embeddable":true,"href":"https:\/\/www.europesays.com\/no\/wp-json\/wp\/v2\/users\/2"}],"replies":[{"embeddable":true,"href":"https:\/\/www.europesays.com\/no\/wp-json\/wp\/v2\/comments?post=134413"}],"version-history":[{"count":0,"href":"https:\/\/www.europesays.com\/no\/wp-json\/wp\/v2\/posts\/134413\/revisions"}],"wp:featuredmedia":[{"embeddable":true,"href":"https:\/\/www.europesays.com\/no\/wp-json\/wp\/v2\/media\/134414"}],"wp:attachment":[{"href":"https:\/\/www.europesays.com\/no\/wp-json\/wp\/v2\/media?parent=134413"}],"wp:term":[{"taxonomy":"category","embeddable":true,"href":"https:\/\/www.europesays.com\/no\/wp-json\/wp\/v2\/categories?post=134413"},{"taxonomy":"post_tag","embeddable":true,"href":"https:\/\/www.europesays.com\/no\/wp-json\/wp\/v2\/tags?post=134413"}],"curies":[{"name":"wp","href":"https:\/\/api.w.org\/{rel}","templated":true}]}}