{"id":134423,"date":"2026-01-11T09:18:13","date_gmt":"2026-01-11T09:18:13","guid":{"rendered":"https:\/\/www.europesays.com\/no\/134423\/"},"modified":"2026-01-11T09:18:13","modified_gmt":"2026-01-11T09:18:13","slug":"krim-trafikk-tre-vogntog-i-ulykke-pa-e6-svaert-glatt","status":"publish","type":"post","link":"https:\/\/www.europesays.com\/no\/134423\/","title":{"rendered":"Krim, Trafikk | Tre vogntog i ulykke p\u00e5 E6: \u2013 Sv\u00e6rt glatt"},"content":{"rendered":"\n<p>Klokken 23.18 varslet politiet om en trafikkulykke p\u00e5 E6 ved Gartland i Grong. En lastebil hadde f\u00e5tt tr\u00f8bbel, og sperret E6. En annen lastebil kj\u00f8rte i gr\u00f8fta p\u00e5 samme sted.<\/p>\n<p>Da politiet kom til stedet viste det seg ogs\u00e5 at en tredje lastebil var involvert i hendelsen, og delvis ogs\u00e5 sperret E6.<\/p>\n<p>\u2013 Det er sv\u00e6rt glatt p\u00e5 stedet, opplyste operasjonsleder Anlaug Oseid i Tr\u00f8ndelag politidistrikt.<\/p>\n<p>E6 var stengt i flere timer som f\u00f8lge av hendelsen, men ble \u00e5pnet igjen ved 08-tiden.<\/p>\n<p>Politiet oppretter ikke sak som f\u00f8lge av hendelsen.<\/p>\n<p>Fikk kutt i hodet i voldshendelse<\/p>\n<p>Klokken 05.30 fikk politiet melding fra Levanger camping. En mann varslet at han hadde f\u00e5tt juling av en annen mann. Begge de to involverte, en mann i 40 \u00e5rene og en mann i 50-\u00e5rene, skal bo p\u00e5 campingen, if\u00f8lge politiet.<\/p>\n<p>Mannen i 40-\u00e5rene p\u00e5dro seg et kutt i hodet i hendelsen. Det er usikkert om saken blir anmeldt.<\/p>\n<p>\u2013 Ingen hadde behov for legetilsyn. Avh\u00f8r er fors\u00f8kt gjennomf\u00f8rt, men begge var godt beruset, sier operasjonsleder Viola Elvrum.<\/p>\n<p>Ny kald dag<\/p>\n<p>S\u00f8ndag starter med bitende kulde p\u00e5 Innherred. Det er 13 minusgrader fra start av i Inder\u00f8y. I l\u00f8pet av dagen vil temperaturen stige litt, og kan komme opp til 7 minus. Det er meldt klarv\u00e6r og sol, og stort sett rolige vindforhold.<\/p>\n<p>Vegtrafikksentralen har ingen nye meldinger fra Innherred.<\/p>\n<p>P\u00e5 T-A.no<\/p>\n<p>Even Norum og Linda Kathrine Hogstad utvider Megatrykk. \u2013 N\u00e5 blir det nok en storsatsing.<\/p>\n<p>  <a href=\"https:\/\/www.t-a.no\/5-116-2283490\" class=\"related-teaser has-image default-story-teaser article--c-eRUmMG article--c-eRUmMG-jKCPdD-design-default\" rel=\"nofollow noopener\" target=\"_blank\"><\/p>\n<p>    <img decoding=\"async\" loading=\"lazy\"  src=\"https:\/\/www.europesays.com\/no\/wp-content\/uploads\/2026\/01\/Even+Norum+og+Linda+Kathrine+Hogstad+AHBN+02.jpg\" alt=\"\" class=\"brick-c-cFOWSL\" style=\"\"\/><\/p>\n<p>\n            Les ogs\u00e5<\/p>\n<p>              Store planer: \u2013 Den r\u00f8per vi ikke enn\u00e5\n        <\/p>\n<p>  <\/a><\/p>\n<p>Helseplattformen innr\u00f8mmer at et leverand\u00f8rskifte vil ta flere \u00e5r og koste sv\u00e6rt mye.<\/p>\n<p>  <a href=\"https:\/\/www.t-a.no\/5-116-2278886\" class=\"related-teaser has-image default-story-teaser article--c-eRUmMG article--c-eRUmMG-jKCPdD-design-default\" rel=\"nofollow noopener\" target=\"_blank\"><\/p>\n<p>    <img decoding=\"async\" loading=\"lazy\"  src=\"https:\/\/www.europesays.com\/no\/wp-content\/uploads\/2026\/01\/Paxton+Epic.jpg\" alt=\"\" class=\"brick-c-cFOWSL\" style=\"\"\/><\/p>\n<p>\n            Les ogs\u00e5<\/p>\n<p>              Texas til krig mot Helseplattformens mor: \u2013 Kynisk innl\u00e5sing av kunder\n        <\/p>\n<p>  <\/a><\/p>\n","protected":false},"excerpt":{"rendered":"Klokken 23.18 varslet politiet om en trafikkulykke p\u00e5 E6 ved Gartland i Grong. En lastebil hadde f\u00e5tt tr\u00f8bbel,&hellip;\n","protected":false},"author":2,"featured_media":134424,"comment_status":"","ping_status":"","sticky":false,"template":"","format":"standard","meta":{"footnotes":""},"categories":[10],"tags":[36,20,21,24,25,15,983,22,23,492,13,30,28,29,14,16,782,1510,26,27,224,941],"class_list":{"0":"post-134423","1":"post","2":"type-post","3":"status-publish","4":"format-standard","5":"has-post-thumbnail","7":"category-norge","8":"tag-art","9":"tag-breaking-news","10":"tag-breakingnews","11":"tag-featured-news","12":"tag-featurednews","13":"tag-headlines","14":"tag-krim","15":"tag-latest-news","16":"tag-latestnews","17":"tag-levanger","18":"tag-news","19":"tag-no","20":"tag-norge","21":"tag-norway","22":"tag-nyheter","23":"tag-overskrifter","24":"tag-politiloggen","25":"tag-story","26":"tag-top-stories","27":"tag-topstories","28":"tag-trafikk","29":"tag-ulykker-og-hendelser"},"share_on_mastodon":{"url":"https:\/\/pubeurope.com\/@no\/115875722152330303","error":""},"_links":{"self":[{"href":"https:\/\/www.europesays.com\/no\/wp-json\/wp\/v2\/posts\/134423","targetHints":{"allow":["GET"]}}],"collection":[{"href":"https:\/\/www.europesays.com\/no\/wp-json\/wp\/v2\/posts"}],"about":[{"href":"https:\/\/www.europesays.com\/no\/wp-json\/wp\/v2\/types\/post"}],"author":[{"embeddable":true,"href":"https:\/\/www.europesays.com\/no\/wp-json\/wp\/v2\/users\/2"}],"replies":[{"embeddable":true,"href":"https:\/\/www.europesays.com\/no\/wp-json\/wp\/v2\/comments?post=134423"}],"version-history":[{"count":0,"href":"https:\/\/www.europesays.com\/no\/wp-json\/wp\/v2\/posts\/134423\/revisions"}],"wp:featuredmedia":[{"embeddable":true,"href":"https:\/\/www.europesays.com\/no\/wp-json\/wp\/v2\/media\/134424"}],"wp:attachment":[{"href":"https:\/\/www.europesays.com\/no\/wp-json\/wp\/v2\/media?parent=134423"}],"wp:term":[{"taxonomy":"category","embeddable":true,"href":"https:\/\/www.europesays.com\/no\/wp-json\/wp\/v2\/categories?post=134423"},{"taxonomy":"post_tag","embeddable":true,"href":"https:\/\/www.europesays.com\/no\/wp-json\/wp\/v2\/tags?post=134423"}],"curies":[{"name":"wp","href":"https:\/\/api.w.org\/{rel}","templated":true}]}}