{"id":134425,"date":"2026-01-11T09:20:13","date_gmt":"2026-01-11T09:20:13","guid":{"rendered":"https:\/\/www.europesays.com\/no\/134425\/"},"modified":"2026-01-11T09:20:13","modified_gmt":"2026-01-11T09:20:13","slug":"nyhet-handball-wille-etter-seier-vi-trengte-denne","status":"publish","type":"post","link":"https:\/\/www.europesays.com\/no\/134425\/","title":{"rendered":"Nyhet, H\u00e5ndball | Wille etter seier: \u2013 Vi trengte denne"},"content":{"rendered":"\n<p>Norge vant 33-30 over Nederland l\u00f8rdag.<\/p>\n<p>Det startet imidlertid d\u00e5rlig sett med norske \u00f8yne, og Nederland tilrev seg en ganske ledelse i kampinnlednigen.<\/p>\n<p>Til pause ledet nederlenderne 14-13.<\/p>\n<p>Andreomgangen var ogs\u00e5 av det jevne slaget. Men i sluttminuttene dro Norge i fra. Det endte med seier 33-30.<\/p>\n<p>\u2013 Vi trengte denne. Det er deilig \u00e5 vinne. Det er en vanskelig kamp mot et bra lag. Det er mye bra spill i andreomgang, sa Norge-trener og haldenser Jonas Wille til TV 2.<\/p>\n<p>H\u00e5ndball-EM starter onsdag 15. januar.<\/p>\n<p>Norge, som \u00e5pner mot Ukraina, spiller sine innledende kamper p\u00e5 hjemmebane i Unity Arena. <\/p>\n<p>Mesterskapet arrangeres i fellesskap av Norge, Danmark og Sverige.<\/p>\n","protected":false},"excerpt":{"rendered":"Norge vant 33-30 over Nederland l\u00f8rdag. Det startet imidlertid d\u00e5rlig sett med norske \u00f8yne, og Nederland tilrev seg&hellip;\n","protected":false},"author":2,"featured_media":134426,"comment_status":"","ping_status":"","sticky":false,"template":"","format":"standard","meta":{"footnotes":""},"categories":[59],"tags":[36,105,6986,30,28,29,447,83,82,1510],"class_list":{"0":"post-134425","1":"post","2":"type-post","3":"status-publish","4":"format-standard","5":"has-post-thumbnail","7":"category-sport","8":"tag-art","9":"tag-handball","10":"tag-jonas-wille","11":"tag-no","12":"tag-norge","13":"tag-norway","14":"tag-nyhet","15":"tag-sport","16":"tag-sports","17":"tag-story"},"share_on_mastodon":{"url":"https:\/\/pubeurope.com\/@no\/115875730066187412","error":""},"_links":{"self":[{"href":"https:\/\/www.europesays.com\/no\/wp-json\/wp\/v2\/posts\/134425","targetHints":{"allow":["GET"]}}],"collection":[{"href":"https:\/\/www.europesays.com\/no\/wp-json\/wp\/v2\/posts"}],"about":[{"href":"https:\/\/www.europesays.com\/no\/wp-json\/wp\/v2\/types\/post"}],"author":[{"embeddable":true,"href":"https:\/\/www.europesays.com\/no\/wp-json\/wp\/v2\/users\/2"}],"replies":[{"embeddable":true,"href":"https:\/\/www.europesays.com\/no\/wp-json\/wp\/v2\/comments?post=134425"}],"version-history":[{"count":0,"href":"https:\/\/www.europesays.com\/no\/wp-json\/wp\/v2\/posts\/134425\/revisions"}],"wp:featuredmedia":[{"embeddable":true,"href":"https:\/\/www.europesays.com\/no\/wp-json\/wp\/v2\/media\/134426"}],"wp:attachment":[{"href":"https:\/\/www.europesays.com\/no\/wp-json\/wp\/v2\/media?parent=134425"}],"wp:term":[{"taxonomy":"category","embeddable":true,"href":"https:\/\/www.europesays.com\/no\/wp-json\/wp\/v2\/categories?post=134425"},{"taxonomy":"post_tag","embeddable":true,"href":"https:\/\/www.europesays.com\/no\/wp-json\/wp\/v2\/tags?post=134425"}],"curies":[{"name":"wp","href":"https:\/\/api.w.org\/{rel}","templated":true}]}}