{"id":134427,"date":"2026-01-11T09:25:09","date_gmt":"2026-01-11T09:25:09","guid":{"rendered":"https:\/\/www.europesays.com\/no\/134427\/"},"modified":"2026-01-11T09:25:09","modified_gmt":"2026-01-11T09:25:09","slug":"ukraina-norge-ukrainske-soldater-pa-trening-i-norge-skal-hjem-og-drepe-russere","status":"publish","type":"post","link":"https:\/\/www.europesays.com\/no\/134427\/","title":{"rendered":"Ukraina, Norge | Ukrainske soldater p\u00e5 trening i Norge: \u2013 Skal hjem og drepe russere"},"content":{"rendered":"\n<p>V\u00c6RNES, TR\u00d8NDELAG (Nettavisen): I et slitent forsvarsbygg henger det norske og det ukrainske flagget side om side, mens norske instrukt\u00f8rer fra Heimevernet forbereder seg p\u00e5 \u00e5 ta imot en ny gruppe med ukrainske elever p\u00e5 mandag.<\/p>\n<p>De ukrainske soldatene skal trenes opp innenfor flere forskjellige grener, blant annet sanitet, skarpskyting, lagf\u00f8ring og ikke minst bruk av droner.<\/p>\n<p><b>Les ogs\u00e5: <\/b><a class=\"simple-relation related-teaser article--c-eRUmMG article--c-eRUmMG-fZoQSp-design-nettavisen article--c-eRUmMG-gwthdJ-cv\" href=\"https:\/\/www.nettavisen.no\/oleh-sloss-mot-russland-i-ni-ar-na-advarer-han-europa\/s\/5-95-2738012\" rel=\"nofollow noopener\" target=\"_blank\">Oleh sloss mot Russland i ni \u00e5r. N\u00e5 advarer han Europa<\/a><\/p>\n<p>Droner st\u00e5r for mesteparten av d\u00f8dsfallene i Ukraina<\/p>\n<p>\u2013 Droner st\u00e5r for rundt 70 prosent av de som blir drept og skadd langs frontlinjen i dag, sier kompanisjef Jan Henrik J\u00f8rstad til Nettavisen.<\/p>\n<p>Han er sjef for kompani Hegna og <a href=\"https:\/\/www.forsvaret.no\/heimevernet\/interflex-gungne\/gungne\" rel=\"Follow nofollow noopener\" target=\"_blank\">Operasjon Gungne<\/a>, som er operasjonen som trener opp de ukrainske soldatene.<\/p>\n<p>Krigen i Ukraina er sv\u00e6rt forskjellig fra Afghanistan og andre milit\u00e6re operasjoner Norge har v\u00e6rt involvert i de siste \u00e5rene. Det er en slags kombinasjon av teknologi fra tredje og f\u00f8rste verdenskrig samtidig.<\/p>\n<p>Russland har den siste tiden begynt \u00e5 bruke hester langs frontlinjen, noe Norge sluttet med i 1985.<\/p>\n<p><b>Les ogs\u00e5: <\/b><a class=\"simple-relation related-teaser article--c-eRUmMG article--c-eRUmMG-fZoQSp-design-nettavisen article--c-eRUmMG-gwthdJ-cv\" href=\"https:\/\/www.nettavisen.no\/stormangrep-pa-hest-fullstendig-tilbakestaende\/s\/5-95-2794702\" rel=\"nofollow noopener\" target=\"_blank\">Stormangrep p\u00e5 hest: \u2013 Fullstendig tilbakest\u00e5ende<\/a><\/p>\n<p>   <img decoding=\"async\" width=\"1983\" height=\"1265\" fetchpriority=\"low\"  loading=\"lazy\"  src=\"https:\/\/www.europesays.com\/no\/wp-content\/uploads\/2026\/01\/Hest+og+esel+med+elektronisk+utstyr.jpeg\" alt=\"\" class=\"brick-c-cFOWSL\" style=\"--brick-image-ratio: 1983 \/ 1265;\"\/><\/p>\n<p>      H\u00d8YTEKNOLOGISK HEST: Russland bruker hester, esler og ponnier aktivt langs frontlinjen. Noen lastes opp med Starlink-terminaler eller utstyr til elektronisk krigf\u00f8ring.<br \/>\n      Foto: Montasje (X\/Twitter: @bayraktar_1love)\n    <\/p>\n<p>  H\u00f8yteknologisk krig<\/p>\n<p>Mens man var relativt trygg i en skyttergrav i 1916 er man i dag et enkelt m\u00e5l for en FPV-drone, s\u00e5 for \u00e5 overleve m\u00e5 man grave seg ned i bakken.<\/p>\n<p>Mange ukrainske infanterister er utplassert langs frontlinjen i hull i bakken, jordkjellere eller lignende i over hundre dager, noen s\u00e5 lenge som et halvt \u00e5r av gangen.<\/p>\n<p>Her fors\u00f8ker de \u00e5 holde russerne unna etter beste evne. Stikker de hodet fram er sjansen stor for \u00e5 bli drept av en russisk drone.<\/p>\n<p>Grunnen til at de er s\u00e5 lenge langs frontlinjen er at det er helt umulig \u00e5 evakuere uten \u00e5 bli drept. Forsyninger kommer med droner, b\u00e5de luftb\u00e5rne, men ogs\u00e5 droner som g\u00e5r langs bakken.<\/p>\n<p>Det gj\u00f8r evakuering av skadde sv\u00e6rt utfordrende. Nato har en standard p\u00e5 at man innen en time skal frakte en skadd soldat til en operasjonssal i trygg avstand fra frontlinjen.<\/p>\n<p>\u2013 Det er man ikke i n\u00e6rheten av \u00e5 klare i Ukraina, sier J\u00f8rstad.<\/p>\n<p><b>Les ogs\u00e5: <\/b><a class=\"simple-relation related-teaser article--c-eRUmMG article--c-eRUmMG-fZoQSp-design-nettavisen article--c-eRUmMG-gwthdJ-cv\" href=\"https:\/\/www.nettavisen.no\/stromnettet-sonderbombes-jeg-hater-virkelig-russland\/s\/5-95-2709599\" rel=\"nofollow noopener\" target=\"_blank\">Str\u00f8mnettet s\u00f8nderbombes: \u2013 Jeg hater virkelig Russland<\/a><\/p>\n<p>Droner gj\u00f8r evakuering livsfarlig<\/p>\n<p>Han sier det kan g\u00e5 b\u00e5de dager og uker f\u00f8r skadde soldater blir evakuert. For mange kommer evakueringen altfor sent. Skader norske soldater overlevde i Afghanistan er en d\u00f8dsdom i Ukraina.<\/p>\n<p>\u2013 Det er p\u00e5 grunn av dronefaren. Man er avhengig av d\u00e5rlig v\u00e6r som gj\u00f8r det vanskelig for fienden \u00e5 fly droner. F\u00f8rst da kan man fors\u00f8ke \u00e5 evakuere, forklarer han.<\/p>\n<p>Derfor har J\u00f8rstad og kollegaene m\u00e5ttet tilpasse undervisningen. De ukrainske soldatene m\u00e5 ha kompetanse og utstyr til \u00e5 drive livreddende f\u00f8rstehjelp langs frontlinjen, og holde de skadde soldatene i livet s\u00e5 lenge som mulig.<\/p>\n<p>Gleb Benia (29) mistet en arm og et bein i et droneangrep langs frontlinjen. Du kan se Nettavisens reportasje om ham her:<\/p>\n<p>    Vil du se neste video?<\/p>\n<p>    <a href=\"https:\/\/www.nettavisen.no\/nyheter\/ukrainsk-jagerfly-odelegger-for-vladimir-putin-i-pokrovsk\/v\/5-95-2807927\" class=\"recommend-poster\" data-adp-clicklabel=\"video-recommend\" data-adp-clickvalue=\"poster\" rel=\"nofollow noopener\" target=\"_blank\"><br \/>\n      <img decoding=\"async\" width=\"200\" height=\"200\" loading=\"lazy\" src=\"https:\/\/www.europesays.com\/no\/wp-content\/uploads\/2026\/01\/JAGERFLY+BREDDE.jpg\" alt=\"\" class=\"brick-c-cFOWSL\" style=\"--brick-image-ratio: 200 \/ 200;\"\/><\/p>\n<p>Nye bilder: Rammer Putin hardt0:41<\/p>\n<p>    <\/a><\/p>\n<p>Skadene soldatene p\u00e5drar seg i Ukraina er ikke s\u00e5 forskjellige fra andre kriger. Den store forskjellen er at det n\u00e6rmest er helt umulig \u00e5 gi dem god behandling p\u00e5 sykehus tidsnok.<\/p>\n<p>De ukrainske soldatene som kommer til Norge har varierende erfaring. Noen har v\u00e6rt soldater siden krigens start i 2014, andre har nylig blitt mobilisert.<\/p>\n<p>Erfaringen soldatene har med seg fra Ukraina gj\u00f8r at ogs\u00e5 de norske instrukt\u00f8rene l\u00e6rer nye ting. For hver kontingent med ukrainere som kommer til Norge har de med seg droneeksperter som oppdaterer de norske instrukt\u00f8rene p\u00e5 siste nytt om droneteknologi.<\/p>\n<p><b>Les ogs\u00e5: <\/b><a class=\"simple-relation related-teaser article--c-eRUmMG article--c-eRUmMG-fZoQSp-design-nettavisen article--c-eRUmMG-gwthdJ-cv\" href=\"https:\/\/www.nettavisen.no\/russisk-utvikling-helt-ville-tall\/s\/5-95-2732616\" rel=\"nofollow noopener\" target=\"_blank\">Russisk utvikling: \u2013 Helt ville tall<\/a><\/p>\n<p>Mange forskjellige droner<\/p>\n<p>\u2013 F\u00f8r vi startet opp f\u00f8rste kurs fikk v\u00e5re instrukt\u00f8rer oppl\u00e6ring av ukrainske spesialister. Det har skjedd veldig mye siden da, utviklingen g\u00e5r veldig raskt, forklarer J\u00f8rstad.<\/p>\n<p>P\u00e5 V\u00e6rnes gir de oppl\u00e6ring i tre forskjellige dronetyper:<\/p>\n<ul>\n<li>FPV-droner. Disse har en sprengladning om bord og flys inn i m\u00e5let. Det kan v\u00e6re en russisk soldat, en stridsvogn ogs\u00e5 videre.<\/li>\n<li>Bombedroner. St\u00f8rre droner som slipper bomber p\u00e5 russerne. Kan ta ut enkeltsoldater, kj\u00f8ret\u00f8y og russiske stillinger.<\/li>\n<li>Overv\u00e5kningsdroner. Disse gir soldatene oversikt over frontlinjen.<\/li>\n<\/ul>\n<p>I tillegg eksperimenterer de ogs\u00e5 med fiberoptiske droner p\u00e5 V\u00e6rnes. De aller fleste dronene som brukes i Ukraina er tr\u00e5dl\u00f8se, noe som gj\u00f8r de s\u00e5rbare for elektronisk krigf\u00f8ring. De fiberoptiske dronene styres via en kabel like tynn som et fiskesn\u00f8re og lar seg ikke p\u00e5virke av elektronisk krigf\u00f8ring.<\/p>\n<p><b>Les ogs\u00e5: <\/b><a class=\"simple-relation related-teaser article--c-eRUmMG article--c-eRUmMG-fZoQSp-design-nettavisen article--c-eRUmMG-gwthdJ-cv\" href=\"https:\/\/www.nettavisen.no\/ukrainas-interne-trussel-farligere-enn-russland\/s\/5-95-2715842\" rel=\"nofollow noopener\" target=\"_blank\">Ukrainas interne trussel: \u2013 Farligere enn Russland<\/a><\/p>\n<p>Ukrainske soldater trenes opp til \u00e5 drepe russere<\/p>\n<p>M\u00e5let for oppl\u00e6ringen er klar:<\/p>\n<p>\u2013 De skal hjem og drepe russere, og unng\u00e5 \u00e5 bli drept selv, sier J\u00f8rstad.<\/p>\n<p>Han sier de har god kontakt med deler av avdelingene som har tidligere har f\u00e5tt oppl\u00e6ring p\u00e5 V\u00e6rnes. For mange har det g\u00e5tt bra, andre soldater lever ikke lenger.<\/p>\n<p>\u2013 Det handler litt om b\u00e5de flaks, uflaks og tilfeldigheter. Det er krigens natur, forteller han.<\/p>\n<p><b>Les ogs\u00e5: <\/b><a class=\"simple-relation related-teaser article--c-eRUmMG article--c-eRUmMG-fZoQSp-design-nettavisen article--c-eRUmMG-gwthdJ-cv\" href=\"https:\/\/www.nettavisen.no\/russisk-utvikling-helt-ville-tall\/s\/5-95-2732616\" rel=\"nofollow noopener\" target=\"_blank\">Russisk utvikling: \u2013 Helt ville tall<\/a><\/p>\n<p>Forsvarsministeren mener oppl\u00e6ringen styrker Norge<\/p>\n<p>Forsvarsminister Tore O. Sandvik er full av lovord om Operasjon Gungne, som trener opp de ukrainske soldatene. Til Nettavisen sier han at det styrker Norges operasjonelle evne, i tillegg til \u00e5 trene opp ukrainske soldater.<\/p>\n<p>\u2013 Samtidig skal man ikke trekke det for langt, sier Sandvik.<\/p>\n<p>Han peker p\u00e5 at en eventuell krig mellom Russland, Nato og Norge vil v\u00e6re veldig annerledes.<\/p>\n<p>\u2013 Droner vil ikke p\u00e5virke luftrommet p\u00e5 den samme m\u00e5ten, for vi vil ha luftdominans med st\u00f8rre kapasiteter enn det Ukraina har, mener Sandvik, som ikke f\u00e5r fullrost de norske heimevernssoldatene som st\u00e5r bak utdanningen nok.<\/p>\n<p>   <img decoding=\"async\" width=\"4663\" height=\"3497\" fetchpriority=\"low\"  loading=\"lazy\"  src=\"https:\/\/www.europesays.com\/no\/wp-content\/uploads\/2026\/01\/V%C3%A6rnes+leir.jpg\" alt=\"\" class=\"brick-c-cFOWSL\" style=\"--brick-image-ratio: 4663 \/ 3497;\"\/><\/p>\n<p>      TOPPTUNGT BES\u00d8K: Oberst Marianne Eidem (t.v.), ordf\u00f8rer i Stj\u00f8rdal Eli Arnstad, forsvarsminister Tore O. Sandvik og kompanisjef Jan Henrik J\u00f8rstad p\u00e5 oppl\u00e6ringssenteret p\u00e5 V\u00e6rnes.<br \/>\n      Foto: Tormod Malvin S\u00e6ther (Nettavisen)\n    <\/p>\n","protected":false},"excerpt":{"rendered":"V\u00c6RNES, TR\u00d8NDELAG (Nettavisen): I et slitent forsvarsbygg henger det norske og det ukrainske flagget side om side, mens&hellip;\n","protected":false},"author":2,"featured_media":134428,"comment_status":"","ping_status":"","sticky":false,"template":"","format":"standard","meta":{"footnotes":""},"categories":[12],"tags":[20,21,24,25,15,22,23,13,30,28,29,14,16,26,27,42,43,44,45],"class_list":{"0":"post-134427","1":"post","2":"type-post","3":"status-publish","4":"format-standard","5":"has-post-thumbnail","7":"category-verden","8":"tag-breaking-news","9":"tag-breakingnews","10":"tag-featured-news","11":"tag-featurednews","12":"tag-headlines","13":"tag-latest-news","14":"tag-latestnews","15":"tag-news","16":"tag-no","17":"tag-norge","18":"tag-norway","19":"tag-nyheter","20":"tag-overskrifter","21":"tag-top-stories","22":"tag-topstories","23":"tag-verden","24":"tag-world","25":"tag-world-news","26":"tag-worldnews"},"share_on_mastodon":{"url":"https:\/\/pubeurope.com\/@no\/115875750110882778","error":""},"_links":{"self":[{"href":"https:\/\/www.europesays.com\/no\/wp-json\/wp\/v2\/posts\/134427","targetHints":{"allow":["GET"]}}],"collection":[{"href":"https:\/\/www.europesays.com\/no\/wp-json\/wp\/v2\/posts"}],"about":[{"href":"https:\/\/www.europesays.com\/no\/wp-json\/wp\/v2\/types\/post"}],"author":[{"embeddable":true,"href":"https:\/\/www.europesays.com\/no\/wp-json\/wp\/v2\/users\/2"}],"replies":[{"embeddable":true,"href":"https:\/\/www.europesays.com\/no\/wp-json\/wp\/v2\/comments?post=134427"}],"version-history":[{"count":0,"href":"https:\/\/www.europesays.com\/no\/wp-json\/wp\/v2\/posts\/134427\/revisions"}],"wp:featuredmedia":[{"embeddable":true,"href":"https:\/\/www.europesays.com\/no\/wp-json\/wp\/v2\/media\/134428"}],"wp:attachment":[{"href":"https:\/\/www.europesays.com\/no\/wp-json\/wp\/v2\/media?parent=134427"}],"wp:term":[{"taxonomy":"category","embeddable":true,"href":"https:\/\/www.europesays.com\/no\/wp-json\/wp\/v2\/categories?post=134427"},{"taxonomy":"post_tag","embeddable":true,"href":"https:\/\/www.europesays.com\/no\/wp-json\/wp\/v2\/tags?post=134427"}],"curies":[{"name":"wp","href":"https:\/\/api.w.org\/{rel}","templated":true}]}}