{"id":134431,"date":"2026-01-11T09:27:07","date_gmt":"2026-01-11T09:27:07","guid":{"rendered":"https:\/\/www.europesays.com\/no\/134431\/"},"modified":"2026-01-11T09:27:07","modified_gmt":"2026-01-11T09:27:07","slug":"stale-solbakken-hyller-kona-anniken-etter-prisdrysset","status":"publish","type":"post","link":"https:\/\/www.europesays.com\/no\/134431\/","title":{"rendered":"St\u00e5le Solbakken hyller kona Anniken etter prisdrysset"},"content":{"rendered":"\n<p class=\"_lead_o9xde_2 _lead_xtcu6_50 layout-component text-serif-m layout-normal text-serif-l layout-component layout-wide layout-padded _wide_17hqh_1 layout-padded\">Det ble t\u00e5rev\u00e5tt for kona Anniken da landslagssjef St\u00e5le Solbakken ble k\u00e5ret til \u00ab\u00c5rets trener\u00bb p\u00e5 Idrettsgallaen.<\/p>\n<ul class=\"_gallery_1qa3s_23\" tabindex=\"0\">\n<li class=\"_item_1qa3s_37\" data-index=\"0\"><img fetchpriority=\"high\" decoding=\"async\" class=\"_image_foru8_23 _introGallery_foru8_43\" data-fullscreen- width=\"6932\" height=\"4804\" itemprop=\"image\" loading=\"eager\"  src=\"https:\/\/www.europesays.com\/no\/wp-content\/uploads\/2026\/01\/97b7c21a-c56c-49fa-bafe-121f1d2d9c2e.png\"  style=\"object-position:50% 50%;aspect-ratio:var(--gallery-aspect-ratio, 16 \/ 9)\"\/>St\u00e5le Solbakken gir kona Anniken en god klem etter gallaen var over.  Foto: Bj\u00f8rn S. Delebekk \/ VG<\/li>\n<li class=\"_item_1qa3s_37\" data-index=\"1\"><img decoding=\"async\" class=\"_image_foru8_23 _introGallery_foru8_43\" data-fullscreen- width=\"7325\" height=\"5204\" itemprop=\"image\" loading=\"lazy\"  src=\"https:\/\/www.europesays.com\/no\/wp-content\/uploads\/2026\/01\/613e5291-09c3-4834-8a21-1b60761573ea.png\"  style=\"object-position:50% 50%;aspect-ratio:var(--gallery-aspect-ratio, 16 \/ 9)\"\/>Foto: Bj\u00f8rn S. Delebekk \/ VG<\/li>\n<li class=\"_item_1qa3s_37\" data-index=\"2\"><img decoding=\"async\" class=\"_image_foru8_23 _introGallery_foru8_43\" data-fullscreen- width=\"8256\" height=\"5504\" itemprop=\"image\" loading=\"lazy\"  src=\"https:\/\/www.europesays.com\/no\/wp-content\/uploads\/2026\/01\/80daec9b-f838-41bc-aa8a-8b59bbdba99a.png\"  style=\"object-position:50% 50%;aspect-ratio:var(--gallery-aspect-ratio, 16 \/ 9)\"\/>Foto: Bj\u00f8rn S. Delebekk \/ VG<\/li>\n<\/ul>\n<p>St\u00e5le Solbakken gir kona Anniken en god klem etter gallaen var over.  Foto: Bj\u00f8rn S. Delebekk \/ VG<\/p>\n<p>Rapporterer fra Hamar Oppdatert s\u00f8ndag 11. januar kl. 10:06     <\/p>\n<p class=\"_paragraph_o9xde_4 _paragraph_xtcu6_10 layout-component text-serif-m layout-normal text-serif-m layout-padded\">\u2013 Takk til verdens vakreste dame, psykologen Anniken. I hjemmet v\u00e5rt er det j\u00e6vla lurt \u00e5 ha en psykolog, sa Solbakken fra scenen da han mottok prisen for \u00ab\u00c5rets trener\u00bb under Idrettsgallaen.<\/p>\n<p class=\"_paragraph_o9xde_4 _paragraph_xtcu6_10 layout-component text-serif-m layout-normal text-serif-m layout-padded\">Det ble en stor kveld for norsk fotball, da et stjernespekket Idretts-Norge var samlet p\u00e5 Hamar for \u00e5 <a href=\"https:\/\/www.vg.no\/sport\/i\/Gxa38V\/erling-braut-haaland-fikk-utoevernes-pris-paa-idrettsgallaen\" data-track-element-type=\"Link\" data-track-id=\"link:Gxa38V\" class=\"_link_o9xde_39\" rel=\"nofollow noopener\" target=\"_blank\">hedre prestasjonene fra 2025<\/a>. Solbakken ble \u00ab\u00c5rets trener\u00bb, herrelandslaget vant \u00ab\u00c5rets lag\u00bb, og Erling Braut Haaland ble tildelt to priser.<\/p>\n<p class=\"_paragraph_o9xde_4 _paragraph_xtcu6_10 layout-component text-serif-m layout-normal text-serif-m layout-padded\">\u2013 Det er et hardt stykke arbeid som ligger bak. Da blir man litt r\u00f8rt, sier Anniken Solbakken til VG om t\u00e5rene som kom i \u00f8yekroken:<\/p>\n<p class=\"_paragraph_o9xde_4 _paragraph_xtcu6_10 layout-component text-serif-m layout-normal text-serif-m layout-padded\">Solbakken beskriver kona som en avgj\u00f8rende faktor bak kulissene.<\/p>\n<p class=\"_paragraph_o9xde_4 _paragraph_xtcu6_10 layout-component text-serif-m layout-normal text-serif-m layout-padded\">\u2013 Hun betyr mye som \u00abbakspiller\u00bb. Du kommer hjem og det er der du tilbringer det meste av tiden. Noen ganger preger jo fotballens resultater stoda i hjemmet. S\u00e5nn er det bare, sier landslagssjefen.<\/p>\n<p class=\"_paragraph_o9xde_4 _paragraph_xtcu6_10 layout-component text-serif-m layout-normal text-serif-m layout-padded\">Spesielt etter det tunge tapet mot Skottland i 2023tunge tapet mot Skottland i 2023Norge ledet 1-0, men slapp inn to m\u00e5l i sluttminuttene. Playoff-sjansen til EM i 2024 r\u00f8k. , var Anniken en uvurderlig st\u00f8tte.<\/p>\n<p class=\"_paragraph_o9xde_4 _paragraph_xtcu6_10 layout-component text-serif-m layout-normal text-serif-m layout-padded\">\u2013 Hun betydde kanskje mer da enn n\u00e5r det g\u00e5r bra. Da var hun en viktig samtalepartner. Vi har barn sammen og vi har delt mange ting i livet. Hun hjelper meg i \u00e5 sette fotballen i et st\u00f8rre perspektiv. Det er viktigere ting i livet selv om du noen ganger \u2013 som trener for en nasjon \u2013 f\u00f8ler at det ikke finnes noe viktigere, forklarer Solbakken.<\/p>\n<p class=\"_paragraph_o9xde_4 _paragraph_xtcu6_10 layout-component text-serif-m layout-normal text-serif-m layout-padded\">Dette skjedde ogs\u00e5 p\u00e5 Idrettsgallaen:<\/p>\n<p class=\"_paragraph_o9xde_4 _paragraph_xtcu6_10 layout-component text-serif-m layout-normal text-serif-m layout-padded\">At Solbakken kalte kona for \u00abpsykologen\u00bb fra scenen var ikke bare en sp\u00f8k. Anniken er faktisk utdannet pedagogisk psykolog.<\/p>\n<p class=\"_paragraph_o9xde_4 _paragraph_xtcu6_10 layout-component text-serif-m layout-normal text-serif-m layout-padded\">\u2013 S\u00e5 det er ikke \u00e5 ta i, gliser Solbakken.<\/p>\n<p class=\"_paragraph_o9xde_4 _paragraph_xtcu6_10 layout-component text-serif-m layout-normal text-serif-m layout-padded\">Anniken selv er beskjeden om sin rolle i mannens suksess.<\/p>\n<p class=\"_paragraph_o9xde_4 _paragraph_xtcu6_10 layout-component text-serif-m layout-normal text-serif-m layout-padded\">\u2013 Det er hyggelig, det. Jeg tror at St\u00e5le hadde v\u00e6rt en god fotballtrener uansett, men jeg tror jeg bidrar til at han f\u00e5r flere gode dager. S\u00e5 ydmyk kan jeg v\u00e6re, sier hun.<\/p>\n<ul class=\"_list_o9xde_3 _list_xtcu6_9 _unordered_o9xde_106 layout-component text-serif-m layout-normal text-serif-m layout-padded\">\n<li class=\"_item_o9xde_30\">VG bes\u00f8kte St\u00e5le Solbakken og pappa Svein i h\u00f8st. <a href=\"https:\/\/www.vg.no\/sport\/i\/eM26eR\/staale-solbakken-noen-maa-begynne-aa-planlegge-vm\" data-track-element-type=\"Link\" data-track-id=\"link:eM26eR\" class=\"_link_o9xde_39\" rel=\"nofollow noopener\" target=\"_blank\">Les intervjuet her<\/a>. <\/li>\n<\/ul>\n<p>Prisvinnerne, Idrettsgallaen:<\/p>\n<ul class=\"_list_o9xde_3 _list_xtcu6_9 _list_16v91_9 _unordered_o9xde_106 layout-component text-serif-m layout-normal text-sans-m layout-padded\">\n<li class=\"_item_o9xde_30\">Ut\u00f8vernes pris: Erling Braut Haaland (fotball) <\/li>\n<li class=\"_item_o9xde_30\">\u00c5rets mannlige paraut\u00f8ver: Salum Kashafali (friidrett)<\/li>\n<li class=\"_item_o9xde_30\">\u00c5rets kvinnelige ut\u00f8ver: Jeanette Hegg Duestad (skyting) <\/li>\n<li class=\"_item_o9xde_30\">\u00c5rets kvinnelige paraut\u00f8ver: Helle Sofie Sag\u00f8y (badminton)<\/li>\n<li class=\"_item_o9xde_30\">\u00c5rets mannlige ut\u00f8ver: Erling Braut Haaland (fotball) <\/li>\n<li class=\"_item_o9xde_30\">\u00c5rets gjennombrudd: Kristoffer Reitan (golf) <\/li>\n<li class=\"_item_o9xde_30\">\u00c5rets ildsjel: Synn\u00f8ve Hopen \u2013 for sitt engasjement og innsats for turnidretten<\/li>\n<li class=\"_item_o9xde_30\">\u00c5rets trener: St\u00e5le Solbakken (fotball)<\/li>\n<li class=\"_item_o9xde_30\">\u00c5rets forbilde: Camilla Herrem (h\u00e5ndball)<\/li>\n<li class=\"_item_o9xde_30\">\u00c5rets lag: Fotballandslaget, herrer<\/li>\n<li class=\"_item_o9xde_30\">\u00c5rets navn: Katrine Lunde (h\u00e5ndball)<\/li>\n<li class=\"_item_o9xde_30\">\u00c5rets hederspris: Therese Johaug (langrenn) og Johannes Thingnes B\u00f8 (skiskyting)<\/li>\n<\/ul>\n<p>Vis mer<\/p>\n<p class=\"_paragraph_o9xde_4 _paragraph_xtcu6_10 layout-component text-serif-m layout-normal text-serif-m layout-padded\">\u2013 Hva gj\u00f8r du for \u00e5 l\u00f8fte ham n\u00e5r det g\u00e5r d\u00e5rlig?<\/p>\n<p class=\"_paragraph_o9xde_4 _paragraph_xtcu6_10 layout-component text-serif-m layout-normal text-serif-m layout-padded\">\u2013 Jeg tror St\u00e5le grunnleggende er en type som st\u00e5r opp med godt hum\u00f8r, og tenker at det blir en god dag. N\u00e5r det ser som svartest ut, m\u00e5 man kjempe seg fortest mulig ut av det, mener Anniken.<\/p>\n<p class=\"_paragraph_o9xde_4 _paragraph_xtcu6_10 layout-component text-serif-m layout-normal text-serif-m layout-padded\">\u2013 Jeg tror jeg er god med folk og tror at jeg har en grunnleggende positiv innstilling til livet. Der kan vi v\u00e6re litt forskjellige \u2013 jeg tror han trenger det innimellom, sier hun.<\/p>\n<p class=\"_paragraph_o9xde_4 _paragraph_xtcu6_10 layout-component text-serif-m layout-normal text-serif-m layout-padded\">Fotballgenene er ikke fremmede for Anniken heller. Faren Knut Stensrud var kaptein i HamKam p\u00e5 1970-tallet.<\/p>\n<p class=\"_paragraph_o9xde_4 _paragraph_xtcu6_10 layout-component text-serif-m layout-normal text-serif-m layout-padded\">\u2013 Men det briljerer jeg ikke med, smiler hun.<\/p>\n<p class=\"_paragraph_o9xde_4 _paragraph_xtcu6_10 layout-component text-serif-m layout-normal text-serif-m layout-padded\">\u2013 Det var deilig at fotballen var p\u00e5 scenen og fikk s\u00e5 mange priser. Det er lenge siden. Det synes jeg er morsomt, sier <a href=\"https:\/\/www.vg.no\/tag\/staale-solbakken?utm_source=vg-article&amp;utm_medium=auto-tagger&amp;utm_campaign=7pK6lV\" class=\"_link_o9xde_39\" rel=\"nofollow noopener\" target=\"_blank\">St\u00e5le Solbakken<\/a> om kvelden.<\/p>\n<p>\u00c5rets nominasjoner\u00c5rets kvinnelige ut\u00f8ver<\/p>\n<ul class=\"_list_o9xde_3 _list_xtcu6_9 _list_16v91_9 _unordered_o9xde_106 layout-component text-serif-m layout-normal text-sans-m layout-padded\" itemprop=\"text\">\n<li class=\"_item_o9xde_30\">Grace Bullen, bryting<\/li>\n<li class=\"_item_o9xde_30\">Kari Brattset Dale, h\u00e5ndball<\/li>\n<li class=\"_item_o9xde_30\"><strong class=\"_strong_o9xde_25\">Jeanette Hegg Duestad, skyting (vinner)<\/strong><\/li>\n<li class=\"_item_o9xde_30\">Marte Elverum, styrkel\u00f8ft<\/li>\n<li class=\"_item_o9xde_30\">Caroline Graham Hansen, fotball<\/li>\n<li class=\"_item_o9xde_30\">Gyda Westvold Hansen, kombinert<\/li>\n<li class=\"_item_o9xde_30\">Therese Johaug, langrenn<\/li>\n<li class=\"_item_o9xde_30\">Henriette J\u00e6ger, friidrett<\/li>\n<li class=\"_item_o9xde_30\">Solfrid Koanda, vektl\u00f8fting<\/li>\n<li class=\"_item_o9xde_30\">Solveig L\u00f8vseth, triatlon<\/li>\n<li class=\"_item_o9xde_30\">Henny Reistad, h\u00e5ndball<\/li>\n<li class=\"_item_o9xde_30\">Ragne Wiklund, sk\u00f8yter<\/li>\n<\/ul>\n<p>\u00c5rets mannlige ut\u00f8ver<\/p>\n<ul class=\"_list_o9xde_3 _list_xtcu6_9 _list_16v91_9 _unordered_o9xde_106 layout-component text-serif-m layout-normal text-sans-m layout-padded\" itemprop=\"text\">\n<li class=\"_item_o9xde_30\">Johannes Thingnes B\u00f8, skiskyting<\/li>\n<li class=\"_item_o9xde_30\">Sander Eitrem, sk\u00f8yter<\/li>\n<li class=\"_item_o9xde_30\">Kasper Harlem Fosser, orientering<\/li>\n<li class=\"_item_o9xde_30\"><strong class=\"_strong_o9xde_25\">Erling Braut Haaland, fotball (vinner)<\/strong><\/li>\n<li class=\"_item_o9xde_30\">Jakob Ingebrigtsen, friidrett<\/li>\n<li class=\"_item_o9xde_30\">Johannes H\u00f8sflot Kl\u00e6bo, langrenn<\/li>\n<li class=\"_item_o9xde_30\">Peder Kongshaug, sk\u00f8yter<\/li>\n<li class=\"_item_o9xde_30\">Sturla Holm L\u00e6greid, skiskyting<\/li>\n<li class=\"_item_o9xde_30\">Kristoffer Reitan, golf<\/li>\n<li class=\"_item_o9xde_30\">Jarl Magnus Riiber, kombinert<\/li>\n<li class=\"_item_o9xde_30\">Birk Ruud, freeski<\/li>\n<li class=\"_item_o9xde_30\">Sander Aae Skotheim, friidrett<\/li>\n<li class=\"_item_o9xde_30\">Casper Stornes, triatlon<\/li>\n<li class=\"_item_o9xde_30\">Martin \u00d8degaard, fotball<\/li>\n<\/ul>\n<p>\u00c5rets lag<\/p>\n<ul class=\"_list_o9xde_3 _list_xtcu6_9 _list_16v91_9 _unordered_o9xde_106 layout-component text-serif-m layout-normal text-sans-m layout-padded\" itemprop=\"text\">\n<li class=\"_item_o9xde_30\">Beachvolleygutta, sandvolleyball<\/li>\n<li class=\"_item_o9xde_30\">Bod\u00f8\/Glimt, fotball<\/li>\n<li class=\"_item_o9xde_30\"><strong class=\"_strong_o9xde_25\">Fotballandslaget, herrer, fotball (vinner)<\/strong><\/li>\n<li class=\"_item_o9xde_30\">H\u00e5ndballjentene, h\u00e5ndball<\/li>\n<li class=\"_item_o9xde_30\">Uno-X, sykkellag, sykkel<\/li>\n<\/ul>\n<p>\u00c5rets gjennombrudd<\/p>\n<ul class=\"_list_o9xde_3 _list_xtcu6_9 _list_16v91_9 _unordered_o9xde_106 layout-component text-serif-m layout-normal text-sans-m layout-padded\" itemprop=\"text\">\n<li class=\"_item_o9xde_30\">H\u00e5kon Moe Berg, friidrett<\/li>\n<li class=\"_item_o9xde_30\">Einar Hedegart, langrenn<\/li>\n<li class=\"_item_o9xde_30\">Maren Hjelmeset Kirkeeide, skiskyting<\/li>\n<li class=\"_item_o9xde_30\">Nicolai Budkov Kj\u00e6r, tennis<\/li>\n<li class=\"_item_o9xde_30\"><strong class=\"_strong_o9xde_25\">Kristoffer Reitan, golf (vinner)<\/strong><\/li>\n<li class=\"_item_o9xde_30\">Ulrik Samn\u00f8y, freeski<\/li>\n<li class=\"_item_o9xde_30\">Pia Young Vik, orientering<\/li>\n<\/ul>\n<p>\u00c5rets kvinnelige paraut\u00f8ver<\/p>\n<ul class=\"_list_o9xde_3 _list_xtcu6_9 _list_16v91_9 _unordered_o9xde_106 layout-component text-serif-m layout-normal text-sans-m layout-padded\" itemprop=\"text\">\n<li class=\"_item_o9xde_30\">Vilde Nilsen, langrenn<\/li>\n<li class=\"_item_o9xde_30\"><strong class=\"_strong_o9xde_25\">Helle Sofie Sag\u00f8y, badminton (vinner)<\/strong><\/li>\n<li class=\"_item_o9xde_30\">Lena Schr\u00f8der, ishockey<\/li>\n<li class=\"_item_o9xde_30\">Suzanna Tangen, sykkel<\/li>\n<\/ul>\n<p>\u00c5rets mannlige paraut\u00f8ver<\/p>\n<ul class=\"_list_o9xde_3 _list_xtcu6_9 _list_16v91_9 _unordered_o9xde_106 layout-component text-serif-m layout-normal text-sans-m layout-padded\" itemprop=\"text\">\n<li class=\"_item_o9xde_30\"><strong class=\"_strong_o9xde_25\">Salum Kashafali, friidrett (vinner)<\/strong><\/li>\n<li class=\"_item_o9xde_30\">Thomas Karb\u00f8l Oxaal, langrenn<\/li>\n<li class=\"_item_o9xde_30\">Jesper Saltvik Pedersen, alpint<\/li>\n<li class=\"_item_o9xde_30\">Kim Rishaug, klatring<\/li>\n<li class=\"_item_o9xde_30\">Fredrik Solberg, sv\u00f8mming<\/li>\n<li class=\"_item_o9xde_30\">Vegard Sverd, friidrett<\/li>\n<\/ul>\n<p>\u00c5rets trener<\/p>\n<ul class=\"_list_o9xde_3 _list_xtcu6_9 _list_16v91_9 _unordered_o9xde_106 layout-component text-serif-m layout-normal text-sans-m layout-padded\" itemprop=\"text\">\n<li class=\"_item_o9xde_30\">Ole Gustav Gjekstad, h\u00e5ndball<\/li>\n<li class=\"_item_o9xde_30\">Unn Merete Lie J\u00e6ger, friidrett<\/li>\n<li class=\"_item_o9xde_30\">Kjetil Knutsen, fotball<\/li>\n<li class=\"_item_o9xde_30\">Siegfried Mazet\/Egil Kristiansen, skiskyting<\/li>\n<li class=\"_item_o9xde_30\">Arild Monsen og Eirik Myhr Nossum, langrenn<\/li>\n<li class=\"_item_o9xde_30\">Bjarne Rykkje, sk\u00f8yter<\/li>\n<li class=\"_item_o9xde_30\">Janne Salmi, orientering<\/li>\n<li class=\"_item_o9xde_30\"><strong class=\"_strong_o9xde_25\">St\u00e5le Solbakken, fotball (vinner)<\/strong><\/li>\n<\/ul>\n<p>\u00c5rets navn (folkejury)<\/p>\n<ul class=\"_list_o9xde_3 _list_xtcu6_9 _list_16v91_9 _unordered_o9xde_106 layout-component text-serif-m layout-normal text-sans-m layout-padded\" itemprop=\"text\">\n<li class=\"_item_o9xde_30\">Bod\u00f8\/Glimt, fotball<\/li>\n<li class=\"_item_o9xde_30\">Johannes Thingnes B\u00f8, skiskyting<\/li>\n<li class=\"_item_o9xde_30\">Jeanette Hegg Duestad, skyting<\/li>\n<li class=\"_item_o9xde_30\">Fotballandslaget, herrer, fotball<\/li>\n<li class=\"_item_o9xde_30\">Erling Braut Haaland, fotball<\/li>\n<li class=\"_item_o9xde_30\">H\u00e5ndballjentene, h\u00e5ndball<\/li>\n<li class=\"_item_o9xde_30\">Jakob Ingebrigtsen, friidrett<\/li>\n<li class=\"_item_o9xde_30\">Therese Johaug, langrenn<\/li>\n<li class=\"_item_o9xde_30\">Salum Kashafali, friidrett<\/li>\n<li class=\"_item_o9xde_30\">Johannes H\u00f8sflot Kl\u00e6bo, langrenn<\/li>\n<li class=\"_item_o9xde_30\">Solfrid Koanda, vektl\u00f8fting<\/li>\n<li class=\"_item_o9xde_30\"><strong class=\"_strong_o9xde_25\">Katrine Lunde, h\u00e5ndball \u2013 vinner<\/strong><\/li>\n<li class=\"_item_o9xde_30\">Solveig L\u00f8vseth, triatlon<\/li>\n<li class=\"_item_o9xde_30\">Frida Maanum, fotball<\/li>\n<li class=\"_item_o9xde_30\">Vilde Nilsen, langrenn<\/li>\n<li class=\"_item_o9xde_30\">Jarl Magnus Riiber, kombinert<\/li>\n<li class=\"_item_o9xde_30\">Magnus Carlsen, sjakk<\/li>\n<\/ul>\n<p class=\"_paragraph_o9xde_4 _paragraph_xtcu6_10 _paragraph_16v91_10 layout-component text-serif-m layout-normal text-sans-m layout-padded\" itemprop=\"text\">Folket hadde stemt ut seks nominerte det til slutt sto mellom: Bod\u00f8\/Glimt, Fotball-landslaget, Johannes H\u00f8sflot Kl\u00e6bo, Magnus Carlsen, Katrine Lunde og Solfrid Koanda.<\/p>\n","protected":false},"excerpt":{"rendered":"Det ble t\u00e5rev\u00e5tt for kona Anniken da landslagssjef St\u00e5le Solbakken ble k\u00e5ret til \u00ab\u00c5rets trener\u00bb p\u00e5 Idrettsgallaen. St\u00e5le&hellip;\n","protected":false},"author":2,"featured_media":134432,"comment_status":"","ping_status":"","sticky":false,"template":"","format":"standard","meta":{"footnotes":""},"categories":[5],"tags":[20,21,24,25,15,3163,19,13569,15454,22,23,17,18,13,30,28,29,14,16,1387,26,27],"class_list":{"0":"post-134431","1":"post","2":"type-post","3":"status-publish","4":"format-standard","5":"has-post-thumbnail","7":"category-overskrifter","8":"tag-breaking-news","9":"tag-breakingnews","10":"tag-featured-news","11":"tag-featurednews","12":"tag-headlines","13":"tag-herrelandslaget-fotball","14":"tag-hovedoppslag","15":"tag-idrettsgallaen","16":"tag-idrettsgallaen-2026","17":"tag-latest-news","18":"tag-latestnews","19":"tag-main-news","20":"tag-mainnews","21":"tag-news","22":"tag-no","23":"tag-norge","24":"tag-norway","25":"tag-nyheter","26":"tag-overskrifter","27":"tag-stale-solbakken","28":"tag-top-stories","29":"tag-topstories"},"share_on_mastodon":{"url":"https:\/\/pubeurope.com\/@no\/115875757678083996","error":""},"_links":{"self":[{"href":"https:\/\/www.europesays.com\/no\/wp-json\/wp\/v2\/posts\/134431","targetHints":{"allow":["GET"]}}],"collection":[{"href":"https:\/\/www.europesays.com\/no\/wp-json\/wp\/v2\/posts"}],"about":[{"href":"https:\/\/www.europesays.com\/no\/wp-json\/wp\/v2\/types\/post"}],"author":[{"embeddable":true,"href":"https:\/\/www.europesays.com\/no\/wp-json\/wp\/v2\/users\/2"}],"replies":[{"embeddable":true,"href":"https:\/\/www.europesays.com\/no\/wp-json\/wp\/v2\/comments?post=134431"}],"version-history":[{"count":0,"href":"https:\/\/www.europesays.com\/no\/wp-json\/wp\/v2\/posts\/134431\/revisions"}],"wp:featuredmedia":[{"embeddable":true,"href":"https:\/\/www.europesays.com\/no\/wp-json\/wp\/v2\/media\/134432"}],"wp:attachment":[{"href":"https:\/\/www.europesays.com\/no\/wp-json\/wp\/v2\/media?parent=134431"}],"wp:term":[{"taxonomy":"category","embeddable":true,"href":"https:\/\/www.europesays.com\/no\/wp-json\/wp\/v2\/categories?post=134431"},{"taxonomy":"post_tag","embeddable":true,"href":"https:\/\/www.europesays.com\/no\/wp-json\/wp\/v2\/tags?post=134431"}],"curies":[{"name":"wp","href":"https:\/\/api.w.org\/{rel}","templated":true}]}}