{"id":134439,"date":"2026-01-11T09:34:06","date_gmt":"2026-01-11T09:34:06","guid":{"rendered":"https:\/\/www.europesays.com\/no\/134439\/"},"modified":"2026-01-11T09:34:06","modified_gmt":"2026-01-11T09:34:06","slug":"iran-advarer-usa-nrk-urix-utenriksnyheter-og-dokumentarer","status":"publish","type":"post","link":"https:\/\/www.europesays.com\/no\/134439\/","title":{"rendered":"Iran advarer USA \u2013 NRK Urix \u2013 Utenriksnyheter og -dokumentarer"},"content":{"rendered":"<p>\u2013 Ethvert angrep fra USA vil f\u00f8re til at Teheran angriper Israel og amerikanske baser i regionen, sier lederen for den iranske nasjonalforsamlingen.<\/p>\n<p>Mohammad Baqer Qalibaf kom med advarselen under et m\u00f8te i nasjonalforsamlingen s\u00f8ndag.<\/p>\n<p>Advarselen kommer etter at USAs president Donald Trump sier at USA er \u00abklare for \u00e5 hjelpe\u00bb i Iran.<\/p>\n<p>\u00abIran ser mot FRIHET, kanskje som aldri f\u00f8r\u00bb. USA klare for \u00e5 hjelpe!!!\u00bb, skriver presidenten p\u00e5 Truth Social l\u00f8rdag.<\/p>\n<p>    Dette m\u00e5 du vite om protestene i Iran<\/p>\n<ul aria-labelledby=\"212c933e-4c85-4dbf-9154-c1881a30c3dc\" role=\"list\">\n<li>Hvorfor demonstrerer iranerne?\n<p>Protestene startet p\u00e5 markedet i Teheran der kj\u00f8pmenn stengte bodene sine i protest mot inflasjon.<\/p>\n<p>Iran har store \u00f8konomiske problemer, med lite h\u00e5p om vekst det kommende \u00e5ret.<\/p>\n<p>En rekke korrupsjonsskandaler blant kjente familier og statsansatte har ogs\u00e5 skapt misn\u00f8ye.<\/p>\n<\/li>\n<li>Hvordan svarer regjeringen?\n<p>I begynnelsen av januar ba ayatolla Ali Khamenei regjeringen om \u00e5 g\u00e5 i samtale med demonstrantene og kue oppr\u00f8ret.<\/p>\n<p>Som svar p\u00e5 protestene har regimet blant annet avlyst flyvninger, stengt telefonlinjene og sperret internett-tilgangen i landet.<\/p>\n<p>I en uttalelse p\u00e5 nasjonal TV 9. januar hevder Khamenei at demonstrantene handler p\u00e5 vegne av Trump og USA.<\/p>\n<\/li>\n<li>Hva skjer framover?\n<p>Irans utenrikspolitiske posisjon er svekket, noe som gj\u00f8r den \u00f8konomiske situasjonen i landet ustabil. <\/p>\n<p>Ultrakonservative Khamenei (86) er landets \u00f8verste leder. Det er fremdeles uvisst hvem som blir hans arvtaker.<\/p>\n<p>Iran har mistet n\u00e6re allierte etter avsettelsen av Nicol\u00e1s Maduro i Venezuela og Bashar Al-Assad i Syria i fjor. Andre iranst\u00f8ttede grupper i Midt\u00f8sten som Hamas og Hisbollah er ogs\u00e5 kraftig svekket. <\/p>\n<p>Med f\u00e6rre venner i resten av verden kan det bli vanskeligere for Iran \u00e5 eksportere olje til andre land.<\/p>\n<\/li>\n<li>Er dette f\u00f8rste gang iranerne demonstrerer mot myndighetene?\n<p>Nei.<\/p>\n<p>Iran har de siste \u00e5rene hatt flere omfattende protester hvor folk har uttrykt dyp misn\u00f8ye med myndighetene og krevd at regimet g\u00e5r av.<\/p>\n<p>Dette er de st\u00f8rste demonstrasjonene i landet siden den unge kvinnen Mahsa Amini d\u00f8de i 2022 i varetekt hos moralpolitiet.<\/p>\n<\/li>\n<\/ul>\n<p>Mange arrestasjoner<\/p>\n<p>Politisjefen i Iran sier til statlige medier at konfrontasjonene med demonstrantene ble trappet kraftig opp l\u00f8rdag kveld.<\/p>\n<p>\u2013 I g\u00e5r kveld ble det foretatt betydelige arrestasjoner av hovedelementene bak oppt\u00f8yene, som, om Gud vil, vil bli straffet etter \u00e5 ha gjennomg\u00e5tt rettslige prosedyrer, sa Ahmad-Reza Radan til statlig TV, uten \u00e5 oppgi detaljer om antall eller identiteten til de arresterte.<\/p>\n<p>Landet har lagt skylden p\u00e5 USA og Israel for demonstrasjonene som startet i Teheran for to uker siden, og som har spredd seg til over 100 byer i landet.<\/p>\n<p>Da NRK snakket med professor i midt\u00f8stenstudier ved UiO, Bj\u00f8rn Olav Utvik, p\u00e5 l\u00f8rdag, sa han f\u00f8lgende om de iranske p\u00e5standene:<\/p>\n<p>\u2013 Vi vet jo at det er israelske agenter inne i Iran. Det har blitt \u00e5penbart mange ganger. Og sikkert det samme for USA. Men det er klart det er helt, helt feil n\u00e5r regimet p\u00e5st\u00e5r at det er \u00e5rsaken til det som skjer, sa Utvik til NRK.<\/p>\n<ul class=\"dhpg__gallery__list\">\n<li class=\"dhpg__gallery__listItem\"><img alt=\"Bj\u00f8rn Olav Utvik - Mann med gr\u00e5tt h\u00e5r og brun jakke, sort t-skjorte under\"  width=\"2400\" height=\"2400\" loading=\"lazy\"\/>Bj\u00f8rn Olav Utvik\n<ul>\n<li>Professor i Midt\u00f8stens historie ved UiO.<\/li>\n<li>Iran-ekspert<\/li>\n<\/ul>\n<p>Foto: Universitetet i Oslo<\/p>\n<\/li>\n<\/ul>\n<p>\u2013 Dette er jo oppt\u00f8yer som springer ut av enorm frustrasjon og misn\u00f8ye i Iran. B\u00e5de med \u00f8konomiske forhold og politiske forhold.<\/p>\n<p>Mange drept<\/p>\n<p>Internettet i landet n\u00e5 har v\u00e6rt nede i over 60 timer, if\u00f8lge NetBlocks. Likevel kommer det ut informasjon om situasjonen i landet.<\/p>\n<p>Menneskerettighetsgrupper har rapportert om dusinvis av d\u00f8de. Tallene over hvor mange som er drept i demonstrasjonene spriker fra 60 til over 110 personer.<\/p>\n<p>En iransk lege i byen Neyshabur i den nord\u00f8stlige delen av landet, forteller til CNN p\u00e5 en lydmelding at forholdene p\u00e5 sykehusene er \u00abekstremt kaotiske.\u00bb<\/p>\n<p>\u2013 Pasientene er livredde for \u00e5 skrive seg inn og bli identifisert, derfor pr\u00f8ver vi \u00e5 informere folk og behandle dem privat p\u00e5 klinikkene, sier legen.<\/p>\n<p>En sykehusarbeider i Teheran som <a href=\"https:\/\/www.bbc.com\/news\/articles\/cm2jek15m8no\" ec-id=\"https:\/\/www.bbc.com\/news\/articles\/cm2jek15m8no\" ec-name=\"BBC\" rel=\"nofollow noopener\" target=\"_blank\">BBC<\/a> har snakket med, beskrev \u00abgrusomme scener\u00bb, og sa at det var s\u00e5 mange s\u00e5rede som kom inn at de ansatte ikke hadde tid til \u00e5 ta CPR, og at likhuset ikke hadde plass til alle de d\u00f8de.<\/p>\n<p>Bekymret for fremtiden<\/p>\n<p>Generalsekret\u00e6r Jan Egeland i Flyktninghjelpen sier til NRK at organisasjonens hjelpearbeidere er sv\u00e6rt bekymret for fremtiden til Iran.<\/p>\n<p><img decoding=\"async\"   src=\"data:image\/gif;base64,R0lGODlhAQABAIAAAAAAAP\/\/\/yH5BAEAAAAALAAAAAABAAEAAAIBRAA7\" loading=\"eager\" alt=\"En mann med gr\u00e5tt h\u00e5r st\u00e5r foran en bl\u00e5 bakgrunn, if\u00f8rt en lys skjorte og m\u00f8rk jakke. Han ser ut til \u00e5 v\u00e6re i samtale med en annen person. Den andre personen er delvis synlig i bildet, med lysere h\u00e5r. Det er f\u00e5 detaljer i omgivelsene som gir kontekst til situasjonen. (Bildebeskrivelsen er laget av en KI-tjeneste)\" title=\"Foto: Christian Ziegler Remme \/ NRK\"\/><\/p>\n<p class=\"\">Jan Egeland er generalsekret\u00e6r i Flyktninghjelpen. Organisasjonen er en av de f\u00e5 som er igjen i Iran. <\/p>\n<p>Foto: Christian Ziegler Remme \/ NRK<\/p>\n<p>\u2013 Vi har v\u00e5rt hovedkvarter i Teheran, som er mer eller mindre lammet av enorme demonstrasjoner og ogs\u00e5 veldig harde mottiltak fra regimet.<\/p>\n<p>Egeland sier det er blitt vanskeligere \u00e5 jobbe i landet.<\/p>\n<p>\u2013 Men vi klarer fortsatt, som en av de f\u00e5 hjelpeorganisasjonene, \u00e5 opprettholde virksomhet i Iran. F\u00f8r var det mange hjelpeorganisasjoner der. N\u00e5 har vi noen ytterst f\u00e5 igjen.<\/p>\n<p>Publisert<\/p>\n<p>11.01.2026, kl. 09.00<\/p>\n<p>Oppdatert<\/p>\n<p>11.01.2026, kl. 10.25<\/p>\n","protected":false},"excerpt":{"rendered":"\u2013 Ethvert angrep fra USA vil f\u00f8re til at Teheran angriper Israel og amerikanske baser i regionen, sier&hellip;\n","protected":false},"author":2,"featured_media":62464,"comment_status":"","ping_status":"","sticky":false,"template":"","format":"standard","meta":{"footnotes":""},"categories":[5],"tags":[20,21,24,25,15,19,22,23,17,18,13,30,28,29,14,16,26,27],"class_list":{"0":"post-134439","1":"post","2":"type-post","3":"status-publish","4":"format-standard","5":"has-post-thumbnail","7":"category-overskrifter","8":"tag-breaking-news","9":"tag-breakingnews","10":"tag-featured-news","11":"tag-featurednews","12":"tag-headlines","13":"tag-hovedoppslag","14":"tag-latest-news","15":"tag-latestnews","16":"tag-main-news","17":"tag-mainnews","18":"tag-news","19":"tag-no","20":"tag-norge","21":"tag-norway","22":"tag-nyheter","23":"tag-overskrifter","24":"tag-top-stories","25":"tag-topstories"},"share_on_mastodon":{"url":"https:\/\/pubeurope.com\/@no\/115875785199123042","error":""},"_links":{"self":[{"href":"https:\/\/www.europesays.com\/no\/wp-json\/wp\/v2\/posts\/134439","targetHints":{"allow":["GET"]}}],"collection":[{"href":"https:\/\/www.europesays.com\/no\/wp-json\/wp\/v2\/posts"}],"about":[{"href":"https:\/\/www.europesays.com\/no\/wp-json\/wp\/v2\/types\/post"}],"author":[{"embeddable":true,"href":"https:\/\/www.europesays.com\/no\/wp-json\/wp\/v2\/users\/2"}],"replies":[{"embeddable":true,"href":"https:\/\/www.europesays.com\/no\/wp-json\/wp\/v2\/comments?post=134439"}],"version-history":[{"count":0,"href":"https:\/\/www.europesays.com\/no\/wp-json\/wp\/v2\/posts\/134439\/revisions"}],"wp:featuredmedia":[{"embeddable":true,"href":"https:\/\/www.europesays.com\/no\/wp-json\/wp\/v2\/media\/62464"}],"wp:attachment":[{"href":"https:\/\/www.europesays.com\/no\/wp-json\/wp\/v2\/media?parent=134439"}],"wp:term":[{"taxonomy":"category","embeddable":true,"href":"https:\/\/www.europesays.com\/no\/wp-json\/wp\/v2\/categories?post=134439"},{"taxonomy":"post_tag","embeddable":true,"href":"https:\/\/www.europesays.com\/no\/wp-json\/wp\/v2\/tags?post=134439"}],"curies":[{"name":"wp","href":"https:\/\/api.w.org\/{rel}","templated":true}]}}