{"id":134462,"date":"2026-01-11T09:56:08","date_gmt":"2026-01-11T09:56:08","guid":{"rendered":"https:\/\/www.europesays.com\/no\/134462\/"},"modified":"2026-01-11T09:56:08","modified_gmt":"2026-01-11T09:56:08","slug":"bilbrann-pa-e6","status":"publish","type":"post","link":"https:\/\/www.europesays.com\/no\/134462\/","title":{"rendered":"Bilbrann p\u00e5 E6"},"content":{"rendered":"<p> \u00d8st politidistrikt meldte klokka 09.19 s\u00f8ndag om en bilbrann p\u00e5 E6 i s\u00f8rg\u00e5ende felt ved Djupdalstoppen, nord for Oslo.\u00a0<\/p>\n<p>Ingen personer er skadd i brannen, opplyser politiet. <\/p>\n<p>&#8211; Brannen er slukket og bilen er totalt utbrent. Bilberger ankom stedet n\u00e5 nettopp, opplyser operasjonsleder i \u00d8st politidistrikt, Rune Isaksen, til Dagbladet like f\u00f8r klokka 10.<\/p>\n<p>        <img loading=\"lazy\" decoding=\"async\" src=\"https:\/\/www.europesays.com\/no\/wp-content\/uploads\/2026\/01\/84083173.webp.webp\" width=\"686\" height=\"522\" title=\"\u00c5PNE FLAMMER: F\u00f8rer har forklart overfor politiet at bilen fikk sleng og havnet i autovernet. Seinere tok bilen fyr. Foto: Tipser\" alt=\"\" class=\"\" style=\"--aspect-ratio-image: 1.31; \"\/><\/p>\n<p>\n        \u00c5PNE FLAMMER: F\u00f8rer har forklart overfor politiet at bilen fikk sleng og havnet i autovernet. Seinere tok bilen fyr. Foto: Tipser\n    <\/p>\n<p>Politiet opplyste tidligere at det er glatt p\u00e5 stedet.<\/p>\n<p>&#8211; Det er for tidlig \u00e5 si om dette er \u00e5rsak til ulykken, men f\u00f8rer har forklart at han fikk sleng p\u00e5 bilen og krasjet i autovernet og kj\u00f8rte deretter ut p\u00e5 veiskulderen. Etter en liten stund begynte bilen \u00e5 brenne, sier operasjonslederen.<\/p>\n<p>    <a itemprop=\"url\" href=\"https:\/\/www.dagbladet.no\/nyheter\/de-tok-livet-av-pappa\/83953019\" rel=\"nofollow noopener\" target=\"_blank\"><\/p>\n<p>        <img loading=\"lazy\" decoding=\"async\" src=\"https:\/\/www.europesays.com\/no\/wp-content\/uploads\/2026\/01\/83973389.webp.webp\" width=\"980\" height=\"441\" title=\"- Dere tok livet av pappa\" alt=\"\" class=\"lazyload\" style=\"--aspect-ratio-image: 2.22; \"\/><\/p>\n<p>        &#8211; Dere tok livet av pappa<\/p>\n<p>    <\/a><\/p>\n<p>Det var ingen andre kj\u00f8ret\u00f8y involvert, if\u00f8lge politiet.\u00a0<\/p>\n<p>Sj\u00e5f\u00f8ren, en mann i 20-\u00e5ra, er kj\u00f8rt til legevakt for en helsesjekk, meldes det.<\/p>\n<p>Like f\u00f8r halv elleve meldes veien \u00e5 v\u00e6re ryddet og at det er fri ferdsel p\u00e5 stedet. Veien meldes \u00e5 v\u00e6re glatt.\u00a0<\/p>\n","protected":false},"excerpt":{"rendered":"\u00d8st politidistrikt meldte klokka 09.19 s\u00f8ndag om en bilbrann p\u00e5 E6 i s\u00f8rg\u00e5ende felt ved Djupdalstoppen, nord for&hellip;\n","protected":false},"author":2,"featured_media":134463,"comment_status":"","ping_status":"","sticky":false,"template":"","format":"standard","meta":{"footnotes":""},"categories":[12],"tags":[20,21,24,25,15,2539,22,23,13,30,28,29,14,16,26,27,42,43,44,45],"class_list":{"0":"post-134462","1":"post","2":"type-post","3":"status-publish","4":"format-standard","5":"has-post-thumbnail","7":"category-verden","8":"tag-breaking-news","9":"tag-breakingnews","10":"tag-featured-news","11":"tag-featurednews","12":"tag-headlines","13":"tag-innenriks","14":"tag-latest-news","15":"tag-latestnews","16":"tag-news","17":"tag-no","18":"tag-norge","19":"tag-norway","20":"tag-nyheter","21":"tag-overskrifter","22":"tag-top-stories","23":"tag-topstories","24":"tag-verden","25":"tag-world","26":"tag-world-news","27":"tag-worldnews"},"share_on_mastodon":{"url":"https:\/\/pubeurope.com\/@no\/115875871866733814","error":""},"_links":{"self":[{"href":"https:\/\/www.europesays.com\/no\/wp-json\/wp\/v2\/posts\/134462","targetHints":{"allow":["GET"]}}],"collection":[{"href":"https:\/\/www.europesays.com\/no\/wp-json\/wp\/v2\/posts"}],"about":[{"href":"https:\/\/www.europesays.com\/no\/wp-json\/wp\/v2\/types\/post"}],"author":[{"embeddable":true,"href":"https:\/\/www.europesays.com\/no\/wp-json\/wp\/v2\/users\/2"}],"replies":[{"embeddable":true,"href":"https:\/\/www.europesays.com\/no\/wp-json\/wp\/v2\/comments?post=134462"}],"version-history":[{"count":0,"href":"https:\/\/www.europesays.com\/no\/wp-json\/wp\/v2\/posts\/134462\/revisions"}],"wp:featuredmedia":[{"embeddable":true,"href":"https:\/\/www.europesays.com\/no\/wp-json\/wp\/v2\/media\/134463"}],"wp:attachment":[{"href":"https:\/\/www.europesays.com\/no\/wp-json\/wp\/v2\/media?parent=134462"}],"wp:term":[{"taxonomy":"category","embeddable":true,"href":"https:\/\/www.europesays.com\/no\/wp-json\/wp\/v2\/categories?post=134462"},{"taxonomy":"post_tag","embeddable":true,"href":"https:\/\/www.europesays.com\/no\/wp-json\/wp\/v2\/tags?post=134462"}],"curies":[{"name":"wp","href":"https:\/\/api.w.org\/{rel}","templated":true}]}}