{"id":134472,"date":"2026-01-11T10:12:10","date_gmt":"2026-01-11T10:12:10","guid":{"rendered":"https:\/\/www.europesays.com\/no\/134472\/"},"modified":"2026-01-11T10:12:10","modified_gmt":"2026-01-11T10:12:10","slug":"ciao-norvegia-disse-flyttet-til-sveits-i-2025-e24","status":"publish","type":"post","link":"https:\/\/www.europesays.com\/no\/134472\/","title":{"rendered":"Ciao, Norvegia! Disse flyttet til Sveits i 2025 \u2013 E24"},"content":{"rendered":"<p class=\"fullWidthDesktop hyperion-css-71ztg2\" data-test-tag=\"lead-text\">Flere kjente nordmenn har pakket kofferten for lavere skatter i Sveits.<\/p>\n<p><img decoding=\"async\" class=\"image-asset hyperion-css-u06ts1\" data-test-tag=\"image-asset\" src=\"https:\/\/www.europesays.com\/no\/wp-content\/uploads\/2026\/01\/7559eb5a-269e-45c8-9136-206d103cbc6a.jpeg\"  alt=\"PAKKET KOFFERTEN: \u00d8ystein Stray Spetalen har flyttet til Lugano i Sveits. \"  loading=\"eager\" fetchpriority=\"high\" style=\"aspect-ratio:1900 \/ 1353\"\/>PAKKET KOFFERTEN: \u00d8ystein Stray Spetalen har flyttet til Lugano i Sveits. Foto: Mattis Sandblad \/ VGPublisert: Publisert: <\/p>\n<p>For mindre enn 20 minutter siden<\/p>\n<ul class=\"hyperion-css-pte5x0\">\n<li aria-label=\"link\" class=\"narrow-button hyperion-css-1sz7d3n\">Kopier lenke<\/li>\n<li aria-label=\"link\" class=\"wide-button hyperion-css-1sz7d3n\">Kopier lenke<\/li>\n<li aria-label=\"facebook\" class=\"narrow-button hyperion-css-1sz7d3n\">Del p\u00e5 Facebook<\/li>\n<li aria-label=\"facebook\" class=\"wide-button hyperion-css-1sz7d3n\">Del p\u00e5 Facebook<\/li>\n<li aria-label=\"email\" class=\"narrow-button hyperion-css-1sz7d3n\">Del med e-post<\/li>\n<li aria-label=\"email\" class=\"wide-button hyperion-css-1sz7d3n\">Del med e-post<\/li>\n<\/ul>\n<p class=\"hyperion-css-1lemvax\">Milliard\u00e6rer, forretningsfolk og gr\u00fcndere er blant dem som har pakket kofferten og flyttet s\u00f8rover i 2025.<\/p>\n<p class=\"hyperion-css-1lemvax\">Velst\u00e5ende nordmenns flukt til Sveits har blitt et mye omtalt tema, ogs\u00e5 i <a data-test-tag=\"internal-link\" href=\"https:\/\/e24.no\/norsk-oekonomi\/i\/eMjAjR\/ft-norges-rikeste-flykter-til-sveits-kan-avgjoere-valget\" class=\"hyperion-css-1rezu2g\" rel=\"nofollow noopener\" target=\"\" aria-label=\"internasjonal presse\">internasjonal presse<\/a>. <\/p>\n<p><a data-test-tag=\"teaser-small:link-internal\" href=\"https:\/\/e24.no\/norsk-oekonomi\/i\/zApM49\/mange-rike-norske-i-sveits-vil-dra-til-sverige\" class=\"imagePosition-top inline hyperion-css-6238vu\" rel=\"nofollow noopener\" target=\"\" aria-label=\"De rike vil til Sverige\"><\/p>\n<p>Les p\u00e5 E24+<\/p>\n<p>De rike vil til Sverige<\/p>\n<p><\/a><\/p>\n<p class=\"hyperion-css-1lemvax\">Blant fjor\u00e5rets utflyttere finner vi \u00d8ystein Stray Spetalen. <\/p>\n<p class=\"hyperion-css-1lemvax\">Investoren og forretningsmannen<a data-test-tag=\"internal-link\" href=\"https:\/\/e24.no\/boers-og-finans\/i\/OoRpBb\/spetalen-har-meldt-flytting-til-resort-i-sveits\" class=\"hyperion-css-1rezu2g\" rel=\"nofollow noopener\" target=\"\" aria-label=\" flyttet\"> flyttet<\/a> alene til luksus- og leilighetshotellet Collina d&#8217;Oro Resort i Lugano, Sveits, etter \u00e5 ha blitt <a data-test-tag=\"internal-link\" href=\"https:\/\/e24.no\/boers-og-finans\/i\/wgy6kn\/oeystein-stray-spetalen-og-kona-er-separert\" class=\"hyperion-css-1rezu2g\" rel=\"nofollow noopener\" target=\"\" aria-label=\"separert fra kona Charlotte Spetalen. \">separert fra kona Charlotte Spetalen. <\/a><\/p>\n<p class=\"hyperion-css-1lemvax\"><a data-test-tag=\"internal-link\" href=\"https:\/\/e24.no\/naeringsliv\/i\/pP0wyX\/paa-innsiden-av-spetalens-nye-hjem\" class=\"hyperion-css-1rezu2g\" rel=\"nofollow noopener\" target=\"\" aria-label=\"E24\">E24<\/a> tok turen og fikk se julepynten p\u00e5 plass i lobbyen til resorten. <\/p>\n<p class=\"hyperion-css-1lemvax\">Itera-sjef og grunnlegger, Arne Mj\u00f8s, fulgte Spetalen ned til Sveits \u2013 i likhet med daglig leder av Auzura Invest, Erik Antvedt Aarnes, i l\u00f8pet av \u00e5ret som gikk. <\/p>\n<p class=\"hyperion-css-1lemvax\">Ogs\u00e5 den danske helsegr\u00fcnderen Jesper Nelin Ganc-Petersen, har meldt flytting til Sveits. Han har tjent godt p\u00e5 betalingsautomater p\u00e5 legekontorer rundt om i Norge. <\/p>\n<p class=\"hyperion-css-1lemvax\">Bedriftseieren og hanskemillion\u00e6r, Ole Marthon Granberg, er ogs\u00e5 p\u00e5 listen. Han flyttet fra Norge i protest mot formuesskatten som han har kalt \u00abhighway robbery\u00bb i <a aria-label=\"DN\" class=\"default hyperion-css-1rezu2g\" href=\"https:\/\/www.dn.no\/marked\/formuesskatt\/sveits\/flytting\/hanskekongen-flytter-til-sveits-i-protest-mot-formuesskatten-grov-overprising\/2-1-1902577\" rel=\"noopener nofollow noreferrer\" data-test-tag=\"external-link\" target=\"_blank\">DN<\/a>. <\/p>\n<p class=\"hyperion-css-1lemvax\">Det samme gjelder Filip Gilbert K Schelfhout, som har blitt beskrevet som Sandes rikeste bedriftsleder av <a aria-label=\"Sande Avis.\" class=\"default hyperion-css-1rezu2g\" href=\"https:\/\/www.sandeavis.no\/her-er-sandes-rikeste-bedriftsledere-en-ekstra-motivasjon\/s\/5-72-298290\" rel=\"noopener nofollow noreferrer\" data-test-tag=\"external-link\" target=\"_blank\">Sande Avis.<\/a> If\u00f8lge proff.no er Schelfhout styreleder for Norbeluk og NordicEPOD, i tillegg til \u00e5 v\u00e6re styremedlem for Mecwide Nordics. <\/p>\n<p>Exitskatten<\/p>\n<p class=\"hyperion-css-1lemvax\">Mens noen Sveits-utflyttere flykter fra norske skatter, drar andre i s\u00f8k etter vekstkapitalvekstkapitalVekstkapital er penger som investeres i et selskap for \u00e5 hjelpe det med \u00e5 vokse og utvikle seg videre. , slik som <a data-test-tag=\"internal-link\" href=\"https:\/\/e24.no\/boers-og-finans\/i\/W0nP4k\/biotek-grunder-flyttet-til-sveits-skatt-var-ikke-driveren\" class=\"hyperion-css-1rezu2g\" rel=\"nofollow noopener\" target=\"\" aria-label=\"Biotek-gr\u00fcnderen Armend H\u00e5ti\">Biotek-gr\u00fcnderen Armend H\u00e5ti<\/a> som flyttet i 2024. <\/p>\n<p class=\"hyperion-css-1lemvax\">Det har v\u00e6rt relativt jevnt niv\u00e5 av utflyttere de siste fire \u00e5rene, men klart flest flyttet i 2023. <\/p>\n<p class=\"hyperion-css-1lemvax\">Partner og advokat Harald Hauge i Wikborg Rein forteller at de s\u00e5 en \u00f8kning av folk som \u00f8nsket bistand ved utflytting av Norge i h\u00f8st. <\/p>\n<p class=\"hyperion-css-1lemvax\">\u2013 Det begynte vel egentlig de siste ukene inn mot valget n\u00e5r folk s\u00e5 hvor det bar. Ogs\u00e5 etter valget var det p\u00e5f\u00f8lgende interesse og diskusjoner rundt utflytting, sier Hauge. <\/p>\n<p class=\"hyperion-css-1lemvax\">Han peker p\u00e5 det norske skatteklimaet, strengere exitskattereglerexitskattereglerExitskatten inneb\u00e6rer at du skattelegges for urealisert gevinst p\u00e5 visse eiendeler (typisk aksjer, eierandeler og opsjoner) n\u00e5r du flytter skattemessig ut av Norge. og det politiske klimaet generelt som \u00e5rsaker til at folk \u00f8nsker \u00e5 flytte. <\/p>\n<p><img decoding=\"async\" class=\"image-asset hyperion-css-n6kkq1\" data-test-tag=\"image-asset\" src=\"https:\/\/www.europesays.com\/no\/wp-content\/uploads\/2026\/01\/e1e81b44-51be-41ef-818c-4330228f753f.jpeg\"  alt=\"\"  fetchpriority=\"auto\" style=\"aspect-ratio:1900 \/ 2850\"\/>Harald Hauge<\/p>\n<p class=\"hyperion-css-1lemvax\">Partner og advokat i Wikborg Rein<\/p>\n<p class=\"hyperion-css-1lemvax\">\u2013 Exitskatten er egentlig bare ment \u00e5 skulle fange opp det som er Norges \u00abfair share\u00bb av verdistigningen, s\u00e5 s\u00e5nn sett er exitskatt noe vi skal ha. <\/p>\n<p class=\"hyperion-css-1lemvax\">Men den kan bli et problem for gr\u00fcndere som f\u00e5r en h\u00f8y verdsettelse av ideen sin tidlig, mener Hauge. <\/p>\n<p class=\"hyperion-css-1lemvax\">\u2013 Veldig mange flytter jo ikke p\u00e5 grunn av skatt, men fordi de vil opps\u00f8ke teknologihubber eller \u00ab\u00f8kosystemer\u00bb der de kan utvikle ideene sine videre og hvor de finner de riktige investormilj\u00f8ene, sier advokaten. <\/p>\n<p class=\"hyperion-css-1lemvax\">Har man da f\u00e5tt en verdsettelse av selskapet p\u00e5 for eksempel 10 millioner kroner vil dette medf\u00f8re exitskatt som kan v\u00e6re en stor sum \u00e5 betale for et selskap som s\u00e5 vidt har begynt driften. <\/p>\n<p class=\"hyperion-css-1lemvax\">\u2013 Exitskatten har hatt den paradoksale effekten at den medf\u00f8rer et press p\u00e5 \u00e5 flytte tidlig, sier Hauge.<\/p>\n<p class=\"hyperion-css-1lemvax\">Samtidig mener advokaten at exitskatten kan bli et hinder for h\u00f8yt kvalifiserte personer                                                                                                                                                                                      som gr\u00fcndermilj\u00f8ene trenger, og som vurderer \u00e5 flytte til Norge, fordi de risikerer \u00e5 m\u00e5tte betale exitskatt dersom de senere flytter ut igjen. <\/p>\n<p class=\"hyperion-css-1lemvax\">\u2013 Andre land vi konkurrerer med har unntak for slike midlertidige opphold.<\/p>\n<p>Gode jobbmuligheter<\/p>\n<p class=\"hyperion-css-1lemvax\">Men det er ikke bare skatt som kan v\u00e6re en driver for at folk flytter. <\/p>\n<p class=\"hyperion-css-1lemvax\">Ogs\u00e5 forskere som Vilde Flognfeldt Rieker har dratt s\u00f8rover til fordel for jobben p\u00e5 PSI Paul Scherrer Institut. <\/p>\n<p class=\"hyperion-css-1lemvax\">P\u00e5 fritiden har hun gjennomf\u00f8rt flere ultral\u00f8p, som <a aria-label=\"Tekna\" class=\"default hyperion-css-1rezu2g\" href=\"https:\/\/www.tekna.no\/magasinet\/ultralopende-partikkelfysiker\/\" rel=\"noopener nofollow noreferrer\" data-test-tag=\"external-link\" target=\"_blank\">Tekna<\/a> har omtalt. <\/p>\n<p class=\"hyperion-css-1lemvax\">Andre som har flyttet for karrieren er skipsmegler i Fearnleys, Nicolay Erik Friis Tandberg. <\/p>\n<p class=\"hyperion-css-1lemvax\">\u2013 Flere ser at det kan v\u00e6re \u00f8konomisk gunstig \u00e5 jobbe noen \u00e5r i Sveits, og at det gir en spennende internasjonal erfaring som er verdifull p\u00e5 CV-en, har Tandberg sagt til <a aria-label=\"Finansavisen\" class=\"default hyperion-css-1rezu2g\" href=\"https:\/\/www.finansavisen.no\/karriere\/2025\/08\/28\/8286720\/stadig-flere-unge-velger-sveits-hoy-lonn-og-lav-skatt.-det-er-en-no-brainer\" rel=\"noopener nofollow noreferrer\" data-test-tag=\"external-link\" target=\"_blank\">Finansavisen<\/a>. <\/p>\n","protected":false},"excerpt":{"rendered":"Flere kjente nordmenn har pakket kofferten for lavere skatter i Sveits. PAKKET KOFFERTEN: \u00d8ystein Stray Spetalen har flyttet&hellip;\n","protected":false},"author":2,"featured_media":134473,"comment_status":"","ping_status":"","sticky":false,"template":"","format":"standard","meta":{"footnotes":""},"categories":[10],"tags":[20,21,24,25,15,22,23,13,30,28,29,14,16,26,27],"class_list":{"0":"post-134472","1":"post","2":"type-post","3":"status-publish","4":"format-standard","5":"has-post-thumbnail","7":"category-norge","8":"tag-breaking-news","9":"tag-breakingnews","10":"tag-featured-news","11":"tag-featurednews","12":"tag-headlines","13":"tag-latest-news","14":"tag-latestnews","15":"tag-news","16":"tag-no","17":"tag-norge","18":"tag-norway","19":"tag-nyheter","20":"tag-overskrifter","21":"tag-top-stories","22":"tag-topstories"},"share_on_mastodon":{"url":"https:\/\/pubeurope.com\/@no\/115875934584829326","error":""},"_links":{"self":[{"href":"https:\/\/www.europesays.com\/no\/wp-json\/wp\/v2\/posts\/134472","targetHints":{"allow":["GET"]}}],"collection":[{"href":"https:\/\/www.europesays.com\/no\/wp-json\/wp\/v2\/posts"}],"about":[{"href":"https:\/\/www.europesays.com\/no\/wp-json\/wp\/v2\/types\/post"}],"author":[{"embeddable":true,"href":"https:\/\/www.europesays.com\/no\/wp-json\/wp\/v2\/users\/2"}],"replies":[{"embeddable":true,"href":"https:\/\/www.europesays.com\/no\/wp-json\/wp\/v2\/comments?post=134472"}],"version-history":[{"count":0,"href":"https:\/\/www.europesays.com\/no\/wp-json\/wp\/v2\/posts\/134472\/revisions"}],"wp:featuredmedia":[{"embeddable":true,"href":"https:\/\/www.europesays.com\/no\/wp-json\/wp\/v2\/media\/134473"}],"wp:attachment":[{"href":"https:\/\/www.europesays.com\/no\/wp-json\/wp\/v2\/media?parent=134472"}],"wp:term":[{"taxonomy":"category","embeddable":true,"href":"https:\/\/www.europesays.com\/no\/wp-json\/wp\/v2\/categories?post=134472"},{"taxonomy":"post_tag","embeddable":true,"href":"https:\/\/www.europesays.com\/no\/wp-json\/wp\/v2\/tags?post=134472"}],"curies":[{"name":"wp","href":"https:\/\/api.w.org\/{rel}","templated":true}]}}