{"id":134488,"date":"2026-01-11T10:33:23","date_gmt":"2026-01-11T10:33:23","guid":{"rendered":"https:\/\/www.europesays.com\/no\/134488\/"},"modified":"2026-01-11T10:33:23","modified_gmt":"2026-01-11T10:33:23","slug":"1000-dager-med-krig-randen-av-kollaps","status":"publish","type":"post","link":"https:\/\/www.europesays.com\/no\/134488\/","title":{"rendered":"1000 dager med krig: &#8211; Randen av kollaps"},"content":{"rendered":"<p class=\"kicker text-red color_mobile_text-red\" style=\"\">Sudan:<\/p>\n<p>    Borgerkrigen i Sudan har n\u00e5 rast i 1000 dager, men f\u00e5r liten oppmerksomhet. N\u00e6rmere 34 millioner mennesker i landet trenger n\u00e5 humanit\u00e6rhjelp, advarer WHO.<\/p>\n<p>\n    Borgerkrigen mellom regjeringsh\u00e6ren og RSF-militsen (bildet) i Sudan har n\u00e5 p\u00e5g\u00e5tt i 1000 dager og utl\u00f8st verdens verste humanit\u00e6re krise. Foto: AP \/ NTB\n  <\/p>\n<p>If\u00f8lge Verdens helseorganisasjon (WHO) har 21 millioner mennesker i Sudan desperat behov for matvarehjelp utenfra, og over 20 millioner mennesker trenger helsehjelp. <\/p>\n<p>1000 dager har g\u00e5tt siden det br\u00f8t ut kamper mellom Sudans regjeringsh\u00e6r under ledelse av kuppgeneralen Abdel Fattah al-Burhan og RSF-militsen under ledelse av hans tidligere allierte Mohamed Hamdan Dagalo. <\/p>\n<p>\nIngen vet hvor mange som er drept eller som har bukket under som f\u00f8lge av mangel p\u00e5 mat og helsehjelp i l\u00f8pet av krigen, men alt for ett \u00e5r siden anslo <a href=\"https:\/\/reliefweb.int\/report\/sudan\/forgotten-and-neglected-war-torn-sudan-has-become-worlds-leading-displacement-crisis\" target=\"_blank\" rel=\"nofollow noopener\">Migration Policy Institute<\/a> (MPI) at 150.000 liv var g\u00e5tt tapt.<\/p>\n<p>    Fakta om krigen i Sudan:<\/p>\n<ul>\n<li class=\"lab-bodytext-line\">\u00a0I april 2023 br\u00f8t det ut kamper mellom Sudans regjeringsh\u00e6r under ledelse av kuppgeneralen Abdel Fattah al-Burhan og RSF-militsen under ledelse av Mohamed Hamdan Dagalo.<\/li>\n<li class=\"lab-bodytext-line\">RSF ble dannet i 2013 med utgangspunkt i Janjaweed-militsen, som anklages for \u00e5 ha beg\u00e5tt omfattende krigsforbrytelser i Darfur-regionen p\u00e5 vegne av det dav\u00e6rende regimet i Khartoum.<\/li>\n<li class=\"lab-bodytext-line\">Krigen har krevd titusenvis av liv og drevet n\u00e6rmere 14 millioner mennesker p\u00e5 flukt.<\/li>\n<li class=\"lab-bodytext-line\">Over 4 millioner har funnet veien til naboland som Tsjad, S\u00f8r-Sudan, Etiopia og Egypt.\u00a0<\/li>\n<li class=\"lab-bodytext-line\">\u00a021 millioner mennesker lider if\u00f8lge FN av alvorlig matmangel og er avhengige av matvarehjelp utenfra.<\/li>\n<li class=\"lab-bodytext-line\">Begge parter i krigen anklages for \u00e5 bruke sult som v\u00e5pen og for \u00e5 hindre at nok n\u00f8dhjelp slipper inn.<\/li>\n<li class=\"lab-bodytext-line\">De anklages ogs\u00e5 for omfattende krigsforbrytelser og etnisk rensing.<\/li>\n<\/ul>\n<p>      Vis mer<br \/>\n      Vis mindre<\/p>\n<p>Masseflukt\t<\/p>\n<p>Krigen har ogs\u00e5 utl\u00f8st verdens st\u00f8rste flyktningkatastrofe der 13,6 millioner mennesker har lagt ut p\u00e5 vandring. Over 4 millioner av dem har s\u00f8kt tilflukt i naboland. <\/p>\n<p>        <img loading=\"lazy\" decoding=\"async\" src=\"https:\/\/www.europesays.com\/no\/wp-content\/uploads\/2026\/01\/84081829.webp.webp\" width=\"980\" height=\"559\" title=\"Sudans h\u00e6rsjef, kuppgeneralen Abdel-Fattah Burhan, jublet da regjeringsstyrkene gjenerobret presidentpalasset i Khartoum i mars i fjor. Foto: AP \/ NTB\" alt=\"\" class=\"\" style=\"--aspect-ratio-image: 1.75; \"\/><\/p>\n<p>\n        Sudans h\u00e6rsjef, kuppgeneralen Abdel-Fattah Burhan, jublet da regjeringsstyrkene gjenerobret presidentpalasset i Khartoum i mars i fjor. Foto: AP \/ NTB\n    <\/p>\n<p>Millioner av internt fordrevne lever i overfylte leirer, uten tilstrekkelig tilgang p\u00e5 mat, rent drikkevann, helsetilbud og andre livsn\u00f8dvendigheter.<\/p>\n<p>I ruiner\t<\/p>\n<p>Over en tredel av helsevesenet i Sudan er if\u00f8lge WHO lagt i ruiner etter gjentatte angrep, og landet mangler b\u00e5de helsepersonell, medisiner og finansiering.<\/p>\n<p>WHO har i l\u00f8pet av krigen verifisert over 200 angrep p\u00e5 helsetjenester, noe som har krevd 1858 liv. <\/p>\n<p>\u2013 1000 dager med krig i Sudan har drevet helsesystemet til randen av kollaps, sier WHOs representant i landet, Shible Sahbani. <\/p>\n<p>Kolera og malaria\t<\/p>\n<p>Barn blir ikke lenger vaksinert, og det meldes til stadighet om utbrudd av kolera, denguefeber, malaria og meslinger. If\u00f8lge WHO har det ogs\u00e5 v\u00e6rt kolerautbrudd i alle de 18 delstatene.<\/p>\n<p>WHO har til tross for krigshandlingene lykkes med \u00e5 vaksinere rundt 24 millioner mennesker mot kolera og har ogs\u00e5 bidratt til at flere har f\u00e5tt malariavaksine. <\/p>\n<p>3,3 millioner sudanere har ogs\u00e5 f\u00e5tt helsehjelp p\u00e5 WHO-st\u00f8ttede sykehus og mobile klinikker, men behovene er store. <\/p>\n<p>Mangler penger\t<\/p>\n<p>\u2013 Ettersom den n\u00e5del\u00f8se konflikten gj\u00f8r noen omr\u00e5der utilgjengelige, s\u00e6rlig i Darfur- og Kordofan-regionene, \u00f8ker befolkningens behov for helsehjelp, sier Sahbani. <\/p>\n<p>\u2013 For \u00e5 kunne m\u00f8te disse \u00f8kende behovene og forhindre at krisen kommer helt ut av kontroll, beh\u00f8ver WHO og v\u00e5re partnere trygg og uhindret tilgang til alle omr\u00e5der av Sudan, samt \u00f8kt finansiering, sier han. <\/p>\n<p>Verdens st\u00f8rste\t<\/p>\n<p>Andre organisasjoner har ogs\u00e5 sl\u00e5tt alarm, deriblant International Rescue Committee (IRC) som nylig slo fast at Sudan for tredje \u00e5r p\u00e5 rad er verdens st\u00f8rste humanit\u00e6re krise og den st\u00f8rste som noensinne er registrert.<\/p>\n<p>IRC-sjef David Miliband viser til at krigen i Sudan har resultert i masseflukt og massakrer, og at partene bruker sult og voldtekt som v\u00e5pen. <\/p>\n<p>B\u00e5de regjeringsh\u00e6ren og RSF anklages for omfattende krigsforbrytelser.<\/p>\n","protected":false},"excerpt":{"rendered":"Sudan: Borgerkrigen i Sudan har n\u00e5 rast i 1000 dager, men f\u00e5r liten oppmerksomhet. N\u00e6rmere 34 millioner mennesker&hellip;\n","protected":false},"author":2,"featured_media":134489,"comment_status":"","ping_status":"","sticky":false,"template":"","format":"standard","meta":{"footnotes":""},"categories":[12],"tags":[20,21,24,25,15,474,22,23,13,30,28,29,14,16,3918,26,27,42,43,44,45],"class_list":{"0":"post-134488","1":"post","2":"type-post","3":"status-publish","4":"format-standard","5":"has-post-thumbnail","7":"category-verden","8":"tag-breaking-news","9":"tag-breakingnews","10":"tag-featured-news","11":"tag-featurednews","12":"tag-headlines","13":"tag-krig","14":"tag-latest-news","15":"tag-latestnews","16":"tag-news","17":"tag-no","18":"tag-norge","19":"tag-norway","20":"tag-nyheter","21":"tag-overskrifter","22":"tag-sudan","23":"tag-top-stories","24":"tag-topstories","25":"tag-verden","26":"tag-world","27":"tag-world-news","28":"tag-worldnews"},"share_on_mastodon":{"url":"https:\/\/pubeurope.com\/@no\/115876017288428862","error":""},"_links":{"self":[{"href":"https:\/\/www.europesays.com\/no\/wp-json\/wp\/v2\/posts\/134488","targetHints":{"allow":["GET"]}}],"collection":[{"href":"https:\/\/www.europesays.com\/no\/wp-json\/wp\/v2\/posts"}],"about":[{"href":"https:\/\/www.europesays.com\/no\/wp-json\/wp\/v2\/types\/post"}],"author":[{"embeddable":true,"href":"https:\/\/www.europesays.com\/no\/wp-json\/wp\/v2\/users\/2"}],"replies":[{"embeddable":true,"href":"https:\/\/www.europesays.com\/no\/wp-json\/wp\/v2\/comments?post=134488"}],"version-history":[{"count":0,"href":"https:\/\/www.europesays.com\/no\/wp-json\/wp\/v2\/posts\/134488\/revisions"}],"wp:featuredmedia":[{"embeddable":true,"href":"https:\/\/www.europesays.com\/no\/wp-json\/wp\/v2\/media\/134489"}],"wp:attachment":[{"href":"https:\/\/www.europesays.com\/no\/wp-json\/wp\/v2\/media?parent=134488"}],"wp:term":[{"taxonomy":"category","embeddable":true,"href":"https:\/\/www.europesays.com\/no\/wp-json\/wp\/v2\/categories?post=134488"},{"taxonomy":"post_tag","embeddable":true,"href":"https:\/\/www.europesays.com\/no\/wp-json\/wp\/v2\/tags?post=134488"}],"curies":[{"name":"wp","href":"https:\/\/api.w.org\/{rel}","templated":true}]}}