{"id":134504,"date":"2026-01-11T11:02:06","date_gmt":"2026-01-11T11:02:06","guid":{"rendered":"https:\/\/www.europesays.com\/no\/134504\/"},"modified":"2026-01-11T11:02:06","modified_gmt":"2026-01-11T11:02:06","slug":"slik-takler-befolkningen-russiske-angrep-pa-strom-og-varme-nrk-urix-utenriksnyheter-og-dokumentarer","status":"publish","type":"post","link":"https:\/\/www.europesays.com\/no\/134504\/","title":{"rendered":"Slik takler befolkningen russiske angrep p\u00e5 str\u00f8m og varme \u2013 NRK Urix \u2013 Utenriksnyheter og -dokumentarer"},"content":{"rendered":"<p>\u2013 Vil du at jeg viser dere fisk?<\/p>\n<p>Oleksij har nettopp dratt opp en abbor s\u00e5 liten at han nesten skammer seg, men i fiskekrakken gjemmer det seg et dusin st\u00f8rre eksemplarer.<\/p>\n<p><img decoding=\"async\"   src=\"data:image\/gif;base64,R0lGODlhAQABAIAAAAAAAP\/\/\/yH5BAEAAAAALAAAAAABAAEAAAIBRAA7\" loading=\"eager\" alt=\"En person i jakke med refleksstriper st\u00e5r p\u00e5 sn\u00f8dekt is og holder en liten fisk. Bakgrunnen viser en skog med bare tr\u00e6r. Det er klart v\u00e6r og solen skinner. I n\u00e6rheten st\u00e5r et skilt med nummeret &quot;200&quot;. (Bildebeskrivelsen er laget av en KI-tjeneste)\" title=\"Foto: Fredrik Holme Tombra \/ NRK\"\/><\/p>\n<p>Foto: Fredrik Holme Tombra \/ NRK<\/p>\n<p>Han sitter noen hundre meter unna neste isfisker ved Trukhaniv-\u00f8yen, som ligger midt mellom Dnipro-elvens bredder i Kyiv. Flere har trosset kulden.<\/p>\n<p>Noen sk\u00f8yter rundt p\u00e5 ski, mens andre sitter t\u00e5lmodig og venter p\u00e5 napp.<\/p>\n<p>Det er bitende kaldt. De siste dagene har gradestokken jevnt over vist godt under minus ti.<\/p>\n<p>Russiske angrep mot kritisk infrastruktur har rammet innbyggerne hardt.<\/p>\n<p><img decoding=\"async\"   src=\"data:image\/gif;base64,R0lGODlhAQABAIAAAAAAAP\/\/\/yH5BAEAAAAALAAAAAABAAEAAAIBRAA7\" loading=\"eager\" alt=\"Et h\u00f8yt boligbygg er alvorlig skadet, med store hull i fasaden der det st\u00e5r i den m\u00f8rklagte byen. En lyskaster avdekker \u00f8delagte vinduer og synlige innredninger. (Bildebeskrivelsen er laget av en KI-tjeneste)\" title=\"Foto: Valentyn Ogirenko \/ Reuters \/ NTB\"\/><\/p>\n<p class=\"\">Flere boligblokker ble direkte truffet i angrepene natt til fredag. Her sees en bygning som ble truffet av en drone.<\/p>\n<p>Foto: Valentyn Ogirenko \/ Reuters \/ NTB<\/p>\n<p><strong>Natt til fredag v\u00e5knet mer enn en halv million uten str\u00f8m, mens 6000 av byens boligblokker hadde mistet varmen.<\/strong><\/p>\n<p>Fire mennesker d\u00f8de i angrepene. Den ene var en ambulansearbeider som hadde ankommet en av de sivile boligblokkene. Russland angrep \u00e9n gang til mot samme sted.<\/p>\n<p>Systematiske angrep mot kraftverk har p\u00e5g\u00e5tt over hele landet gjennom h\u00f8sten og vinteren. Dagen f\u00f8r angrepet mot hovedstaden, ble over \u00e9n million mennesker rammet av str\u00f8mbrudd i Dnipropetrovsk og Zaporizjzja.<\/p>\n<p>Sivile lider tungt under russisk ild.<\/p>\n<p><img decoding=\"async\"   src=\"data:image\/gif;base64,R0lGODlhAQABAIAAAAAAAP\/\/\/yH5BAEAAAAALAAAAAABAAEAAAIBRAA7\" loading=\"eager\" alt=\"Bildet viser et tettbygd omr\u00e5de med h\u00f8ye boligblokker i nattem\u00f8rket. Boligblokkene har m\u00f8rklagte vinduer p\u00e5 grunn av str\u00f8mbrudd.\" title=\"Foto: Yan Dobronosov \/ Reuters \/ NTB\"\/><\/p>\n<p class=\"\">Store byomr\u00e5der er gjentatte ganger uten str\u00f8m i Ukraina etter angrepene. Her fra Dnipro tidligere denne uka.<\/p>\n<p>Foto: Yan Dobronosov \/ Reuters \/ NTB<\/p>\n<p>\u2013 Det er bare tull<\/p>\n<p>Neste uke skal det bli enda kaldere. 20 minusgrader viser v\u00e6rprognosene til Yr.<\/p>\n<p>L\u00f8rdag formiddag meldte administrasjonen i Kyiv at de hadde f\u00e5tt beskjed om at all str\u00f8m m\u00e5tte kobles ut for \u00e5 f\u00e5 gjennomf\u00f8rt n\u00f8dvendige reparasjoner etter angrep p\u00e5 str\u00f8mnettet.<\/p>\n<p>Reparasjonene ble gjennomf\u00f8rt og str\u00f8mnettet ble s\u00e5 gradvis koblet inn igjen, men slike utkoblinger merkes.<\/p>\n<p>For de stopper ogs\u00e5 pumper for varmtvann, vannforsyning og mye av kollektivtilbudet i byen.<\/p>\n<p>Situasjonen er s\u00e5 dramatisk at Kyivs borgermester Vitalij Klitsjko har bedt folk \u00e5 forlate byen om de har mulighet til det.<\/p>\n<p>\u2013 Det er bare tull. Dette har skjedd f\u00f8r. Og hvor skal man s\u00e5 dra?<\/p>\n<p>Oleksij fnyser av forslaget. Han ler mens han drar frem fisken han ville vise.<\/p>\n<p>Tankene hans g\u00e5r til de som st\u00e5r ved fronten. Der er det tross alt mye verre.<\/p>\n<p>\u2013 Folket v\u00e5rt kan h\u00e5ndtere enhver vanskelig situasjon.<\/p>\n<p>\u2013 Ta p\u00e5 deg ullundert\u00f8y, s\u00e5 klarer du deg! Se her s\u00e5 skal jeg vise deg, sier han, og drar ned glidel\u00e5sen for \u00e5 vise frem bekledningen.<\/p>\n<p>Sliter med \u00e5 varme hjemmet<\/p>\n<p>Innbyggerne fors\u00f8ker etter beste evne \u00e5 se det positive i situasjonen, og skape seg en slags normal i all galskapen.<\/p>\n<p><img decoding=\"async\"   src=\"data:image\/gif;base64,R0lGODlhAQABAIAAAAAAAP\/\/\/yH5BAEAAAAALAAAAAABAAEAAAIBRAA7\" loading=\"eager\" alt=\"En hvit boks som inneholder en dielsedrevet str\u00f8mgenerator sees parkert langs gata mellom biler i Kyiv.\" title=\"Foto: Oleksandr Techynskyi \/ NRK\"\/><\/p>\n<p class=\"\">Slike generatorer er blitt et vanlig syn i Kyiv.<\/p>\n<p>Foto: Oleksandr Techynskyi \/ NRK<\/p>\n<p>I Ukrainas hovedstad er det blitt vanlig med durende dieseldrevne str\u00f8mgeneratorer. Slik klarer en del butikker, bygninger og de som har penger og tilgang til drivstoff skaffe seg litt str\u00f8m til det aller mest n\u00f8dvendige.<\/p>\n<p>Folk har l\u00e6rt \u00e5 gripe muligheten n\u00e5r det finnes et lyspunkt. Men ikke alle deler oppfatningen om at det er tull \u00e5 forlate byen.<\/p>\n<p>Volodymyr som sitter med en kompis noen hundre meter unna er ikke like avvisende.<\/p>\n<p>\u2013 De har nok gjort seg opp noen tanker n\u00e5r de sier slik. Kanskje vi burde finne et varmere sted p\u00e5 landsbygden, n\u00e6r en peis.<\/p>\n<p><img decoding=\"async\"   src=\"data:image\/gif;base64,R0lGODlhAQABAIAAAAAAAP\/\/\/yH5BAEAAAAALAAAAAABAAEAAAIBRAA7\" loading=\"eager\" alt=\"En person st\u00e5r p\u00e5 en sn\u00f8dekt innsj\u00f8 og borer et hull i isen. I bakgrunnen sees en by med flere bygninger og et klokket\u00e5rn. Det er lavt lys og overskyet himmel, som gir en kald atmosf\u00e6re. Omr\u00e5det rundt innsj\u00f8en er delvis dekket av tr\u00e6r og bygninger. (Bildebeskrivelsen er laget av en KI-tjeneste)\" title=\"Foto: Oleksandr Techynskyi \/ NRK\"\/><\/p>\n<p class=\"\">Volodymyr st\u00e5r ute p\u00e5 isen der den lille Matijiv-gulfen m\u00f8ter Dnipro-elven. Han fryser oftere enn vanlig denne vinteren. <\/p>\n<p>Foto: Oleksandr Techynskyi \/ NRK<\/p>\n<p>Han har sikret seg med reservestr\u00f8m i boligen, nok til varme mat, lyse opp rommene og bruke internett. Men det er langt fra normale tilstander.<\/p>\n<p>\u2013 Det er vanskelig \u00e5 holde varmen hjemme. Barna er knapt p\u00e5 skolen. Det er mange negative konsekvenser, forteller Volodymyr, og trekker pusten.\n<\/p>\n<p><img decoding=\"async\"   src=\"data:image\/gif;base64,R0lGODlhAQABAIAAAAAAAP\/\/\/yH5BAEAAAAALAAAAAABAAEAAAIBRAA7\" loading=\"eager\" alt=\"En person st\u00e5r p\u00e5 islagt vann, if\u00f8rt en varmt vinterjakk og hansker. Det finnes en fiskehull i n\u00e6rheten, samt en fiskeutstyrskasse. Bakgrunnen viser et sn\u00f8dekt landskap med tr\u00e6r og bygninger, og en bro kan sees i det fjerne. Dagen er klar, med noen skyer p\u00e5 himmelen. (Bildebeskrivelsen er laget av en KI-tjeneste)\" title=\"Foto: Fredrik Holme Tombra \/ NRK\"\/><\/p>\n<p class=\"\">Volodymyr bruker fritiden til \u00e5 fange fisk. <\/p>\n<p>Foto: Fredrik Holme Tombra \/ NRK<\/p>\n<p>\u2013 Vi har gass, men ikke nok til \u00e5 varme hele leiligheten. Vi har ikke hatt str\u00f8m i mer enn en time-halvannen siden i g\u00e5r.<\/p>\n<p>Publisert<\/p>\n<p>11.01.2026, kl. 11.24<\/p>\n","protected":false},"excerpt":{"rendered":"\u2013 Vil du at jeg viser dere fisk? Oleksij har nettopp dratt opp en abbor s\u00e5 liten at&hellip;\n","protected":false},"author":2,"featured_media":134505,"comment_status":"","ping_status":"","sticky":false,"template":"","format":"standard","meta":{"footnotes":""},"categories":[12],"tags":[20,21,24,25,15,22,23,13,30,28,29,14,16,26,27,42,43,44,45],"class_list":{"0":"post-134504","1":"post","2":"type-post","3":"status-publish","4":"format-standard","5":"has-post-thumbnail","7":"category-verden","8":"tag-breaking-news","9":"tag-breakingnews","10":"tag-featured-news","11":"tag-featurednews","12":"tag-headlines","13":"tag-latest-news","14":"tag-latestnews","15":"tag-news","16":"tag-no","17":"tag-norge","18":"tag-norway","19":"tag-nyheter","20":"tag-overskrifter","21":"tag-top-stories","22":"tag-topstories","23":"tag-verden","24":"tag-world","25":"tag-world-news","26":"tag-worldnews"},"share_on_mastodon":{"url":"https:\/\/pubeurope.com\/@no\/115876131250778766","error":""},"_links":{"self":[{"href":"https:\/\/www.europesays.com\/no\/wp-json\/wp\/v2\/posts\/134504","targetHints":{"allow":["GET"]}}],"collection":[{"href":"https:\/\/www.europesays.com\/no\/wp-json\/wp\/v2\/posts"}],"about":[{"href":"https:\/\/www.europesays.com\/no\/wp-json\/wp\/v2\/types\/post"}],"author":[{"embeddable":true,"href":"https:\/\/www.europesays.com\/no\/wp-json\/wp\/v2\/users\/2"}],"replies":[{"embeddable":true,"href":"https:\/\/www.europesays.com\/no\/wp-json\/wp\/v2\/comments?post=134504"}],"version-history":[{"count":0,"href":"https:\/\/www.europesays.com\/no\/wp-json\/wp\/v2\/posts\/134504\/revisions"}],"wp:featuredmedia":[{"embeddable":true,"href":"https:\/\/www.europesays.com\/no\/wp-json\/wp\/v2\/media\/134505"}],"wp:attachment":[{"href":"https:\/\/www.europesays.com\/no\/wp-json\/wp\/v2\/media?parent=134504"}],"wp:term":[{"taxonomy":"category","embeddable":true,"href":"https:\/\/www.europesays.com\/no\/wp-json\/wp\/v2\/categories?post=134504"},{"taxonomy":"post_tag","embeddable":true,"href":"https:\/\/www.europesays.com\/no\/wp-json\/wp\/v2\/tags?post=134504"}],"curies":[{"name":"wp","href":"https:\/\/api.w.org\/{rel}","templated":true}]}}