{"id":134506,"date":"2026-01-11T11:03:13","date_gmt":"2026-01-11T11:03:13","guid":{"rendered":"https:\/\/www.europesays.com\/no\/134506\/"},"modified":"2026-01-11T11:03:13","modified_gmt":"2026-01-11T11:03:13","slug":"rettssak-bardu-kommunen-tapte-rettssaken-ma-ut-med-flere-hundre-tusen-kroner","status":"publish","type":"post","link":"https:\/\/www.europesays.com\/no\/134506\/","title":{"rendered":"Rettssak, Bardu | Kommunen tapte rettssaken \u2013 m\u00e5 ut med flere hundre tusen kroner"},"content":{"rendered":"\n<p>Bardu og Beiarn har tapt s\u00f8ksm\u00e5let mot staten om anvendelsen av fjelloven. Salten og Lofoten tingrett sl\u00e5r fast at fjelloven fra 1975 m\u00e5 endres dersom den skal gjelde for Nordland og Troms.<\/p>\n<p>Statskog eier mer enn en fjerdedel av landarealene i Nordland og Troms.<\/p>\n<p>            Oppsummert<\/p>\n<ul>\n<li>Salten og Lofoten tingrett avsa 9. januar dom hvor Bardu og Beiarn tapte s\u00f8ksm\u00e5let om anvendelsen av fjellovaen.<\/li>\n<li>Retten sl\u00e5r fast at loven m\u00e5 endres for \u00e5 gjelde i Nordland og Troms, og at sp\u00f8rsm\u00e5let dermed m\u00e5 avgj\u00f8res politisk hvis endring skal skje.<\/li>\n<li>Bardu og Beiarn er p\u00e5lagt \u00e5 betale saksomkostninger p\u00e5 over 450 000 kroner pluss ca. 46 000 kroner fra 2021, totalt over 500 000 kroner.<\/li>\n<li>Bardu-ordf\u00f8rer Toralf Heimdal (Sp) varsler anke til lagmannsretten, og kampen om lokal forvaltning fortsetter med risiko for ytterligere kostnader og langvarig rettsbehandling.<\/li>\n<\/ul>\n<p>Kampen handler om hvem som skal styre jakt-, fiske- og beiterettigheter i disse omr\u00e5dene, og om lokalsamfunnene skal f\u00e5 mer \u00e5 si over egne utmarksressurser.<\/p>\n<p>En lang og politisk kamp<\/p>\n<p>Dette er ikke en ny strid for Bardu. Allerede i 1998 uttrykte dav\u00e6rende ordf\u00f8rer Ragnhild Movinkel (Sp) at Bardu vurderte rettssak mot staten for \u00e5 f\u00e5 fjelloven innf\u00f8rt.<\/p>\n<p>Saken fortsetter under bildet<\/p>\n<p>   <img decoding=\"async\" width=\"2048\" height=\"1536\" fetchpriority=\"low\"  loading=\"lazy\"  src=\"https:\/\/www.europesays.com\/no\/wp-content\/uploads\/2026\/01\/5156b992-b27b-42ea-970d-0d562312d7f4.jpeg\" alt=\"Altevatn, fjell, Rohkunborri\" class=\"brick-c-cFOWSL\" style=\"--brick-image-ratio: 2048 \/ 1536;\"\/><\/p>\n<p>      Fjellmassivet Rohkunborri mellom Altevatn og Geavdnjaj\u00e1vri er en del av omr\u00e5det der Bardu \u00f8nsker \u00e5 innf\u00f8re fjelloven.<br \/>\n      Foto: Camp Leina\n    <\/p>\n<p>Til Kommunal Rapport viste hun til et l\u00f8fte fra Bondevik-regjeringen om at fjelloven skulle gjelde ogs\u00e5 i Nordland og Troms.<\/p>\n<p>Movinkel understreket at kommunen ikke ville akseptere ulik anvendelse av loven i landet, og at de ikke ville vente ti eller tjue \u00e5r p\u00e5 en politisk avklaring.<\/p>\n<p>Allerede den gang hadde kommunen fors\u00f8kt \u00e5 opprette fjellstyrer, men ble m\u00f8tt med beskjed fra Regjeringsadvokaten om at dette var lovstridig.<\/p>\n<p>H\u00f8yesterett \u00e5pnet d\u00f8ra i 2023<\/p>\n<p>Til tross for den lange historikken med politiske l\u00f8fter og juridiske avvisninger, fikk kommunene en viktig delseier i H\u00f8yesterett i juni 2023.<\/p>\n<p>H\u00f8yesterett slo fast at Bardu og Beiarn hadde rettslig interesse i \u00e5 f\u00e5 pr\u00f8vd sp\u00f8rsm\u00e5let om fjellovens rekkevidde for domstolene. H\u00f8yesterett understreket likevel at et slikt tilfelle var i yttergrensen av hva som kan tillates fremmet.<\/p>\n<p>M\u00e5 betale saksomkostningene<\/p>\n<p>Etter at H\u00f8yesterett \u00e5pnet d\u00f8ra for saksbehandling, har Salten og Lofoten tingrett behandlet saken.<\/p>\n<p>Dommen ble avsagt 9. januar. Tingretten p\u00e5legger kommunene Bardu og Beiarn \u00e5 betale saksomkostninger til staten p\u00e5 over 450.000 kroner.<\/p>\n<p>Bel\u00f8pet skal v\u00e6re innbetalt innen to uker, og hver kommune kan holdes ansvarlig for hele bel\u00f8pet selv om de blir enige om \u00e5 dele kostnadene. I tillegg kommer vel 46.000 kroner fra en tidligere sak i 2021.<\/p>\n<p>Hard dom og skarp kritikk<\/p>\n<p>Retten har i sin begrunnelse for saksomkostningene kommet med skarp kritikk av kommunenes beslutning om \u00e5 g\u00e5 til sak:<\/p>\n<p>\u00abRetten kan ikke se at det foreligger tungtveiende grunner for \u00e5 frita kommunene for erstatningsansvaret. Saken gjelder et lovtolkningssp\u00f8rsm\u00e5l. Retten har ikke v\u00e6rt i tvil om resultatet, og har bygd sin avgj\u00f8relse p\u00e5 klare uttalelser i forarbeider og rettspraksis om at fjellova ikke gjelder for Nordland og Troms. Kommunene har v\u00e6rt klar over disse rettskildene i flere ti\u00e5r, men har allikevel valgt \u00e5 fremme saken for retten\u00bb, st\u00e5r det \u00e5 lese i dommen.<\/p>\n<p>Denne uttalelsen fra tingretten understreker at kommunenes kamp burde v\u00e6rt l\u00f8st politisk og ikke i rettsapparatet.<\/p>\n<p>Anker videre<\/p>\n<p>Barduordf\u00f8rer Toralf Heimdal (Sp) var ikke overrasket over dommen.<\/p>\n<p><a href=\"https:\/\/www.nrk.no\/nordland\/beiarn-og-bardu-tapte-saken-om-fjelloven-i-tingretten-1.17722308\" rel=\"Follow nofollow noopener\" target=\"_blank\">\u2013 Vi kommer til \u00e5 anke dette og har hele tiden v\u00e6rt forberedt p\u00e5 at dette kom til \u00e5 g\u00e5 gjennom hele rettssystemet, sier Heimdal til NRK.<\/a><\/p>\n<p>Saken fortsetter under bildet<\/p>\n<p>   <img decoding=\"async\" width=\"1622\" height=\"1077\" fetchpriority=\"low\"  loading=\"lazy\"  src=\"https:\/\/www.europesays.com\/no\/wp-content\/uploads\/2026\/01\/Toralf+Heimdal+i+Istindportalen.jpg\" alt=\"VIL HA NY FJELLOV: Ordf\u00f8rer Toralf Heimdal i Bardu sier nordnorske kommuner g\u00e5r glipp av millioninntekter som sendes s\u00f8rover. \" class=\"brick-c-cFOWSL\" style=\"--brick-image-ratio: 1622 \/ 1077;\"\/><\/p>\n<p>      Ordf\u00f8rer Toralf Heimdal har varslet at han vil anke dommen.<br \/>\n      Foto: Torgeir Br\u00e5then\n    <\/p>\n<p>En regning p\u00e5 over 500.000 kroner kan bli en utfordring for Bardu kommune, og en anke kan medf\u00f8re ytterligere advokat- og rettskostnader samt forlenge prosessen.<\/p>\n<p>Med dette vil alts\u00e5 kampen om lokal forvaltning av Statskogs arealer i b\u00e5de Nordland og Troms fortsette. Dersom lagmannsretten f\u00f8lger tingrettens dom, og dens klare budskap, vil imidlertid en endring m\u00e5tte avgj\u00f8res av rikspolitikerne \u2013 ikke av retten.<\/p>\n","protected":false},"excerpt":{"rendered":"Bardu og Beiarn har tapt s\u00f8ksm\u00e5let mot staten om anvendelsen av fjelloven. Salten og Lofoten tingrett sl\u00e5r fast&hellip;\n","protected":false},"author":2,"featured_media":2503,"comment_status":"","ping_status":"","sticky":false,"template":"","format":"standard","meta":{"footnotes":""},"categories":[10],"tags":[36,5344,20,21,24,25,15,22,23,13,30,28,29,14,16,4187,1510,26,27,5346],"class_list":{"0":"post-134506","1":"post","2":"type-post","3":"status-publish","4":"format-standard","5":"has-post-thumbnail","7":"category-norge","8":"tag-art","9":"tag-bardu","10":"tag-breaking-news","11":"tag-breakingnews","12":"tag-featured-news","13":"tag-featurednews","14":"tag-headlines","15":"tag-latest-news","16":"tag-latestnews","17":"tag-news","18":"tag-no","19":"tag-norge","20":"tag-norway","21":"tag-nyheter","22":"tag-overskrifter","23":"tag-rettssak","24":"tag-story","25":"tag-top-stories","26":"tag-topstories","27":"tag-toralf-heimdal"},"share_on_mastodon":{"url":"https:\/\/pubeurope.com\/@no\/115876135148409243","error":""},"_links":{"self":[{"href":"https:\/\/www.europesays.com\/no\/wp-json\/wp\/v2\/posts\/134506","targetHints":{"allow":["GET"]}}],"collection":[{"href":"https:\/\/www.europesays.com\/no\/wp-json\/wp\/v2\/posts"}],"about":[{"href":"https:\/\/www.europesays.com\/no\/wp-json\/wp\/v2\/types\/post"}],"author":[{"embeddable":true,"href":"https:\/\/www.europesays.com\/no\/wp-json\/wp\/v2\/users\/2"}],"replies":[{"embeddable":true,"href":"https:\/\/www.europesays.com\/no\/wp-json\/wp\/v2\/comments?post=134506"}],"version-history":[{"count":0,"href":"https:\/\/www.europesays.com\/no\/wp-json\/wp\/v2\/posts\/134506\/revisions"}],"wp:featuredmedia":[{"embeddable":true,"href":"https:\/\/www.europesays.com\/no\/wp-json\/wp\/v2\/media\/2503"}],"wp:attachment":[{"href":"https:\/\/www.europesays.com\/no\/wp-json\/wp\/v2\/media?parent=134506"}],"wp:term":[{"taxonomy":"category","embeddable":true,"href":"https:\/\/www.europesays.com\/no\/wp-json\/wp\/v2\/categories?post=134506"},{"taxonomy":"post_tag","embeddable":true,"href":"https:\/\/www.europesays.com\/no\/wp-json\/wp\/v2\/tags?post=134506"}],"curies":[{"name":"wp","href":"https:\/\/api.w.org\/{rel}","templated":true}]}}