{"id":134519,"date":"2026-01-11T11:18:07","date_gmt":"2026-01-11T11:18:07","guid":{"rendered":"https:\/\/www.europesays.com\/no\/134519\/"},"modified":"2026-01-11T11:18:07","modified_gmt":"2026-01-11T11:18:07","slug":"love-island-innspilling-utsatt-pa-grunn-av-skogbranner","status":"publish","type":"post","link":"https:\/\/www.europesays.com\/no\/134519\/","title":{"rendered":"\u00abLove Island\u00bb-innspilling utsatt p\u00e5 grunn av skogbranner"},"content":{"rendered":"\n<p class=\"_lead_o9xde_2 _lead_xtcu6_50 layout-component text-serif-m layout-normal text-serif-l layout-component layout-wide layout-padded _wide_17hqh_1 layout-padded\">Villaen i S\u00f8r-Afrika m\u00e5tte evakueres bare to dager f\u00f8r premieren p\u00e5 \u00abLove Island: All Stars\u00bb. N\u00e5 henger sesongstarten i en tynn tr\u00e5d.<\/p>\n<p><img alt=\"Love Island UK: All Stars. Gabby Allen og Casey O'Gorman (t.v.), programleder Maya Jama, samt Grace Jackson og Luca Bish i 2025.  Foto: ITV \/ TV 2\" class=\"_image_qp4xg_65 layout-component layout-wide\" data-fullscreen- data-track-element-type=\"Article image fullscreen\" data-track-name=\"ImageFullscreen\" fetchpriority=\"high\" decoding=\"sync\" loading=\"eager\" height=\"1080\" itemprop=\"image\"  src=\"https:\/\/www.europesays.com\/no\/wp-content\/uploads\/2026\/01\/ddb4cd0d-576c-464a-b56b-d6197e09095c.png\"  style=\"object-position:0% 0%\" width=\"1920\"\/>Love Island UK: All Stars. Gabby Allen og Casey O&#8217;Gorman (t.v.), programleder Maya Jama, samt Grace Jackson og Luca Bish i 2025.  Foto: ITV \/ TV 2<\/p>\n<ul aria-hidden=\"true\" class=\"_images_ntbth_112\">\n<li><a class=\"_link_ntbth_117\" href=\"https:\/\/www.vg.no\/forfatter\/ingrid-storeboe\" style=\"z-index:1\" title=\"Ingrid Storeb\u00f8\" rel=\"nofollow noopener\" target=\"_blank\"><img alt=\"Bilde av Ingrid Storeb\u00f8\" class=\"_image_ntbth_93\" fetchpriority=\"low\" loading=\"lazy\" decoding=\"async\" itemprop=\"image\"  src=\"https:\/\/www.europesays.com\/no\/wp-content\/uploads\/2026\/01\/1768130287_255_b3fc896d-536d-4041-8257-79b6b2cd3323.jpeg\"  width=\"480\"\/><\/a><\/li>\n<\/ul>\n<p> Oppdatert s\u00f8ndag 11. januar kl. 12:03     <\/p>\n<p class=\"_paragraph_o9xde_4 _paragraph_xtcu6_10 layout-component text-serif-m layout-normal text-serif-m layout-padded\">Den britiske realityserien \u00abLove Island: All Stars\u00bb skulle ha premiere 12. januar, men innspillingen er n\u00e5 utsatt p\u00e5 ubestemt tid.<\/p>\n<p class=\"_paragraph_o9xde_4 _paragraph_xtcu6_10 layout-component text-serif-m layout-normal text-serif-m layout-padded\">Villaen i S\u00f8r-Afrika ble evakuert p\u00e5 grunn av skogbranner i omr\u00e5det.<\/p>\n<p class=\"_paragraph_o9xde_4 _paragraph_xtcu6_10 layout-component text-serif-m layout-normal text-serif-m layout-padded\"><strong class=\"_strong_o9xde_25\">\u2013 Helse og sikkerhet kommer alltid f\u00f8rst. Derfor vil sendingen av \u00abLove Island: All Stars\u00bb bli utsatt til en dato som skal bekreftes, skriver ITV p\u00e5 showets Instagram-side.<\/strong><\/p>\n<p class=\"_paragraph_o9xde_4 _paragraph_xtcu6_10 layout-component text-serif-m layout-normal text-serif-m layout-padded\">Love Island har blitt et sv\u00e6rt popul\u00e6rt program hvor b\u00e5de kvinner og menn flytter inn i en luksusvilla i jakten p\u00e5 kj\u00e6rligheten. Til slutt er det paret som st\u00e5r igjen \u2013 og som har vunnet publikums hjerter \u2013 som g\u00e5r av med seieren.<\/p>\n<p><img alt=\"Maya Jama (31).  Foto: Maja Smiejkowska \/ Reuters \/ NTB\" class=\"_image_qp4xg_65 layout-component layout-normal\" data-fullscreen- data-track-element-type=\"Article image fullscreen\" data-track-name=\"ImageFullscreen\" decoding=\"async\" loading=\"lazy\" height=\"2560\" itemprop=\"image\"  src=\"https:\/\/www.europesays.com\/no\/wp-content\/uploads\/2026\/01\/58973e6c-6438-42d6-8787-9c419f77d6ed.png\"  style=\"object-position:0% 0%\" width=\"3829\"\/>Maya Jama (31).  Foto: Maja Smiejkowska \/ Reuters \/ NTB<\/p>\n<p class=\"_paragraph_o9xde_4 _paragraph_xtcu6_10 layout-component text-serif-m layout-normal text-serif-m layout-padded\">If\u00f8lge den s\u00f8rafrikanske kringkasteren SABC jobbet myndighetene l\u00f8rdag sammen med det s\u00f8rafrikanske luftforsvaret for \u00e5 kontrollere flere brannrelaterte hendelser i Western Cape, hvor villaen ligger.<\/p>\n<p class=\"_paragraph_o9xde_4 _paragraph_xtcu6_10 layout-component text-serif-m layout-normal text-serif-m layout-padded\">Den tredje sesongen av spin-off-programmet f\u00f8lger samme format som det originale ITV-programmet, men med tidligere deltakere som vender tilbake til villaen.<\/p>\n<p class=\"_paragraph_o9xde_4 _paragraph_xtcu6_10 layout-component text-serif-m layout-normal text-serif-m layout-padded\">Programmet ledes av svensk-britiske <a href=\"https:\/\/www.vg.no\/tag\/maya-jama?utm_source=vg-article&amp;utm_medium=auto-tagger&amp;utm_campaign=0pKQyM\" class=\"_link_o9xde_39\" rel=\"nofollow noopener\" target=\"_blank\">Maya Jama<\/a> (31). \u00c5rets startoppstilling best\u00e5r av tolv deltakere, inkludert to tidligere vinnere \u2013 Jess Harding (25) og Millie Court (29).<\/p>\n<p class=\"_paragraph_o9xde_4 _paragraph_xtcu6_10 layout-component text-serif-m layout-normal text-serif-m layout-padded\">Se klipp fra fjor\u00e5rets \u00abAll Stars\u00bb-sesong under: <\/p>\n<p class=\"_paragraph_o9xde_4 _paragraph_xtcu6_10 layout-component text-serif-m layout-normal text-serif-m layout-padded\">Ogs\u00e5 Jack Keating (26), s\u00f8nn av den irske sangeren Ronan Keating, er med i \u00e5rets sesong.ITV har ikke gitt flere detaljer om n\u00e5r de h\u00e5per \u00e5 gjenoppta innspillingen.<\/p>\n<p class=\"_paragraph_o9xde_4 _paragraph_xtcu6_10 layout-component text-serif-m layout-normal text-serif-m layout-padded\">Den norske premieren var opprinnelig satt til 19. januar.<\/p>\n","protected":false},"excerpt":{"rendered":"Villaen i S\u00f8r-Afrika m\u00e5tte evakueres bare to dager f\u00f8r premieren p\u00e5 \u00abLove Island: All Stars\u00bb. N\u00e5 henger sesongstarten&hellip;\n","protected":false},"author":2,"featured_media":134520,"comment_status":"","ping_status":"","sticky":false,"template":"","format":"standard","meta":{"footnotes":""},"categories":[5],"tags":[20,21,24,25,15,19,22,23,4466,17,18,15476,13,30,28,29,14,16,7700,26,27],"class_list":{"0":"post-134519","1":"post","2":"type-post","3":"status-publish","4":"format-standard","5":"has-post-thumbnail","7":"category-overskrifter","8":"tag-breaking-news","9":"tag-breakingnews","10":"tag-featured-news","11":"tag-featurednews","12":"tag-headlines","13":"tag-hovedoppslag","14":"tag-latest-news","15":"tag-latestnews","16":"tag-love-island","17":"tag-main-news","18":"tag-mainnews","19":"tag-maya-jama","20":"tag-news","21":"tag-no","22":"tag-norge","23":"tag-norway","24":"tag-nyheter","25":"tag-overskrifter","26":"tag-sor-afrika","27":"tag-top-stories","28":"tag-topstories"},"share_on_mastodon":{"url":"https:\/\/pubeurope.com\/@no\/115876194220048910","error":""},"_links":{"self":[{"href":"https:\/\/www.europesays.com\/no\/wp-json\/wp\/v2\/posts\/134519","targetHints":{"allow":["GET"]}}],"collection":[{"href":"https:\/\/www.europesays.com\/no\/wp-json\/wp\/v2\/posts"}],"about":[{"href":"https:\/\/www.europesays.com\/no\/wp-json\/wp\/v2\/types\/post"}],"author":[{"embeddable":true,"href":"https:\/\/www.europesays.com\/no\/wp-json\/wp\/v2\/users\/2"}],"replies":[{"embeddable":true,"href":"https:\/\/www.europesays.com\/no\/wp-json\/wp\/v2\/comments?post=134519"}],"version-history":[{"count":0,"href":"https:\/\/www.europesays.com\/no\/wp-json\/wp\/v2\/posts\/134519\/revisions"}],"wp:featuredmedia":[{"embeddable":true,"href":"https:\/\/www.europesays.com\/no\/wp-json\/wp\/v2\/media\/134520"}],"wp:attachment":[{"href":"https:\/\/www.europesays.com\/no\/wp-json\/wp\/v2\/media?parent=134519"}],"wp:term":[{"taxonomy":"category","embeddable":true,"href":"https:\/\/www.europesays.com\/no\/wp-json\/wp\/v2\/categories?post=134519"},{"taxonomy":"post_tag","embeddable":true,"href":"https:\/\/www.europesays.com\/no\/wp-json\/wp\/v2\/tags?post=134519"}],"curies":[{"name":"wp","href":"https:\/\/api.w.org\/{rel}","templated":true}]}}