{"id":134525,"date":"2026-01-11T11:24:41","date_gmt":"2026-01-11T11:24:41","guid":{"rendered":"https:\/\/www.europesays.com\/no\/134525\/"},"modified":"2026-01-11T11:24:41","modified_gmt":"2026-01-11T11:24:41","slug":"sa-mye-bruker-nordmenn-pa-ferie","status":"publish","type":"post","link":"https:\/\/www.europesays.com\/no\/134525\/","title":{"rendered":"S\u00e5 mye bruker nordmenn p\u00e5 ferie"},"content":{"rendered":"<p>    84 prosent av oss planlegger ferie i 2026. Blant dem vil \u00e9n av fire \u00f8ke feriebudsjettet.<\/p>\n<p>\n        Noen land, som Hellas, peker seg igjen ut som favoritter blant nordmenn som vil feriere utenlands.<br \/>\n        FOTO: Halvard Alvik\/NTB\n    <\/p>\n<p class=\"kicker tertiary color_mobile_tertiary\" style=\"\">Innenriks<\/p>\n<p>\u2013 Det er virkelig ingen tvil om at reiseopplevelser er sv\u00e6rt viktig for veldig mange av oss \u2013 ogs\u00e5 i \u00e5r, sier bransjeleder for reiseliv i Virke, Geir Vik.<\/p>\n<p>Opinion har tatt reisepulsen p\u00e5 norske forbrukere p\u00e5 oppdrag fra Virke, i en unders\u00f8kelse med 2.000 nordmenn fra 18 til 70 \u00e5r. Unders\u00f8kelsen er gjennomf\u00f8rt digitalt i november og desember. Resultatene er vektet p\u00e5 alder, kj\u00f8nn og geografi<br \/>\ni henhold til offentlig befolkningsstatistikk.<\/p>\n<p>Reisepulsen forteller blant annet at:<\/p>\n","protected":false},"excerpt":{"rendered":"84 prosent av oss planlegger ferie i 2026. Blant dem vil \u00e9n av fire \u00f8ke feriebudsjettet. Noen land,&hellip;\n","protected":false},"author":2,"featured_media":134526,"comment_status":"","ping_status":"","sticky":false,"template":"","format":"standard","meta":{"footnotes":""},"categories":[12],"tags":[20,21,24,25,15,22,23,13,30,28,29,14,16,26,27,42,43,44,45],"class_list":{"0":"post-134525","1":"post","2":"type-post","3":"status-publish","4":"format-standard","5":"has-post-thumbnail","7":"category-verden","8":"tag-breaking-news","9":"tag-breakingnews","10":"tag-featured-news","11":"tag-featurednews","12":"tag-headlines","13":"tag-latest-news","14":"tag-latestnews","15":"tag-news","16":"tag-no","17":"tag-norge","18":"tag-norway","19":"tag-nyheter","20":"tag-overskrifter","21":"tag-top-stories","22":"tag-topstories","23":"tag-verden","24":"tag-world","25":"tag-world-news","26":"tag-worldnews"},"share_on_mastodon":{"url":"https:\/\/pubeurope.com\/@no\/115876217652481577","error":""},"_links":{"self":[{"href":"https:\/\/www.europesays.com\/no\/wp-json\/wp\/v2\/posts\/134525","targetHints":{"allow":["GET"]}}],"collection":[{"href":"https:\/\/www.europesays.com\/no\/wp-json\/wp\/v2\/posts"}],"about":[{"href":"https:\/\/www.europesays.com\/no\/wp-json\/wp\/v2\/types\/post"}],"author":[{"embeddable":true,"href":"https:\/\/www.europesays.com\/no\/wp-json\/wp\/v2\/users\/2"}],"replies":[{"embeddable":true,"href":"https:\/\/www.europesays.com\/no\/wp-json\/wp\/v2\/comments?post=134525"}],"version-history":[{"count":0,"href":"https:\/\/www.europesays.com\/no\/wp-json\/wp\/v2\/posts\/134525\/revisions"}],"wp:featuredmedia":[{"embeddable":true,"href":"https:\/\/www.europesays.com\/no\/wp-json\/wp\/v2\/media\/134526"}],"wp:attachment":[{"href":"https:\/\/www.europesays.com\/no\/wp-json\/wp\/v2\/media?parent=134525"}],"wp:term":[{"taxonomy":"category","embeddable":true,"href":"https:\/\/www.europesays.com\/no\/wp-json\/wp\/v2\/categories?post=134525"},{"taxonomy":"post_tag","embeddable":true,"href":"https:\/\/www.europesays.com\/no\/wp-json\/wp\/v2\/tags?post=134525"}],"curies":[{"name":"wp","href":"https:\/\/api.w.org\/{rel}","templated":true}]}}