{"id":134543,"date":"2026-01-11T11:40:50","date_gmt":"2026-01-11T11:40:50","guid":{"rendered":"https:\/\/www.europesays.com\/no\/134543\/"},"modified":"2026-01-11T11:40:50","modified_gmt":"2026-01-11T11:40:50","slug":"anmeldelse-av-romanen-seksti-kilo-solskinn-av-hallgrimur-helgason","status":"publish","type":"post","link":"https:\/\/www.europesays.com\/no\/134543\/","title":{"rendered":"Anmeldelse av romanen \u00abSeksti kilo solskinn\u00bb av Hallgr\u00edmur Helgason. (+)"},"content":{"rendered":"<p>                        <img class=\"lazyload-image\" data- alt=\"Etter lang tids frav\u00e6r her til lands er Hallgr\u00edmur Helgason (66) endelig aktuell igjen i norsk oversettelse.\" \/><\/p>\n<p>\n                            Etter lang tids frav\u00e6r her til lands er Hallgr\u00edmur Helgason (66) endelig aktuell igjen i norsk oversettelse.<\/p>\n<p>                                Foto: Gunnar Freyr Steinsson\/Kagge<\/p>\n<p class=\"vrs-article-header__title\" itemprop=\"headline\">\n              Sprekt nasjonalepos fra Island\n            <\/p>\n<p>                        Tekst<br \/>\n                        <a class=\"vrs-article-header__author-name\" rel=\"author nofollow noopener\" itemprop=\"author\" href=\"https:\/\/www.dn.no\/magasinet\/boker\/anmeldelser\/kagge-forlag\/roman\/sprekt-nasjonalepos-fra-island\/mailto:60d1c37c386ea@dn.no\" target=\"_blank\">Leif Bull<\/a><\/p>\n<p>                    9. januar 2026<\/p>\n<p class=\"vrs-article-header__summary\">\n                Tragedie, komedie og spr\u00e5klige sprell i f\u00f8rste del av Hallgr\u00edmur Helgasons bejublede romantrilogi.\n              <\/p>\n","protected":false},"excerpt":{"rendered":"Etter lang tids frav\u00e6r her til lands er Hallgr\u00edmur Helgason (66) endelig aktuell igjen i norsk oversettelse. Foto:&hellip;\n","protected":false},"author":2,"featured_media":134544,"comment_status":"","ping_status":"","sticky":false,"template":"","format":"standard","meta":{"footnotes":""},"categories":[12],"tags":[20,21,24,25,15,22,23,13,30,28,29,14,16,26,27,42,43,44,45],"class_list":{"0":"post-134543","1":"post","2":"type-post","3":"status-publish","4":"format-standard","5":"has-post-thumbnail","7":"category-verden","8":"tag-breaking-news","9":"tag-breakingnews","10":"tag-featured-news","11":"tag-featurednews","12":"tag-headlines","13":"tag-latest-news","14":"tag-latestnews","15":"tag-news","16":"tag-no","17":"tag-norge","18":"tag-norway","19":"tag-nyheter","20":"tag-overskrifter","21":"tag-top-stories","22":"tag-topstories","23":"tag-verden","24":"tag-world","25":"tag-world-news","26":"tag-worldnews"},"share_on_mastodon":{"url":"https:\/\/pubeurope.com\/@no\/115876284532645222","error":""},"_links":{"self":[{"href":"https:\/\/www.europesays.com\/no\/wp-json\/wp\/v2\/posts\/134543","targetHints":{"allow":["GET"]}}],"collection":[{"href":"https:\/\/www.europesays.com\/no\/wp-json\/wp\/v2\/posts"}],"about":[{"href":"https:\/\/www.europesays.com\/no\/wp-json\/wp\/v2\/types\/post"}],"author":[{"embeddable":true,"href":"https:\/\/www.europesays.com\/no\/wp-json\/wp\/v2\/users\/2"}],"replies":[{"embeddable":true,"href":"https:\/\/www.europesays.com\/no\/wp-json\/wp\/v2\/comments?post=134543"}],"version-history":[{"count":0,"href":"https:\/\/www.europesays.com\/no\/wp-json\/wp\/v2\/posts\/134543\/revisions"}],"wp:featuredmedia":[{"embeddable":true,"href":"https:\/\/www.europesays.com\/no\/wp-json\/wp\/v2\/media\/134544"}],"wp:attachment":[{"href":"https:\/\/www.europesays.com\/no\/wp-json\/wp\/v2\/media?parent=134543"}],"wp:term":[{"taxonomy":"category","embeddable":true,"href":"https:\/\/www.europesays.com\/no\/wp-json\/wp\/v2\/categories?post=134543"},{"taxonomy":"post_tag","embeddable":true,"href":"https:\/\/www.europesays.com\/no\/wp-json\/wp\/v2\/tags?post=134543"}],"curies":[{"name":"wp","href":"https:\/\/api.w.org\/{rel}","templated":true}]}}