{"id":134555,"date":"2026-01-11T11:57:09","date_gmt":"2026-01-11T11:57:09","guid":{"rendered":"https:\/\/www.europesays.com\/no\/134555\/"},"modified":"2026-01-11T11:57:09","modified_gmt":"2026-01-11T11:57:09","slug":"henrik-kristoffersen-atle-lie-mcgrath","status":"publish","type":"post","link":"https:\/\/www.europesays.com\/no\/134555\/","title":{"rendered":"Henrik Kristoffersen, Atle Lie McGrath"},"content":{"rendered":"\n<p>Den norske duoen Henrik Kristoffersen og Atle Lie McGrath ligger som henholdsvis nummer \u00e9n og to etter f\u00f8rste omgang av slal\u00e5mrennet i sveitsiske Adelboden. De har dermed et str\u00e5lende utgangspunkt f\u00f8r det hele skal avgj\u00f8res.<\/p>\n<p>\u2013 Jeg gjorde egentlig ikke noe spesielt, men pr\u00f8vde \u00e5 komme OK i gang og kj\u00f8re smart, sier Kristoffersen til Viaplay. <\/p>\n<p>31-\u00e5ringen fra R\u00e6lingen ristet likevel p\u00e5 hodet da han kom i m\u00e5l.<\/p>\n<p><b>Les ogs\u00e5: <a href=\"https:\/\/www.nettavisen.no\/sport\/manchester-uniteds-store-fall-darlige-darlig-og-darlig\/s\/5-95-2814141\" rel=\"Follow nofollow noopener\" target=\"_blank\">Ansatte Solskj\u00e6r: \u2013 Et skrekkeksempel<\/a><\/b><\/p>\n<p>\u2013 Jeg kunne sikkert kj\u00f8rt et halvsekund fortere. Jeg trodde det var andre som skulle kj\u00f8re fortere, men jeg har bevist for meg selv og alle andre at jeg fortsatt kan kj\u00f8re fort, sier Kristoffersen. <\/p>\n<p>Jansrud merket seg Kristoffersen-oppf\u00f8rsel<\/p>\n<p>Viaplay-ekspert Kjetil Jansrud merket seg ogs\u00e5 at Kristoffersen ristet p\u00e5 hodet.<\/p>\n<p>\u2013 Det lover godt. Henrik har hatt en periode n\u00e5 der han har slitt med utstyret, s\u00e5 at han n\u00e5 rister p\u00e5 hodet betyr at han har mer potensial inne, sier han. <\/p>\n<p>Kristoffersen har totalt tolv pallplasser i Adelboden fra f\u00f8r av. 31-\u00e5ringens siste seier i verdenscupen kom imidlertid i Kranjska Gora i mars i fjor.<\/p>\n<p><b>Les ogs\u00e5: <a href=\"https:\/\/www.nettavisen.no\/sport\/handballpresidenten-slar-alarm-om-tilstanden-i-norge\/s\/5-95-2812059\" rel=\"Follow nofollow noopener\" target=\"_blank\">Randi Gustad sl\u00e5r alarm: \u2013 Utrolig \u00e5 tenke p\u00e5<\/a><\/b><\/p>\n<p>Timon Haugan, som leverte en fjerdeplass i storslal\u00e5m samme sted l\u00f8rdag, kj\u00f8rte ut i f\u00f8rste omgang.<\/p>\n<p>De finske kometen Eduard Hallberg innehar tredjeplassen.<\/p>\n<p>Lucas Braathen p\u00e5 skuddhold<\/p>\n<p>B\u00e5de Kristoffersen og McGrath leverte en r\u00e5sterk avslutning i Adelboden-l\u00f8ypa fra startnummer tre og fem.<\/p>\n<p>Kristoffersen har 28 hundredeler \u00e5 g\u00e5 p\u00e5 ned til landsmannen f\u00f8r finaleomgangen.<\/p>\n<p>Norsk-brasilianeren Lucas Braathen tok en andreplass i storslal\u00e5men l\u00f8rdag, og er p\u00e5 skuddhold f\u00f8r andreomgangen i slal\u00e5m, men har et solid forsprang \u00e5 hente inn p\u00e5 sine tidligere lagkamerater p\u00e5 toppen av resultatlisten, 45 hundredeler bak Kristoffersen.<\/p>\n<p>Andre omgang kj\u00f8res fra 13.30.<\/p>\n","protected":false},"excerpt":{"rendered":"Den norske duoen Henrik Kristoffersen og Atle Lie McGrath ligger som henholdsvis nummer \u00e9n og to etter f\u00f8rste&hellip;\n","protected":false},"author":2,"featured_media":134556,"comment_status":"","ping_status":"","sticky":false,"template":"","format":"standard","meta":{"footnotes":""},"categories":[59],"tags":[30,28,29,83,82],"class_list":{"0":"post-134555","1":"post","2":"type-post","3":"status-publish","4":"format-standard","5":"has-post-thumbnail","7":"category-sport","8":"tag-no","9":"tag-norge","10":"tag-norway","11":"tag-sport","12":"tag-sports"},"share_on_mastodon":{"url":"https:\/\/pubeurope.com\/@no\/115876347428179054","error":""},"_links":{"self":[{"href":"https:\/\/www.europesays.com\/no\/wp-json\/wp\/v2\/posts\/134555","targetHints":{"allow":["GET"]}}],"collection":[{"href":"https:\/\/www.europesays.com\/no\/wp-json\/wp\/v2\/posts"}],"about":[{"href":"https:\/\/www.europesays.com\/no\/wp-json\/wp\/v2\/types\/post"}],"author":[{"embeddable":true,"href":"https:\/\/www.europesays.com\/no\/wp-json\/wp\/v2\/users\/2"}],"replies":[{"embeddable":true,"href":"https:\/\/www.europesays.com\/no\/wp-json\/wp\/v2\/comments?post=134555"}],"version-history":[{"count":0,"href":"https:\/\/www.europesays.com\/no\/wp-json\/wp\/v2\/posts\/134555\/revisions"}],"wp:featuredmedia":[{"embeddable":true,"href":"https:\/\/www.europesays.com\/no\/wp-json\/wp\/v2\/media\/134556"}],"wp:attachment":[{"href":"https:\/\/www.europesays.com\/no\/wp-json\/wp\/v2\/media?parent=134555"}],"wp:term":[{"taxonomy":"category","embeddable":true,"href":"https:\/\/www.europesays.com\/no\/wp-json\/wp\/v2\/categories?post=134555"},{"taxonomy":"post_tag","embeddable":true,"href":"https:\/\/www.europesays.com\/no\/wp-json\/wp\/v2\/tags?post=134555"}],"curies":[{"name":"wp","href":"https:\/\/api.w.org\/{rel}","templated":true}]}}