{"id":134557,"date":"2026-01-11T12:02:42","date_gmt":"2026-01-11T12:02:42","guid":{"rendered":"https:\/\/www.europesays.com\/no\/134557\/"},"modified":"2026-01-11T12:02:42","modified_gmt":"2026-01-11T12:02:42","slug":"nedgang-i-barnevernstiltak-for-de-minste-barna-barneombudet-reagerer","status":"publish","type":"post","link":"https:\/\/www.europesays.com\/no\/134557\/","title":{"rendered":"Nedgang i barnevernstiltak for de minste barna \u2013 Barneombudet reagerer"},"content":{"rendered":"<p data-testid=\"textWithMarkup-text\" data-v-81d7dc2b=\"\" data-v-62d58f52=\"\">Bakgrunnen er Barnevernsbarometeret 2025, som viser en tydelig nedgang i tiltak rettet mot barn under tre \u00e5r. Tiltak og omsorgsovertakelser g\u00e5r ned, mens henleggelser \u00f8ker, skriver Barneombudet i en pressemelding.<\/p>\n<p data-testid=\"textWithMarkup-text\" data-v-81d7dc2b=\"\" data-v-62d58f52=\"\">Ni av ti barnevernsledere mener utfordringer hos eldre barn burde v\u00e6rt oppdaget tidligere.<\/p>\n<p data-testid=\"textWithMarkup-text\" data-v-81d7dc2b=\"\" data-v-62d58f52=\"\">\u2013 Dette er noe vi har v\u00e6rt urolige for over tid. V\u00e5r bekymring blir n\u00e5 stadfestet i Barnevernsbarometeret, sier Barneombud Mina Gerhardsen i pressemeldingen.<\/p>\n<p data-testid=\"textWithMarkup-text\" data-v-81d7dc2b=\"\" data-v-62d58f52=\"\">Hun peker p\u00e5 at de f\u00f8rste m\u00e5nedene og \u00e5rene har mye \u00e5 si for hvordan barndommen og voksenlivet til barn vil bli.<\/p>\n<p data-testid=\"textWithMarkup-text\" data-v-81d7dc2b=\"\" data-v-62d58f52=\"\">\u2013 N\u00e5r vi da ser f\u00e6rre tiltak mot de minste, og samtidig \u00f8kende uro fra barnevernsledere, s\u00e5 m\u00e5 vi etterlyse \u00e5rsaker og svar p\u00e5 hvordan dette henger sammen, sier hun.<\/p>\n<p data-testid=\"textWithMarkup-text\" data-v-81d7dc2b=\"\" data-v-62d58f52=\"\">Blant deltakerne p\u00e5 mandagens m\u00f8te er helsedirekt\u00f8r Cathrine Lofthus, direkt\u00f8r Hege Nilssen i Barne-, ungdoms- og familiedirektoratet og avdelingsdirekt\u00f8r Kristin Holm Jensen i Kommunesektorens organisasjon (KS). <\/p>\n","protected":false},"excerpt":{"rendered":"Bakgrunnen er Barnevernsbarometeret 2025, som viser en tydelig nedgang i tiltak rettet mot barn under tre \u00e5r. Tiltak&hellip;\n","protected":false},"author":2,"featured_media":134558,"comment_status":"","ping_status":"","sticky":false,"template":"","format":"standard","meta":{"footnotes":""},"categories":[12],"tags":[20,21,24,25,15,22,23,13,30,28,29,14,16,26,27,42,43,44,45],"class_list":{"0":"post-134557","1":"post","2":"type-post","3":"status-publish","4":"format-standard","5":"has-post-thumbnail","7":"category-verden","8":"tag-breaking-news","9":"tag-breakingnews","10":"tag-featured-news","11":"tag-featurednews","12":"tag-headlines","13":"tag-latest-news","14":"tag-latestnews","15":"tag-news","16":"tag-no","17":"tag-norge","18":"tag-norway","19":"tag-nyheter","20":"tag-overskrifter","21":"tag-top-stories","22":"tag-topstories","23":"tag-verden","24":"tag-world","25":"tag-world-news","26":"tag-worldnews"},"share_on_mastodon":{"url":"https:\/\/pubeurope.com\/@no\/115876367146630468","error":""},"_links":{"self":[{"href":"https:\/\/www.europesays.com\/no\/wp-json\/wp\/v2\/posts\/134557","targetHints":{"allow":["GET"]}}],"collection":[{"href":"https:\/\/www.europesays.com\/no\/wp-json\/wp\/v2\/posts"}],"about":[{"href":"https:\/\/www.europesays.com\/no\/wp-json\/wp\/v2\/types\/post"}],"author":[{"embeddable":true,"href":"https:\/\/www.europesays.com\/no\/wp-json\/wp\/v2\/users\/2"}],"replies":[{"embeddable":true,"href":"https:\/\/www.europesays.com\/no\/wp-json\/wp\/v2\/comments?post=134557"}],"version-history":[{"count":0,"href":"https:\/\/www.europesays.com\/no\/wp-json\/wp\/v2\/posts\/134557\/revisions"}],"wp:featuredmedia":[{"embeddable":true,"href":"https:\/\/www.europesays.com\/no\/wp-json\/wp\/v2\/media\/134558"}],"wp:attachment":[{"href":"https:\/\/www.europesays.com\/no\/wp-json\/wp\/v2\/media?parent=134557"}],"wp:term":[{"taxonomy":"category","embeddable":true,"href":"https:\/\/www.europesays.com\/no\/wp-json\/wp\/v2\/categories?post=134557"},{"taxonomy":"post_tag","embeddable":true,"href":"https:\/\/www.europesays.com\/no\/wp-json\/wp\/v2\/tags?post=134557"}],"curies":[{"name":"wp","href":"https:\/\/api.w.org\/{rel}","templated":true}]}}