{"id":134562,"date":"2026-01-11T12:05:17","date_gmt":"2026-01-11T12:05:17","guid":{"rendered":"https:\/\/www.europesays.com\/no\/134562\/"},"modified":"2026-01-11T12:05:17","modified_gmt":"2026-01-11T12:05:17","slug":"uforstaelig-at-harstadfotballen-er-sa-langt-fra-toppen-ht-no","status":"publish","type":"post","link":"https:\/\/www.europesays.com\/no\/134562\/","title":{"rendered":"(+) \u2013 Uforst\u00e5elig at harstadfotballen er s\u00e5 langt fra toppen &#8211; ht.no"},"content":{"rendered":"<ol>\n<li><a href=\"https:\/\/news.google.com\/rss\/articles\/CBMikwFBVV95cUxQLUFHRU5YbVNkMm80bXdyZkNscjRmei1YdXdYcEU1LVlwWDIxbmRWbzhGYjlSUWhUaE0tV0FtUmhpc2wzX1liUlFhbnQ4WEpDZmxkdTdFU05RWVlyOG12SzJEVWh0TW8tMUdJR0N3aXV4M0FMbDdvbTd5bVVscHJfc3VLZ3JpLWpoWTRpQmJob0NPLXM?oc=5\" target=\"_blank\" rel=\"nofollow noopener\">(+) \u2013 Uforst\u00e5elig at harstadfotballen er s\u00e5 langt fra toppen<\/a>&nbsp;&nbsp;ht.no<\/li>\n<li><a href=\"https:\/\/news.google.com\/rss\/articles\/CBMinwFBVV95cUxQYTN4Z3FOQ1lXemRJMjgwNFMteTVheVlYN0FTYzNYZUxsVjNrMWVlWUNZUTR3WGlIbDJmNFBfck0wV0NVY0tSb2xOaTlTQ3FFYWxKUW03ZUdTd09aOVZ2TDh4aUpaM2NVXzRTWjZyV19LdHJraS15YS1Ra2h1SnpJbEIyLWpXc0RPQWR2cm0tQ1NMTzVmVmdYUTR5MWRkVVU?oc=5\" target=\"_blank\" rel=\"nofollow noopener\">(+) En fotballmamma, en nestleder og en leder forteller om konferansen<\/a>&nbsp;&nbsp;ht.no<\/li>\n<li><a href=\"https:\/\/news.google.com\/rss\/articles\/CBMilAFBVV95cUxOdWNLT0Y0eWNSWXdnMUpuUG16VHd2eEFnUEtjSEI3ZDlSazNBb1RtQVA2REpjVlpFOGlFZm5QekpBcFo1SlJuUUdwMVp3UlRGeWI3SGdvRm56UEdHSkNqclRKMzFSNGp1OHhoNHg3SWNYaTE0Z2M3dzFtVFFqVHRxVnIxaUpla01GYmp1OERzV0xxSkZU?oc=5\" target=\"_blank\" rel=\"nofollow noopener\">(+) Han r\u00f8rte hjertet til fotballfolket: \u2013 Arntzen er forbildet<\/a>&nbsp;&nbsp;ht.no<\/li>\n<li><a href=\"https:\/\/news.google.com\/rss\/articles\/CBMingFBVV95cUxQMlhsRkY4LVZJeXVFV0pmUEVZR0ZDZ1JMeG5QVFAyNUQ1SFUxcG5tQ3FPTW5GTGVRX3VnMlhhNXZZaHNMb200X3ZVejBMbWgxX0tPVHZyejhDLW9mcXFCcldnM29adWhkTUgzU2J5UmhlNXpqNzJwemRYMnhrS2pFUTczRW1kQ2o5bm9sVkMxcWd2RWhXemg2WmxsNTVmZw?oc=5\" target=\"_blank\" rel=\"nofollow noopener\">Sport, Sentrum | Fullt tr\u00f8kk n\u00e5r nordnorsk fotball m\u00f8tes: \u2013 Pausene er magiske<\/a>&nbsp;&nbsp;iHarstad<\/li>\n<li><a href=\"https:\/\/news.google.com\/rss\/articles\/CBMif0FVX3lxTE1fWDJRdmZiRUtzRnJmSVdmT1F5cHp5d0E1Skc2MDlYbDdLaTVJZ2I5ZWo2TTNtRXNCNDlNYnUwTVUycTRDR21qbXBzdUtFR3NRZml4SWRFclQ1dU1DY09BekRWam55Y0NGWXQ2WVBuSEVUT09KLTJrWmNaYURJWVk?oc=5\" target=\"_blank\" rel=\"nofollow noopener\">(+) \u2013 Det skjer mye spennede i harstadfotballen<\/a>&nbsp;&nbsp;ht.no<\/li>\n<\/ol>\n","protected":false},"excerpt":{"rendered":"(+) \u2013 Uforst\u00e5elig at harstadfotballen er s\u00e5 langt fra toppen&nbsp;&nbsp;ht.no (+) En fotballmamma, en nestleder og en leder&hellip;\n","protected":false},"author":2,"featured_media":134563,"comment_status":"","ping_status":"","sticky":false,"template":"","format":"standard","meta":{"footnotes":""},"categories":[59],"tags":[92,30,15448,28,29,13355,83,82],"class_list":{"0":"post-134562","1":"post","2":"type-post","3":"status-publish","4":"format-standard","5":"has-post-thumbnail","7":"category-sport","8":"tag-fotball","9":"tag-no","10":"tag-nordnorsk-fotballkonferanse","11":"tag-norge","12":"tag-norway","13":"tag-per-joar-hansen","14":"tag-sport","15":"tag-sports"},"share_on_mastodon":{"url":"https:\/\/pubeurope.com\/@no\/115876378884361653","error":""},"_links":{"self":[{"href":"https:\/\/www.europesays.com\/no\/wp-json\/wp\/v2\/posts\/134562","targetHints":{"allow":["GET"]}}],"collection":[{"href":"https:\/\/www.europesays.com\/no\/wp-json\/wp\/v2\/posts"}],"about":[{"href":"https:\/\/www.europesays.com\/no\/wp-json\/wp\/v2\/types\/post"}],"author":[{"embeddable":true,"href":"https:\/\/www.europesays.com\/no\/wp-json\/wp\/v2\/users\/2"}],"replies":[{"embeddable":true,"href":"https:\/\/www.europesays.com\/no\/wp-json\/wp\/v2\/comments?post=134562"}],"version-history":[{"count":0,"href":"https:\/\/www.europesays.com\/no\/wp-json\/wp\/v2\/posts\/134562\/revisions"}],"wp:featuredmedia":[{"embeddable":true,"href":"https:\/\/www.europesays.com\/no\/wp-json\/wp\/v2\/media\/134563"}],"wp:attachment":[{"href":"https:\/\/www.europesays.com\/no\/wp-json\/wp\/v2\/media?parent=134562"}],"wp:term":[{"taxonomy":"category","embeddable":true,"href":"https:\/\/www.europesays.com\/no\/wp-json\/wp\/v2\/categories?post=134562"},{"taxonomy":"post_tag","embeddable":true,"href":"https:\/\/www.europesays.com\/no\/wp-json\/wp\/v2\/tags?post=134562"}],"curies":[{"name":"wp","href":"https:\/\/api.w.org\/{rel}","templated":true}]}}