{"id":134566,"date":"2026-01-11T12:11:08","date_gmt":"2026-01-11T12:11:08","guid":{"rendered":"https:\/\/www.europesays.com\/no\/134566\/"},"modified":"2026-01-11T12:11:08","modified_gmt":"2026-01-11T12:11:08","slug":"meteorologen-advarer-mot-glatte-veier","status":"publish","type":"post","link":"https:\/\/www.europesays.com\/no\/134566\/","title":{"rendered":"Meteorologen advarer mot glatte veier"},"content":{"rendered":"\n<p class=\"_lead_o9xde_2 _lead_xtcu6_50 layout-component text-serif-m layout-normal text-serif-l layout-component layout-wide layout-padded _wide_17hqh_1 layout-padded\">Sn\u00f8 og regn kan skape krevende kj\u00f8reforhold p\u00e5 S\u00f8rlandet og \u00d8stlandet neste uke. Meterologen kommer med klar oppfordring.<\/p>\n<p><img alt=\" Foto: Stian Lysberg Solum \/ NTB\" class=\"_image_qp4xg_65 layout-component layout-wide\" data-fullscreen- data-track-element-type=\"Article image fullscreen\" data-track-name=\"ImageFullscreen\" fetchpriority=\"high\" decoding=\"sync\" loading=\"eager\" height=\"5760\" itemprop=\"image\"  src=\"https:\/\/www.europesays.com\/no\/wp-content\/uploads\/2026\/01\/08548745-04f5-4424-a67e-b6e4380d2908.jpeg\"  style=\"object-position:0% 0%\" width=\"8640\"\/> Foto: Stian Lysberg Solum \/ NTB<\/p>\n<ul aria-hidden=\"true\" class=\"_images_ntbth_112\">\n<li><a class=\"_link_ntbth_117\" href=\"https:\/\/www.vg.no\/forfatter\/emma-fondenes-oevreboe\" style=\"z-index:1\" title=\"Emma Fondenes \u00d8vreb\u00f8\" rel=\"nofollow noopener\" target=\"_blank\"><img alt=\"Bilde av Emma Fondenes \u00d8vreb\u00f8\" class=\"_image_ntbth_93\" fetchpriority=\"low\" loading=\"lazy\" decoding=\"async\" itemprop=\"image\"  src=\"https:\/\/www.europesays.com\/no\/wp-content\/uploads\/2026\/01\/1768133467_557_a3715f19-7e77-4fbf-b20f-7d6f5cb479de.jpeg\"  width=\"480\"\/><\/a><\/li>\n<\/ul>\n<p> Oppdatert s\u00f8ndag 11. januar kl. 13:04    <\/p>\n<ul class=\"_list_o9xde_3 _list_64s2r_85 _unordered_o9xde_106 text-sans-m\">\n<li class=\"_item_o9xde_30\">Sn\u00f8 og regn kan gi krevende kj\u00f8reforhold p\u00e5 S\u00f8rlandet og \u00d8stlandet neste uke.<\/li>\n<li class=\"_item_o9xde_30\">Meteorolog Pernille Borander advarer om glatt f\u00f8re og overvann.<\/li>\n<li class=\"_item_o9xde_30\">Gult farevarsel for vindkast p\u00e5 opptil 35 m\/s flere steder i Norge.<\/li>\n<\/ul>\n<p>Vis mer <\/p>\n<p class=\"_paragraph_o9xde_4 _paragraph_xtcu6_10 layout-component text-serif-m layout-normal text-serif-m layout-padded\">Den kalde og fine s\u00f8ndagen med minusgrader og sol skal byttes ut med plussgrader og regn utover uken.<\/p>\n<p class=\"_paragraph_o9xde_4 _paragraph_xtcu6_10 layout-component text-serif-m layout-normal text-serif-m layout-padded\">Det er s\u00f8ndag sendt ut oransje farevarsel for sn\u00f8 for ytre str\u00f8k i Agder. Det er ventet sv\u00e6rt mye sn\u00f8, med lokalt 25 til 40 centimeter i l\u00f8pet av 24 timer. <\/p>\n<p><img alt=\"Foto: Meteorologene\" class=\"_image_qp4xg_65 layout-component layout-normal\" data-fullscreen- data-track-element-type=\"Article image fullscreen\" data-track-name=\"ImageFullscreen\" decoding=\"async\" loading=\"lazy\" height=\"897\" itemprop=\"image\"  src=\"https:\/\/www.europesays.com\/no\/wp-content\/uploads\/2026\/01\/34511c29-91ee-43ba-bcdd-3fa291cfe0b1.jpeg\"  style=\"object-position:0% 0%\" width=\"1589\"\/>Foto: Meteorologene<\/p>\n<p class=\"_paragraph_o9xde_4 _paragraph_xtcu6_10 layout-component text-serif-m layout-normal text-serif-m layout-padded\">Mest sn\u00f8 ventes litt inn fra kysten. Langs kysten blir det overgang til sludd fra sent mandag kveld, f\u00f8rst i vest. For deler av Agder og s\u00f8r i Telemark er det gult farevarsel for sn\u00f8 som gjelder.<\/p>\n<p class=\"_paragraph_o9xde_4 _paragraph_xtcu6_10 layout-component text-serif-m layout-normal text-serif-m layout-padded\">Pernille Borander ved Meteorologisk institutt advarer mot utfordrende kj\u00f8reforhold i dagene som kommer. <\/p>\n<p><img alt=\"Temperaturkart.  Foto: Windy\" class=\"_image_qp4xg_65 layout-component layout-normal\" data-fullscreen- data-track-element-type=\"Article image fullscreen\" data-track-name=\"ImageFullscreen\" decoding=\"async\" loading=\"lazy\" height=\"564\" itemprop=\"image\"  src=\"https:\/\/www.europesays.com\/no\/wp-content\/uploads\/2026\/01\/dec7a4da-70d2-4186-8ddc-c26f531fd2af.jpeg\"  style=\"object-position:0% 0%\" width=\"705\"\/>Temperaturkart.  Foto: Windy<\/p>\n<p class=\"_paragraph_o9xde_4 _paragraph_xtcu6_10 layout-component text-serif-m layout-normal text-serif-m layout-padded\">Spesielt folk p\u00e5 S\u00f8rlandet vil merke overgangen. Det kommer f\u00f8rst mye sn\u00f8 mandag, s\u00e5 tar regnet  over tirsdag morgen.<\/p>\n<p class=\"_paragraph_o9xde_4 _paragraph_xtcu6_10 layout-component text-serif-m layout-normal text-serif-m layout-padded\">\u2013 Folk m\u00e5 nyte dagen i dag hvis man liker vinterv\u00e6r. Neste uke byr p\u00e5 dager der det kan v\u00e6re tr\u00f8blete i trafikken, advarer hun.<\/p>\n<p class=\"_paragraph_o9xde_4 _paragraph_xtcu6_10 layout-component text-serif-m layout-normal text-serif-m layout-padded\">Meteorologen peker p\u00e5 flere utfordringer som kommer:<\/p>\n<p class=\"_paragraph_o9xde_4 _paragraph_xtcu6_10 layout-component text-serif-m layout-normal text-serif-m layout-padded\">\u2013 Den f\u00f8rste utfordringen er mandag med sn\u00f8en, s\u00e5 blir det regn p\u00e5 toppen av det fra tirsdag morgen, s\u00e6rlig for kystomr\u00e5dene. Da kan bli glatt og overvann, forteller Borander til VG.<\/p>\n<p class=\"_paragraph_o9xde_4 _paragraph_xtcu6_10 layout-component text-serif-m layout-normal text-serif-m layout-padded\">\u2013 I storbyene kan det bli vanskelige kj\u00f8reforhold, det kan komme mye sn\u00f8 og det skal m\u00e5kes bort, s\u00e5 regn og bar bakke. Alle faser kommer med sine utfordringer, s\u00e5 det er viktig \u00e5 beregne god tid og kj\u00f8re etter forholdene.<\/p>\n<p><img alt=\"Riksvei 4 ved Bjerke i Oslo 2. januar.  Foto: H\u00e5kon Mosvold Larsen \/ NTB\" class=\"_image_qp4xg_65 layout-component layout-normal\" data-fullscreen- data-track-element-type=\"Article image fullscreen\" data-track-name=\"ImageFullscreen\" decoding=\"async\" loading=\"lazy\" height=\"3906\" itemprop=\"image\"  src=\"https:\/\/www.europesays.com\/no\/wp-content\/uploads\/2026\/01\/2bbc03ec-5d9b-4b15-a9e3-8c688b5a7192.jpeg\"  style=\"object-position:0% 0%\" width=\"5860\"\/>Riksvei 4 ved Bjerke i Oslo 2. januar.  Foto: H\u00e5kon Mosvold Larsen \/ NTB<\/p>\n<p class=\"_paragraph_o9xde_4 _paragraph_xtcu6_10 layout-component text-serif-m layout-normal text-serif-m layout-padded\">Det kan komme opptil 20 millimeter fra tirsdag formiddag til onsdag.<\/p>\n<p class=\"_paragraph_o9xde_4 _paragraph_xtcu6_10 layout-component text-serif-m layout-normal text-serif-m layout-padded\">\u2013 Onsdagen blir ganske v\u00e5t p\u00e5 S\u00f8rlandet og s\u00f8r p\u00e5 \u00d8stlandet, sier meteorologen.<\/p>\n<p class=\"_paragraph_o9xde_4 _paragraph_xtcu6_10 layout-component text-serif-m layout-normal text-serif-m layout-padded\">Nord i landet ser ut som det kan komme litt mild luft trekkende nordover utover uken, men temperaturene vil fortsatt v\u00e6re p\u00e5 minussiden.<\/p>\n<p class=\"_paragraph_o9xde_4 _paragraph_xtcu6_10 layout-component text-serif-m layout-normal text-serif-m layout-padded\">I hele landet skal det bl\u00e5se godt i starten av uken. Det er sendt ut gult farevarsel for vind for deler av Nordand, M\u00f8re og Romsdal og Tr\u00f8ndelag og Vestlandet. <\/p>\n<p class=\"_paragraph_o9xde_4 _paragraph_xtcu6_10 layout-component text-serif-m layout-normal text-serif-m layout-padded\">For Vestlandet er det ventet lokalt kraftige vindkast p\u00e5 27-30 m\/s fra s\u00f8r\u00f8st, og liten til full storm p\u00e5 kysten og i fjellet fra natt til mandag til mandag ettermiddag. Det vil v\u00e6re store lokale forskjeller i vindstyrke.<\/p>\n<p class=\"_paragraph_o9xde_4 _paragraph_xtcu6_10 layout-component text-serif-m layout-normal text-serif-m layout-padded\">Fra natt til mandag til mandag kveld er det ventet lokalt kraftige vindkast p\u00e5 27-33 m\/s fra s\u00f8r\u00f8st i for M\u00f8re og Romsdal, og liten til full storm utsatte steder i fjellet. For Nordland ventes det lokalt kraftige vindkast p\u00e5 27-35 m\/s fra s\u00f8raust, og liten storm p\u00e5 kysten.<\/p>\n<p class=\"_paragraph_o9xde_4 _paragraph_xtcu6_10 layout-component text-serif-m layout-normal text-serif-m layout-padded\">Det ventes lokal sn\u00f8fokk i fjellet i S\u00f8r-Norge p\u00e5 grunn av kraftig vind. Ogs\u00e5 \u00e5pne omr\u00e5der i lavlandet kan v\u00e6re utsatt. <\/p>\n<p class=\"_paragraph_o9xde_4 _paragraph_xtcu6_10 layout-component text-serif-m layout-normal text-serif-m layout-padded\">Mandag sier prognosene at det er stor sannsynlighet for kolonne p\u00e5 Haukelifjell, grunnet uv\u00e6r, melder Vegtrafikksentralen. Det er ogs\u00e5 fare for stenging p\u00e5 kort varsel.<\/p>\n","protected":false},"excerpt":{"rendered":"Sn\u00f8 og regn kan skape krevende kj\u00f8reforhold p\u00e5 S\u00f8rlandet og \u00d8stlandet neste uke. Meterologen kommer med klar oppfordring.&hellip;\n","protected":false},"author":2,"featured_media":134567,"comment_status":"","ping_status":"","sticky":false,"template":"","format":"standard","meta":{"footnotes":""},"categories":[10],"tags":[20,21,102,24,25,15,22,23,13,30,28,29,14,16,1810,6527,26,27,46],"class_list":{"0":"post-134566","1":"post","2":"type-post","3":"status-publish","4":"format-standard","5":"has-post-thumbnail","7":"category-norge","8":"tag-breaking-news","9":"tag-breakingnews","10":"tag-farevarsel","11":"tag-featured-news","12":"tag-featurednews","13":"tag-headlines","14":"tag-latest-news","15":"tag-latestnews","16":"tag-news","17":"tag-no","18":"tag-norge","19":"tag-norway","20":"tag-nyheter","21":"tag-overskrifter","22":"tag-regn","23":"tag-sno","24":"tag-top-stories","25":"tag-topstories","26":"tag-vgai"},"share_on_mastodon":{"url":"https:\/\/pubeurope.com\/@no\/115876402597254589","error":""},"_links":{"self":[{"href":"https:\/\/www.europesays.com\/no\/wp-json\/wp\/v2\/posts\/134566","targetHints":{"allow":["GET"]}}],"collection":[{"href":"https:\/\/www.europesays.com\/no\/wp-json\/wp\/v2\/posts"}],"about":[{"href":"https:\/\/www.europesays.com\/no\/wp-json\/wp\/v2\/types\/post"}],"author":[{"embeddable":true,"href":"https:\/\/www.europesays.com\/no\/wp-json\/wp\/v2\/users\/2"}],"replies":[{"embeddable":true,"href":"https:\/\/www.europesays.com\/no\/wp-json\/wp\/v2\/comments?post=134566"}],"version-history":[{"count":0,"href":"https:\/\/www.europesays.com\/no\/wp-json\/wp\/v2\/posts\/134566\/revisions"}],"wp:featuredmedia":[{"embeddable":true,"href":"https:\/\/www.europesays.com\/no\/wp-json\/wp\/v2\/media\/134567"}],"wp:attachment":[{"href":"https:\/\/www.europesays.com\/no\/wp-json\/wp\/v2\/media?parent=134566"}],"wp:term":[{"taxonomy":"category","embeddable":true,"href":"https:\/\/www.europesays.com\/no\/wp-json\/wp\/v2\/categories?post=134566"},{"taxonomy":"post_tag","embeddable":true,"href":"https:\/\/www.europesays.com\/no\/wp-json\/wp\/v2\/tags?post=134566"}],"curies":[{"name":"wp","href":"https:\/\/api.w.org\/{rel}","templated":true}]}}