{"id":134570,"date":"2026-01-11T12:13:23","date_gmt":"2026-01-11T12:13:23","guid":{"rendered":"https:\/\/www.europesays.com\/no\/134570\/"},"modified":"2026-01-11T12:13:23","modified_gmt":"2026-01-11T12:13:23","slug":"seieren-glapp-for-uldal-giacomel-utnyttet-tre-bom-pa-siste-skyting","status":"publish","type":"post","link":"https:\/\/www.europesays.com\/no\/134570\/","title":{"rendered":"Seieren glapp for Uldal \u2013 Giacomel utnyttet tre bom p\u00e5 siste skyting"},"content":{"rendered":"<p>Med skiftende vind ble det flere bom blant favorittene i front, men Martin Uldal gikk inn til siste skyting i ledelsen etter bare en bom p\u00e5 sine tre f\u00f8rste skytinger.<\/p>\n<p>P\u00e5 siste skyting ble det derimot tre bom. Det utnyttet Giacomel, som knabbet 1.-plassen. Uldal ble sl\u00e5tt med 4,5 sekunder.<\/p>\n<p>\u2013 F\u00f8r start hadde jeg nok sagt ja til en 2.-plass. Jeg f\u00e5r v\u00e6re greit forn\u00f8yd med det, men jeg synes det var surt n\u00e5r jeg ledet med s\u00e5 mye som jeg gjorde, sa Uldal til TV 2 etter l\u00f8pet.<\/p>\n<p>Giacomel tar over verdenscupledelsen sammenlagt foran Johan-Olav Botn, som i likhet med Sturla Holm L\u00e6greid sto over rennhelgen i Oberhof grunnet sykdom.<\/p>\n<p>Sebastian Samuelsson satte inn en sluttspurt i h\u00e5p om \u00e5 ta igjen de to i front, men endte 8,8 sekunder bak Giacomel til slutt. Svensken bommet totalt seks ganger p\u00e5 standplass, p\u00e5 en dag der det ble mange bom p\u00e5 favorittene i front.<\/p>\n<p>Kjempet i teten<\/p>\n<p>Johannes Dale-Skjevdal ble nest best av de norske med den sure 4.-plassen. To bom hver p\u00e5 de to siste skytingene gjorde at 28-\u00e5ringen endte utenfor pallen.<\/p>\n<p>\u2013 Jeg f\u00f8ler jeg har matchball to ganger p\u00e5 begge st\u00e5ende seriene. Jeg synes det var surt, for jeg f\u00f8ler jeg virkelig hadde muligheten to ganger i dag og da blir jeg forbanna, sa Dale-Skjevdal.<\/p>\n<p>Isak Frey kunne blandet seg inn i tetstriden, men bommet p\u00e5 sitt aller siste skudd p\u00e5 siste skyting. Unggutten var uansett sluttkj\u00f8rt og endte p\u00e5 12.-plass.<\/p>\n<p>\u2013 Jeg er b\u00e5de irritert og sliten. S\u00e5 dum som jeg er s\u00e5 bare \u00e5pnet jeg altfor hardt. Det er j\u00e6vlig kjedelig n\u00e5r man er oppe og kjemper og har muligheten, s\u00e5 er jeg bare helt ferdig. Det er egentlig det l\u00f8pet jeg har v\u00e6rt mest sur p\u00e5 meg selv hittil i \u00e5r, sa Frey.<\/p>\n<p>Etter tredje skyting s\u00e5 det ut som at Norge kunne ta storeslem med alle tre pallplassene. Uldal hadde en solid ledelse p\u00e5 33,5 sekunder ned til Frey, som ble fulgt av Dale-Skjevdal like bak, med det tyske hjemmeh\u00e5pet Philipp Nawrath hakk i h\u00e6l.<\/p>\n<p>F\u00f8lelsesladd seier<\/p>\n<p>Istedenfor var det Giacomel som til slutt kunne juble for sin andre strake verdenscupseier, med fulltreff p\u00e5 siste skyting.<\/p>\n<p>Italieneren \u00e5pnet jaktstarten i ledelsen foran Nawrath og Dale-Skjevdal, etter \u00e5 ha vunnet torsdagens sprint i Tyskland.<\/p>\n<p>Giacomel var sv\u00e6rt preget etter torsdagens seier, som han dedikerte til avd\u00f8de Sivert Bakken. Rennhelgen i Oberhof er den f\u00f8rste siden Sivert Bakken ble funnet d\u00f8d p\u00e5 hotellrommet sitt i Lavaz\u00e9 lille julaften.<\/p>\n<p>S\u00f8ndag er det stafett for skiskytterherrene i Oberhof.<\/p>\n","protected":false},"excerpt":{"rendered":"Med skiftende vind ble det flere bom blant favorittene i front, men Martin Uldal gikk inn til siste&hellip;\n","protected":false},"author":2,"featured_media":134571,"comment_status":"","ping_status":"","sticky":false,"template":"","format":"standard","meta":{"footnotes":""},"categories":[59],"tags":[967,11624,30,28,29,314,83,82],"class_list":{"0":"post-134570","1":"post","2":"type-post","3":"status-publish","4":"format-standard","5":"has-post-thumbnail","7":"category-sport","8":"tag-artikler-fra-ntb","9":"tag-martin-uldal","10":"tag-no","11":"tag-norge","12":"tag-norway","13":"tag-skyting","14":"tag-sport","15":"tag-sports"},"share_on_mastodon":{"url":"https:\/\/pubeurope.com\/@no\/115876410304236267","error":""},"_links":{"self":[{"href":"https:\/\/www.europesays.com\/no\/wp-json\/wp\/v2\/posts\/134570","targetHints":{"allow":["GET"]}}],"collection":[{"href":"https:\/\/www.europesays.com\/no\/wp-json\/wp\/v2\/posts"}],"about":[{"href":"https:\/\/www.europesays.com\/no\/wp-json\/wp\/v2\/types\/post"}],"author":[{"embeddable":true,"href":"https:\/\/www.europesays.com\/no\/wp-json\/wp\/v2\/users\/2"}],"replies":[{"embeddable":true,"href":"https:\/\/www.europesays.com\/no\/wp-json\/wp\/v2\/comments?post=134570"}],"version-history":[{"count":0,"href":"https:\/\/www.europesays.com\/no\/wp-json\/wp\/v2\/posts\/134570\/revisions"}],"wp:featuredmedia":[{"embeddable":true,"href":"https:\/\/www.europesays.com\/no\/wp-json\/wp\/v2\/media\/134571"}],"wp:attachment":[{"href":"https:\/\/www.europesays.com\/no\/wp-json\/wp\/v2\/media?parent=134570"}],"wp:term":[{"taxonomy":"category","embeddable":true,"href":"https:\/\/www.europesays.com\/no\/wp-json\/wp\/v2\/categories?post=134570"},{"taxonomy":"post_tag","embeddable":true,"href":"https:\/\/www.europesays.com\/no\/wp-json\/wp\/v2\/tags?post=134570"}],"curies":[{"name":"wp","href":"https:\/\/api.w.org\/{rel}","templated":true}]}}