{"id":134572,"date":"2026-01-11T12:18:02","date_gmt":"2026-01-11T12:18:02","guid":{"rendered":"https:\/\/www.europesays.com\/no\/134572\/"},"modified":"2026-01-11T12:18:02","modified_gmt":"2026-01-11T12:18:02","slug":"eu-euforien-hos-hoyre-og-nho","status":"publish","type":"post","link":"https:\/\/www.europesays.com\/no\/134572\/","title":{"rendered":"EU-euforien hos H\u00f8yre og NHO"},"content":{"rendered":"<p>\n        Dersom vi avgir v\u00e5r suverenitet til EU, f\u00e5r vi den aldri tilbake, skriver Senterpartiets leder Trygve Slagsvold Vedum.<br \/>\n        FOTO: Terje Pedersen \/ NTB\n    <\/p>\n<p class=\"kicker t31 tertiary color_mobile_tertiary\" style=\"\">Debatt<\/p>\n<p>    Hva er m\u00e5l nummer \u00e9n for H\u00f8yre og NHO?<br \/>\n\u00c5 melde Norge inn i EU.<\/p>\n<p> Dette er et debattinnlegg som gir uttrykk for skribentens holdninger og meninger. Du kan sende inn debattinnlegg til debatt@dagsavisen.no. <\/p>\n<p>At norsk EU-medlemskap er hovedm\u00e5let for partiet H\u00f8yre og N\u00e6ringslivets hovedorganisasjon, er definitivt inntrykket man sitter igjen med etter \u00e5 ha h\u00f8rt p\u00e5 H\u00f8yres kommende leder og NHOs \u00e5rskonferanse de siste to dagene.<\/p>\n<p>Det tok ikke mange sekunder fra Ine Marie Eriksen S\u00f8reide ble lansert som ny H\u00f8yre-leder til hun annonserte en ny EU-debatt som sin f\u00f8rste prioritet. H\u00f8yre, MDG og Venstre kappes n\u00e5 p\u00e5 Stortinget om hvem som sterkest \u00f8nsker \u00e5 avgi norsk suverenitet.<\/p>\n<p>            Om Norge blir medlem av EU, mister vi v\u00e5r frihet til \u00e5 forme selvstendig nasjonal politikk p\u00e5 en rekke omr\u00e5der.<\/p>\n<p class=\"author \" style=\"\">Trygve Slagsvold Vedum<\/p>\n<p>Det er ikke noe nytt i at EU-tilhengerne griper tak i de mulighetene de ser til \u00e5 fortelle at det norske folk sitt gjentatte nei til EU ikke lenger kan v\u00e6re f\u00f8rende. Enten det er EUs utvidelse til \u00d8st-Europa, finanskrise, klimakrise, migrasjon, pandemi eller en annen ny hendelse er konklusjonen gang p\u00e5 gang den samme: N\u00e5 m\u00e5 det skje \u2013 n\u00e5 kan vi ikke vente lenger!<\/p>\n<p>Det mest paradoksale med den kommende H\u00f8yre-lederens <a href=\"https:\/\/www.dagsavisen.no\/kommentar\/laber-bris-pa-stortinget\/10140985\" rel=\"nofollow noopener\" target=\"_blank\">tale i Stortinget torsdag<\/a> er at hun hevder norsk \u00f8konomi ville v\u00e6re \u00aballer best tjent med \u00e5 v\u00e6re medlem av EU\u00bb. Hvor har Eriksen S\u00f8reide v\u00e6rt de siste \u00e5rene?<\/p>\n<p>\u00d8konomien i en rekke EU-land er i dag r\u00e5tten. Hva er det EU gj\u00f8r mest av? Jo, \u00e5 regulere. EU er blitt et voksende byr\u00e5kratistyre med h\u00f8ye energipriser og en industri som taper terreng. Den fullstendig forfeilede industri- og energipolitikken har gjort at millioner av europeere sliter med \u00e5 f\u00e5 endene til \u00e5 m\u00f8tes.<\/p>\n<p>        <a itemprop=\"url\" class=\"\" href=\"https:\/\/www.dagsavisen.no\/kommentar\/laber-bris-pa-stortinget\/10140985\" data-k5a-url=\"https:\/\/www.dagsavisen.no\/a\/10140985\" rel=\"nofollow noopener\" target=\"_blank\"><\/p>\n<p>            Laber bris p\u00e5 Stortinget<\/p>\n<p>        <\/a><\/p>\n<p>Den mislykkede energipolitikken i EU merker vi dessverre konsekvensene av ogs\u00e5 i Norge. Sjekk hva str\u00f8mprisen er i dag, s\u00e5 ser du hvor galt det kan g\u00e5 n\u00e5r Norge nektes av EU \u00e5 bestemme hvor mye str\u00f8m vi vil sende til Europa gjennom utenlandskablene v\u00e5re. Ved \u00e5 melde Norge inn i EU mister vi enhver mulighet til en nasjonal energipolitikk.<\/p>\n<p>Norge har klart seg langt bedre utenfor EU enn de fleste EU-land har. Klokskapen til det norske folk st\u00e5r seg fortsatt. Til tross for et massivt press stod folket i Norge imot. Kreftene som ville melde Norge inn i EU var sterke. N\u00e6rmest et samlet pressekorps i Oslo advarte p\u00e5 det sterkeste om hvor galt det ville g\u00e5 med Norge om vi avga v\u00e5rt eget folkestyre. Det samme gjorde pengemakta gjennom NHO, i likhet med b\u00e5de H\u00f8yre og Arbeiderpartiet.<\/p>\n<p>Behovet for en EU-debatt n\u00e5 begrunnes blant noen med de siste politiske hendelser i USA. Det er paradoksalt hvor villig EU-tilhengerne synes \u00e5 v\u00e6re til i praksis \u00e5 ta en irreversibel politisk avgj\u00f8relse, basert p\u00e5 hvem som er president i USA i dette \u00f8yeblikket. Til og med om H\u00f8yre, MDG og NHO fikk viljen sin, og regjeringen allerede i morgen varslet en ny medlemskapss\u00f8knad, ville tilpasningsprosessen til EU (det tilhengerne kaller \u00abforhandlinger\u00bb) ha tatt flere \u00e5r. Og etter at en s\u00f8knadsprosess er ferdig, skal vilk\u00e5rene for norsk EU-medlemskap stemmes over av folket gjennom en folkeavstemning. Innen den tid har USA mest sannsynlig allerede f\u00e5tt en ny president.<\/p>\n<p>            Dersom vi avgir v\u00e5r suverenitet til EU, f\u00e5r vi den aldri tilbake.<\/p>\n<p class=\"author \" style=\"\">Trygve Slagsvold Vedum<\/p>\n<p>De fleste avgj\u00f8relser i politikken kan snus p\u00e5. Et statsbudsjett f\u00f8lger det foreg\u00e5ende. Man kan bevilge mer penger til vei og mindre penger til bane ett \u00e5r. Og gj\u00f8re det motsatte \u00e5ret etterp\u00e5. Man kan heve skattene eller senke avgiftene, og en p\u00e5f\u00f8lgende regjering kan gj\u00f8re det motsatte. Men dersom vi avgir v\u00e5r suverenitet til EU, f\u00e5r vi den aldri tilbake. Det er i praksis en avgj\u00f8relse som ikke lar seg gj\u00f8re om.<\/p>\n<p>        <a itemprop=\"url\" class=\"\" href=\"https:\/\/www.dagsavisen.no\/debatt\/a-skrote-laerernormen-er-et-svik-mot-elevene\/10142859\" data-k5a-url=\"https:\/\/www.dagsavisen.no\/a\/10142859\" rel=\"nofollow noopener\" target=\"_blank\"><\/p>\n<p>            \u00c5 skrote l\u00e6rernormen er et svik mot elevene<\/p>\n<p>        <\/a><\/p>\n<p>Om Norge blir medlem av EU, mister vi v\u00e5r frihet til \u00e5 forme selvstendig nasjonal politikk p\u00e5 en rekke omr\u00e5der. Norsk landbrukspolitikk blir underlagt EUs. Det betyr blant annet at v\u00e5rt tollvern forsvinner, noe som vil bety nedlagte g\u00e5rdsbruk over store deler av landet. Vi mister v\u00e5r selvstendige fiskeripolitikk og norsk fisk blir EUs fisk. EU vil presse p\u00e5 for at vi skal bytte ut v\u00e5r egen krone med EUs euro, til skade for norsk industri. Enten det er g\u00e5rdsbruk, fiskerimottak eller industribedrifter som legges ned, blir konsekvensene fraflyttende lokalsamfunn og et Norge der bare deler av landet utvikles. Kombinasjonen av EU-tilpasning og sentraliseringspolitikk kan enhver observere selv. Kj\u00f8r til Sverige og se hvor store deler av landet som ligger brakk.<\/p>\n<p>Nato er historiens sterkeste forsvarsallianse, og v\u00e5r beste strategi er \u00e5 bevare samholdet. Det krever tett samarbeid med USA og v\u00e5re europeiske allierte. Under Senterpartiets ledelse av Forsvarsdepartementet sikret vi en langtidsplan som styrker nasjonal forsvarsevne og oppfyller v\u00e5re forpliktelser. Vi tok initiativ til \u00e5 styrke samarbeidet med Storbritannia, Tyskland, Frankrike og v\u00e5re nordiske naboer \u2013 n\u00e5 alle i Nato. Samtidig er de transatlantiske b\u00e5ndene avgj\u00f8rende og godt forankret, hvor Norge gjennom 80 \u00e5r utviklet et sv\u00e6rt tett forsvars- og sikkerhetspolitisk samarbeid med USA. I en urolig tid m\u00e5 vi verne om disse b\u00e5ndene og bidra til et samlet og sterkt Nato.<\/p>\n<p>        <a itemprop=\"url\" class=\"\" href=\"https:\/\/www.dagsavisen.no\/debatt\/europa-pa-sikkerhetspolitisk-avvenningskur\/10138844\" data-k5a-url=\"https:\/\/www.dagsavisen.no\/a\/10138844\" rel=\"nofollow noopener\" target=\"_blank\"><\/p>\n<p>            Europa p\u00e5 sikkerhetspolitisk avvenningskur<\/p>\n<p>        <\/a><\/p>\n","protected":false},"excerpt":{"rendered":"Dersom vi avgir v\u00e5r suverenitet til EU, f\u00e5r vi den aldri tilbake, skriver Senterpartiets leder Trygve Slagsvold Vedum.&hellip;\n","protected":false},"author":2,"featured_media":134573,"comment_status":"","ping_status":"","sticky":false,"template":"","format":"standard","meta":{"footnotes":""},"categories":[12],"tags":[20,21,24,25,15,22,23,13,30,28,29,14,16,26,27,42,43,44,45],"class_list":{"0":"post-134572","1":"post","2":"type-post","3":"status-publish","4":"format-standard","5":"has-post-thumbnail","7":"category-verden","8":"tag-breaking-news","9":"tag-breakingnews","10":"tag-featured-news","11":"tag-featurednews","12":"tag-headlines","13":"tag-latest-news","14":"tag-latestnews","15":"tag-news","16":"tag-no","17":"tag-norge","18":"tag-norway","19":"tag-nyheter","20":"tag-overskrifter","21":"tag-top-stories","22":"tag-topstories","23":"tag-verden","24":"tag-world","25":"tag-world-news","26":"tag-worldnews"},"share_on_mastodon":{"url":"https:\/\/pubeurope.com\/@no\/115876430048374483","error":""},"_links":{"self":[{"href":"https:\/\/www.europesays.com\/no\/wp-json\/wp\/v2\/posts\/134572","targetHints":{"allow":["GET"]}}],"collection":[{"href":"https:\/\/www.europesays.com\/no\/wp-json\/wp\/v2\/posts"}],"about":[{"href":"https:\/\/www.europesays.com\/no\/wp-json\/wp\/v2\/types\/post"}],"author":[{"embeddable":true,"href":"https:\/\/www.europesays.com\/no\/wp-json\/wp\/v2\/users\/2"}],"replies":[{"embeddable":true,"href":"https:\/\/www.europesays.com\/no\/wp-json\/wp\/v2\/comments?post=134572"}],"version-history":[{"count":0,"href":"https:\/\/www.europesays.com\/no\/wp-json\/wp\/v2\/posts\/134572\/revisions"}],"wp:featuredmedia":[{"embeddable":true,"href":"https:\/\/www.europesays.com\/no\/wp-json\/wp\/v2\/media\/134573"}],"wp:attachment":[{"href":"https:\/\/www.europesays.com\/no\/wp-json\/wp\/v2\/media?parent=134572"}],"wp:term":[{"taxonomy":"category","embeddable":true,"href":"https:\/\/www.europesays.com\/no\/wp-json\/wp\/v2\/categories?post=134572"},{"taxonomy":"post_tag","embeddable":true,"href":"https:\/\/www.europesays.com\/no\/wp-json\/wp\/v2\/tags?post=134572"}],"curies":[{"name":"wp","href":"https:\/\/api.w.org\/{rel}","templated":true}]}}